{"id":1622,"date":"2011-08-05T09:27:02","date_gmt":"2011-08-05T09:27:02","guid":{"rendered":"http:\/\/www.semioticafactual.com\/?p=1622"},"modified":"2011-08-05T09:27:45","modified_gmt":"2011-08-05T09:27:45","slug":"urge-iniciativa-de-ley-que-contemple-cambios-en-materia-educativa-cano-velez%e2%80%8f","status":"publish","type":"post","link":"https:\/\/www.semioticafactual.com\/?p=1622","title":{"rendered":"Urge iniciativa de Ley que contemple cambios en materia educativa: Cano V\u00e9lez\u200f"},"content":{"rendered":"<p><strong>Hermosillo,<br \/>\n<a class=\"highslide\" onclick=\"return vz.expand(this)\" href=\"https:\/\/i0.wp.com\/www.semioticafactual.com\/wp-content\/uploads\/2011\/08\/CANOVELEZeducacion2.jpg\"><img loading=\"lazy\" decoding=\"async\" data-attachment-id=\"1623\" data-permalink=\"https:\/\/www.semioticafactual.com\/?attachment_id=1623\" data-orig-file=\"https:\/\/i0.wp.com\/www.semioticafactual.com\/wp-content\/uploads\/2011\/08\/CANOVELEZeducacion2.jpg?fit=986%2C658&amp;ssl=1\" data-orig-size=\"986,658\" data-comments-opened=\"1\" data-image-meta=\"{&quot;aperture&quot;:&quot;0&quot;,&quot;credit&quot;:&quot;&quot;,&quot;camera&quot;:&quot;&quot;,&quot;caption&quot;:&quot;&quot;,&quot;created_timestamp&quot;:&quot;0&quot;,&quot;copyright&quot;:&quot;&quot;,&quot;focal_length&quot;:&quot;0&quot;,&quot;iso&quot;:&quot;0&quot;,&quot;shutter_speed&quot;:&quot;0&quot;,&quot;title&quot;:&quot;&quot;}\" data-image-title=\"CANOVELEZeducacion2\" data-image-description=\"\" data-image-caption=\"\" data-medium-file=\"https:\/\/i0.wp.com\/www.semioticafactual.com\/wp-content\/uploads\/2011\/08\/CANOVELEZeducacion2.jpg?fit=300%2C200&amp;ssl=1\" data-large-file=\"https:\/\/i0.wp.com\/www.semioticafactual.com\/wp-content\/uploads\/2011\/08\/CANOVELEZeducacion2.jpg?fit=800%2C534&amp;ssl=1\" tabindex=\"0\" role=\"button\" class=\"alignright size-medium wp-image-1623\" title=\"CANOVELEZeducacion2\" src=\"https:\/\/i0.wp.com\/www.semioticafactual.com\/wp-content\/uploads\/2011\/08\/CANOVELEZeducacion2-300x200.jpg?resize=300%2C200\" alt=\"\" width=\"300\" height=\"200\" srcset=\"https:\/\/i0.wp.com\/www.semioticafactual.com\/wp-content\/uploads\/2011\/08\/CANOVELEZeducacion2.jpg?resize=300%2C200&amp;ssl=1 300w, https:\/\/i0.wp.com\/www.semioticafactual.com\/wp-content\/uploads\/2011\/08\/CANOVELEZeducacion2.jpg?w=986&amp;ssl=1 986w\" sizes=\"(max-width: 300px) 100vw, 300px\" data-recalc-dims=\"1\" \/><\/a>Sonora, Agosto 03 del 2011.-<\/strong>Conciente de que una comunidad educada, es generadora de una sociedad responsable, con mayor desarrollo, m\u00e1s productiva y competitiva,<br \/>\nel Diputado Federal por Sonora, Jes\u00fas Alberto Cano V\u00e9lez, propondr\u00e1 en el<br \/>\nCongreso\u00a0 de la Uni\u00f3n, una iniciativa de Ley que contemple cambios en<br \/>\nmateria educativa, principalmente el que nuestros ni\u00f1os y j\u00f3venes permanezcan<br \/>\nmayor tiempo en sus escuelas.<\/p>\n<p>El objetivo fundamental, es que a nuestras actuales y futuras generaciones de mexicanos, reciban en sus aulas materias formativas, de valores \u00e9ticos, morales y c\u00edvicos, as\u00ed como de<br \/>\nparticipaciones art\u00edsticas y manuales que creo se han olvidado en el actual sistema<br \/>\nde educaci\u00f3n, porque ya lo dec\u00eda en una ocasi\u00f3n pit\u00e1goras cuando se refer\u00eda a<br \/>\nla educaci\u00f3n \u00abEducad a los ni\u00f1os y no ser\u00e1 necesario castigar a los<br \/>\nhombres \u00ab.<\/p>\n<p>El legislador sonorense, se\u00f1al\u00f3 adem\u00e1s, que si bien en la actualidad, son diversos los \u00e1mbitos en los cu\u00e1les<br \/>\nrecibimos educaci\u00f3n, el fundamental\u00a0 para el ser humano es precisamente el<br \/>\nformal, aquella educaci\u00f3n que recibimos en nuestras escuelas, colegios,<br \/>\ninstituciones\u00a0 y universidades, mismos que se gu\u00edan por directrices<br \/>\ngubernamentales.<\/p>\n<p>Agreg\u00f3 Cano V\u00e9lez, que si es ah\u00ed precisamente en nuestras escuelas donde recibimos una educaci\u00f3n formativa,<br \/>\nquienes actuamos en pol\u00edtica y de beneficio a la sociedad como somos los legisladores, debemos participar precisamente en incrementar los mecanismos de brindar mayor y mejor\u00a0 educaci\u00f3n a nuestros ni\u00f1os y j\u00f3venes, que permita que las futuras generaciones de mexicanos mayor preparadas y educadas, as\u00ed\u00a0 lograr tener\u00a0 esa sociedad de m\u00e1s desarrollo, competitiva y productiva que<br \/>\nsiempre hemos deseado y so\u00f1ado.<\/p>\n<p>En esta acci\u00f3n educativa, sin lugar a dudas el seno familiar es la mejor escuela, donde se brindan las buenas<br \/>\ncostumbres y buenos comportamientos, debiendo reconocer que la familia es la base del ser humano, donde se nos dan\u00a0 virtudes y actitudes que son elementales\u00a0 para tener un completo bienestar y que es en nuestras escuelas donde se<br \/>\naplican\u00a0 dichas actitudes y aptitudes para la vida diaria. Son nuestras escuelas\u00a0 las que deben\u00a0 tener como\u00a0\u00a0prop\u00f3sito, dise\u00f1ar acciones de ense\u00f1anzas sistem\u00e1ticas, \u00fatiles y aplicables para nuestra vida cotidiana.<\/p>\n<p>Para la prosperidad que buscamos a trav\u00e9s de la educaci\u00f3n, es necesario un mayor esfuerzo de todos los mexicanos,<br \/>\nprecis\u00f3 el Diputado Cano V\u00e9lez, y se\u00f1ala el proverbio chino, que dice: \u201cSi quieres un a\u00f1o de prosperidad, planta arroz; si quieres 10 a\u00f1os de prosperidad, planta un \u00e1rbol;\u00a0 pero si quieres prosperidad para siempre, educa un<br \/>\npueblo\u201d.<\/p>\n<p>&nbsp;<\/p>\n","protected":false},"excerpt":{"rendered":"<p>Hermosillo, Sonora, Agosto 03 del 2011.-Conciente de que una comunidad educada, es generadora de una sociedad responsable, con mayor desarrollo, m\u00e1s productiva y competitiva, el Diputado Federal por Sonora, Jes\u00fas Alberto Cano V\u00e9lez, propondr\u00e1 en el Congreso\u00a0 de la Uni\u00f3n, una iniciativa de Ley que contemple cambios en materia educativa, principalmente el que nuestros ni\u00f1os [&hellip;]<\/p>\n","protected":false},"author":1,"featured_media":0,"comment_status":"open","ping_status":"open","sticky":false,"template":"","format":"standard","meta":{"jetpack_post_was_ever_published":false,"_jetpack_newsletter_access":"","_jetpack_dont_email_post_to_subs":false,"_jetpack_newsletter_tier_id":0,"_jetpack_memberships_contains_paywalled_content":false,"_jetpack_memberships_contains_paid_content":false,"footnotes":"","jetpack_publicize_message":"","jetpack_publicize_feature_enabled":true,"jetpack_social_post_already_shared":false,"jetpack_social_options":{"image_generator_settings":{"template":"highway","enabled":false},"version":2}},"categories":[9],"tags":[],"jetpack_publicize_connections":[],"jetpack_featured_media_url":"","jetpack_shortlink":"https:\/\/wp.me\/p2mzaA-qa","jetpack_sharing_enabled":true,"jetpack_likes_enabled":true,"_links":{"self":[{"href":"https:\/\/www.semioticafactual.com\/index.php?rest_route=\/wp\/v2\/posts\/1622"}],"collection":[{"href":"https:\/\/www.semioticafactual.com\/index.php?rest_route=\/wp\/v2\/posts"}],"about":[{"href":"https:\/\/www.semioticafactual.com\/index.php?rest_route=\/wp\/v2\/types\/post"}],"author":[{"embeddable":true,"href":"https:\/\/www.semioticafactual.com\/index.php?rest_route=\/wp\/v2\/users\/1"}],"replies":[{"embeddable":true,"href":"https:\/\/www.semioticafactual.com\/index.php?rest_route=%2Fwp%2Fv2%2Fcomments&post=1622"}],"version-history":[{"count":2,"href":"https:\/\/www.semioticafactual.com\/index.php?rest_route=\/wp\/v2\/posts\/1622\/revisions"}],"predecessor-version":[{"id":1625,"href":"https:\/\/www.semioticafactual.com\/index.php?rest_route=\/wp\/v2\/posts\/1622\/revisions\/1625"}],"wp:attachment":[{"href":"https:\/\/www.semioticafactual.com\/index.php?rest_route=%2Fwp%2Fv2%2Fmedia&parent=1622"}],"wp:term":[{"taxonomy":"category","embeddable":true,"href":"https:\/\/www.semioticafactual.com\/index.php?rest_route=%2Fwp%2Fv2%2Fcategories&post=1622"},{"taxonomy":"post_tag","embeddable":true,"href":"https:\/\/www.semioticafactual.com\/index.php?rest_route=%2Fwp%2Fv2%2Ftags&post=1622"}],"curies":[{"name":"wp","href":"https:\/\/api.w.org\/{rel}","templated":true}]}}