{"id":1577,"date":"2011-08-05T02:38:15","date_gmt":"2011-08-05T02:38:15","guid":{"rendered":"http:\/\/www.semioticafactual.com\/?p=1577"},"modified":"2011-08-05T08:43:08","modified_gmt":"2011-08-05T08:43:08","slug":"en-la-misma-sesion-se-aprobo-la-ley-que-crea-el-seguro-educativo-para-el-estado-de-sonora-y-dos-decretos","status":"publish","type":"post","link":"https:\/\/www.semioticafactual.com\/?p=1577","title":{"rendered":"Designa Congreso del Estado por unanimidad a cuatro consejeros electorales"},"content":{"rendered":"<p><strong>\u00a0<a class=\"highslide\" onclick=\"return vz.expand(this)\" href=\"https:\/\/i0.wp.com\/www.semioticafactual.com\/wp-content\/uploads\/2011\/08\/sesion1.jpg\"><img loading=\"lazy\" decoding=\"async\" data-attachment-id=\"1616\" data-permalink=\"https:\/\/www.semioticafactual.com\/?attachment_id=1616\" data-orig-file=\"https:\/\/i0.wp.com\/www.semioticafactual.com\/wp-content\/uploads\/2011\/08\/sesion1-e1312533771228.jpg?fit=460%2C306&amp;ssl=1\" data-orig-size=\"460,306\" data-comments-opened=\"1\" data-image-meta=\"{&quot;aperture&quot;:&quot;0&quot;,&quot;credit&quot;:&quot;Joel Garc\\u00c3\\u00ada\\\/Congreso del Estado&quot;,&quot;camera&quot;:&quot;&quot;,&quot;caption&quot;:&quot;&quot;,&quot;created_timestamp&quot;:&quot;1312466293&quot;,&quot;copyright&quot;:&quot;&quot;,&quot;focal_length&quot;:&quot;0&quot;,&quot;iso&quot;:&quot;0&quot;,&quot;shutter_speed&quot;:&quot;0&quot;,&quot;title&quot;:&quot;&quot;}\" data-image-title=\"sesion\" data-image-description=\"\" data-image-caption=\"\" data-medium-file=\"https:\/\/i0.wp.com\/www.semioticafactual.com\/wp-content\/uploads\/2011\/08\/sesion1-e1312533771228.jpg?fit=300%2C200&amp;ssl=1\" data-large-file=\"https:\/\/i0.wp.com\/www.semioticafactual.com\/wp-content\/uploads\/2011\/08\/sesion1-e1312533771228.jpg?fit=460%2C306&amp;ssl=1\" tabindex=\"0\" role=\"button\" class=\"alignright size-medium wp-image-1616\" title=\"sesion\" src=\"https:\/\/i0.wp.com\/www.semioticafactual.com\/wp-content\/uploads\/2011\/08\/sesion1-300x200.jpg?resize=300%2C200\" alt=\"\" width=\"300\" height=\"200\" data-recalc-dims=\"1\" \/><\/a><\/strong><strong>Hermosillo, Son. 4 de agosto de 2011.-<\/strong> El Congreso del Estado aprob\u00f3 por unanimidad la designaci\u00f3n de los ciudadanos\u00a0 \u00d3scar Germ\u00e1n Rom\u00e1n Portela, Sara Blanca Moreno y Francisco Javier Zavala Segura como consejeros propietarios, y de Olga Luc\u00eda Seldner Liz\u00e1rraga como consejero suplente com\u00fan,\u00a0 para los procesos electorales de 2012 y de 2015 al frente del Consejo Estatal Electoral.<\/p>\n<p>En sesi\u00f3n extraordinaria que fue convocada por la Diputaci\u00f3n Permanente, el Pleno legislativo tambi\u00e9n aprob\u00f3 por unanimidad la Ley que Crea el Seguro Educativo para el Estado de Sonora, as\u00ed como presentar una iniciativa ante el H. Congreso de la Uni\u00f3n, para que sea \u00e9ste quien fije las tarifas el\u00e9ctricas en el Pa\u00eds y la adici\u00f3n del Art\u00edculo 122 Bis a la Ley de Ordenamiento Territorial y Desarrollo Urbano del Estado de Sonora.<\/p>\n<p>A propuesta del diputado Bulmaro Pacheco Moreno fue retirado del Orden del D\u00eda el dictamen que presentar\u00eda la Comisi\u00f3n de Gobernaci\u00f3n y Puntos Constitucionales, con punto de acuerdo relativo a la admisi\u00f3n de la solicitud de remoci\u00f3n contra tres ciudadanos consejeros electorales, bajo el argumento de que dicho asunto se analizar\u00eda en otra sesi\u00f3n.<\/p>\n<p>Para esta sesi\u00f3n la mesa directiva estuvo integrada por los diputados Ra\u00fal Acosta Tapia, presidente; C\u00e9sar Augusto Marcor Ram\u00edrez, vicepresidente; H\u00e9ctor Ulises Crist\u00f3pulos R\u00edos, primer secretario; Mois\u00e9s Ignacio Casal D\u00edaz, segundo secretario y Flor Ayala Robles Linares, suplente.<\/p>\n<p>El ciudadano \u00d3scar Germ\u00e1n Rom\u00e1n Portela es Licenciado en Derecho egresado de la Universidad de Sonora y cuenta con Maestr\u00eda en Estudios Pol\u00edticos y Sociales por la Universidad Nacional Aut\u00f3noma de M\u00e9xico. Ha sido jefe de Licitaciones del ISSSTESON, coordinador t\u00e9cnico de la Unidad de Licitaciones y de la Unidad de Planeaci\u00f3n en el mismo Instituto.<\/p>\n<p>La ciudadana Sara Blanco Moreno es Licenciada en Derecho egresada de la Universidad de Sonora, con experiencia laboral en el Centro de Estudios Superiores del Estado de Sonora, adem\u00e1s de haber fungido como consejero electoral de 2005 a 2006, como consejero distrital electoral de 2002 a 2003 y de desempe\u00f1arse en la Secretar\u00eda de Relaciones Exteriores, Delegaci\u00f3n Hermosillo, de 1995 a 2000.<\/p>\n<p>El ciudadano Francisco Javier Zavala Segura tambi\u00e9n es Licenciado en Derecho egresado de la Universidad de Sonora, con Maestr\u00eda en Amparo por la Universidad Durango Santander, Campus Hermosillo y con experiencia como coordinador jur\u00eddico en despachos de abogados.<\/p>\n<p>La ciudadana Olga Luc\u00eda Seldner Liz\u00e1rraga es Licenciada en Econom\u00eda egresada de la Universidad de Sonora y pasante de la Maestr\u00eda en Ciencias Sociales, especialidad en Pol\u00edticas P\u00fablicas por El Colegio de Sonora, adem\u00e1s de haber fungido como consejero electoral del Instituto Federal Electoral en el Consejo local del Estado de Sonora, durante los procesos federales octubre de 2005 a agosto de 2006 y octubre de 2008 a agosto de 2009.<\/p>\n<p>La propuesta con los nombres de los cuatro ciudadanos fue presentada por el diputado Bulmaro Pacheco Moreno y sometida a votaci\u00f3n del Pleno, el cual la aprob\u00f3 por unanimidad. Previamente se<\/p>\n<p>registraron las intervenciones de los diputados Jos\u00e9 Guadalupe Curiel, Enrique Reina Liz\u00e1rraga y Roberto Ruibal Astiazar\u00e1n, quienes destacaron el acuerdo alcanzado para la selecci\u00f3n de los perfiles que se espera realicen un trabajo profesional y transparente al frente del Consejo Estatal Electoral.<\/p>\n<p><strong>Aprobada nueva Ley y dos decretos<\/strong><\/p>\n<p>En la misma sesi\u00f3n fue aprobada por unanimidad la Ley que Crea el Seguro Educativo para el Estado de Sonora, que tiene por objeto que los estudiantes inscritos en escuelas p\u00fablicas del Estado en los niveles de Primaria, Secundaria y Media Superior, tengan el derecho a recibir una pensi\u00f3n mensual cuando el padre, la madre o el tutor responsable de la manutenci\u00f3n fallezca, o bien, caiga de manera total o permanente en estado de incapacidad o invalidez.<\/p>\n<p>El diputado Reginaldo Duarte \u00cd\u00f1igo, autor de la iniciativa, le dio segunda lectura al dictamen presentado por la Comisi\u00f3n de Educaci\u00f3n y Cultura, en el cual destaca adem\u00e1s que se establecer\u00e1 el derecho a recibir una pensi\u00f3n mensual no menor a la mitad del salario m\u00ednimo vigente en la zona laboral en la que curse sus estudios, misma que tendr\u00e1 una vigencia comprendida desde el momento que se presente el siniestro hasta que culmine el nivel Medio Superior, siempre y cuando residan en el Estado y cuenten con una edad m\u00ednima de seis a\u00f1os y una m\u00e1xima de 18.<\/p>\n<p>Para cumplir con lo anterior, el titular del Ejecutivo en el Estado deber\u00e1 incluir en el proyecto de presupuesto de egresos del ejercicio fiscal correspondiente, las asignaciones y previsiones presupuestales necesarias para hacer efectivo el derecho a la pensi\u00f3n establecida en el dictamen y que permita al beneficiario la permanencia escolar y la continuidad de sus estudios hasta el nivel Medio Superior.<\/p>\n<p>Asimismo fue aprobado el Acuerdo por el cual el Congreso del Estado resuelve presentar ante el H. Congreso de la Uni\u00f3n una iniciativa de decreto para reformar, derogar y adicionar diversas disposiciones de la Ley del Servicio P\u00fablico de Energ\u00eda El\u00e9ctrica, de la Ley Federal de Derechos, de la Ley de la Comisi\u00f3n Reguladora de Energ\u00eda y del C\u00f3digo Fiscal de la Federaci\u00f3n.<\/p>\n<p>A nombre de la Comisi\u00f3n de Energ\u00eda y Medio Ambiente, el diputado Faustino F\u00e9lix Ch\u00e1vez dio lectura a la propuesta que busca sea la C\u00e1mara Baja la que fije las tarifas de energ\u00eda el\u00e9ctrica en el Pa\u00eds, debido a que son constantes los reclamos de la ciudadanos sobre la prestaci\u00f3n del servicio de energ\u00eda el\u00e9ctrica, pues consideran que las formas con las que se calcula o determina el cobro por consumo no obedecen a las condiciones climatol\u00f3gicas, econ\u00f3micas ni sociales del Pa\u00eds.<\/p>\n<p>El criterio para fijar tarifas de energ\u00eda el\u00e9ctrica debe considerar diversos factores, los cuales deben ir acordes a los estudios que se realizan para medir el costo de la generaci\u00f3n de energ\u00eda, la situaci\u00f3n socioecon\u00f3mica de la poblaci\u00f3n, la situaci\u00f3n climatol\u00f3gica de la diversa geograf\u00eda nacional y debe realizarse por un grupo interdisciplinario con representatividad plural, destaca el dictamen.<\/p>\n<p>Agrega que, independientemente de las estrategias del Gobierno Federal para eliminar paulatinamente el subsidio a las tarifas de energ\u00eda el\u00e9ctrica, este Poder Legislativo siempre se ha manifestado, junto con la sociedad civil, ya sea mediante exhortos a las autoridades federales para la b\u00fasqueda de mecanismos que vengan a solucionar esta situaci\u00f3n.<\/p>\n<p>Otro de los puntos aprobados fue el dictamen con proyecto de Decreto que adiciona el Art\u00edculo 122 Bis a la Ley de Ordenamiento Territorial y Desarrollo Urbano del Estado de Sonora, presentado por la<\/p>\n<p>Comisi\u00f3n de Presupuestos y Asuntos Municipales, al que dio lectura el diputado David Cuauht\u00e9moc Galindo Delgado.<\/p>\n<p>El objetivo es fortalecer la seguridad y el inter\u00e9s p\u00fablico, proteger el medio ambiente y regular la instalaci\u00f3n de las estaciones de servicio denominadas \u201cgasolineras\u201d, ya que resulta necesario establecer, espec\u00edficamente, reglas jur\u00eddicas bajo las cuales habr\u00e1n de operar, para lo cual debe procurarse enfatizar en el cuidado de elementos esenciales para el ser humano, tales como la seguridad de las personas y el cuidado del medio ambiente.<\/p>\n<p>Entre otros aspectos, el referido Art\u00edculo 122 Bis establece que, en el ordenamiento territorial, que comprende la zonificaci\u00f3n de las \u00e1reas y los usos del suelo, destinos y reservas territoriales en el Estado de Sonora, se determinar\u00e1n los pol\u00edgonos para la ubicaci\u00f3n de estaciones de servicio denominadas gasolineras, y los predios deber\u00e1n localizarse sobre accesos a carreteras, autopistas, libramientos, v\u00edas primarias o principales.<\/p>\n<p>Adem\u00e1s de que las estaciones de servicio con venta directa al p\u00fablico o de autoconsumo cumplir\u00e1n con las disposiciones en materia de Protecci\u00f3n Civil, ambiental, de seguridad y dem\u00e1s legislaci\u00f3n aplicable, y se ubicar\u00e1n a una distancia de, cuando menos,\u00a0 1 mil metros en forma radial una de otra, dentro de la zona urbana, y de 10 mil metros cuando su ubicaci\u00f3n sea en carreteras concesionadas, federales, estatales y secundarias.<\/p>\n","protected":false},"excerpt":{"rendered":"<p>\u00a0Hermosillo, Son. 4 de agosto de 2011.- El Congreso del Estado aprob\u00f3 por unanimidad la designaci\u00f3n de los ciudadanos\u00a0 \u00d3scar Germ\u00e1n Rom\u00e1n Portela, Sara Blanca Moreno y Francisco Javier Zavala Segura como consejeros propietarios, y de Olga Luc\u00eda Seldner Liz\u00e1rraga como consejero suplente com\u00fan,\u00a0 para los procesos electorales de 2012 y de 2015 al frente [&hellip;]<\/p>\n","protected":false},"author":1,"featured_media":0,"comment_status":"open","ping_status":"open","sticky":false,"template":"","format":"standard","meta":{"jetpack_post_was_ever_published":false,"_jetpack_newsletter_access":"","_jetpack_dont_email_post_to_subs":false,"_jetpack_newsletter_tier_id":0,"_jetpack_memberships_contains_paywalled_content":false,"_jetpack_memberships_contains_paid_content":false,"footnotes":"","jetpack_publicize_message":"","jetpack_publicize_feature_enabled":true,"jetpack_social_post_already_shared":false,"jetpack_social_options":{"image_generator_settings":{"template":"highway","enabled":false},"version":2}},"categories":[1,14],"tags":[],"jetpack_publicize_connections":[],"jetpack_featured_media_url":"","jetpack_shortlink":"https:\/\/wp.me\/p2mzaA-pr","jetpack_sharing_enabled":true,"jetpack_likes_enabled":true,"_links":{"self":[{"href":"https:\/\/www.semioticafactual.com\/index.php?rest_route=\/wp\/v2\/posts\/1577"}],"collection":[{"href":"https:\/\/www.semioticafactual.com\/index.php?rest_route=\/wp\/v2\/posts"}],"about":[{"href":"https:\/\/www.semioticafactual.com\/index.php?rest_route=\/wp\/v2\/types\/post"}],"author":[{"embeddable":true,"href":"https:\/\/www.semioticafactual.com\/index.php?rest_route=\/wp\/v2\/users\/1"}],"replies":[{"embeddable":true,"href":"https:\/\/www.semioticafactual.com\/index.php?rest_route=%2Fwp%2Fv2%2Fcomments&post=1577"}],"version-history":[{"count":5,"href":"https:\/\/www.semioticafactual.com\/index.php?rest_route=\/wp\/v2\/posts\/1577\/revisions"}],"predecessor-version":[{"id":1581,"href":"https:\/\/www.semioticafactual.com\/index.php?rest_route=\/wp\/v2\/posts\/1577\/revisions\/1581"}],"wp:attachment":[{"href":"https:\/\/www.semioticafactual.com\/index.php?rest_route=%2Fwp%2Fv2%2Fmedia&parent=1577"}],"wp:term":[{"taxonomy":"category","embeddable":true,"href":"https:\/\/www.semioticafactual.com\/index.php?rest_route=%2Fwp%2Fv2%2Fcategories&post=1577"},{"taxonomy":"post_tag","embeddable":true,"href":"https:\/\/www.semioticafactual.com\/index.php?rest_route=%2Fwp%2Fv2%2Ftags&post=1577"}],"curies":[{"name":"wp","href":"https:\/\/api.w.org\/{rel}","templated":true}]}}