{"id":1479,"date":"2011-08-04T19:47:05","date_gmt":"2011-08-04T19:47:05","guid":{"rendered":"http:\/\/www.semioticafactual.com\/?p=1479"},"modified":"2011-08-04T22:07:27","modified_gmt":"2011-08-04T22:07:27","slug":"entrevista-con-el-presidente-del-congreso-por-el-estado-de-sonora-dip-marco-antonio-ramirez-wakamatzu","status":"publish","type":"post","link":"https:\/\/www.semioticafactual.com\/?p=1479","title":{"rendered":"Entrevista con el  Dip. del Pri en el Congreso de Sonora Marco Antonio R\u00e1mirez Wakamatzu"},"content":{"rendered":"<p>Por Carlos Armando Briones<\/p>\n<p><a class=\"highslide\" onclick=\"return vz.expand(this)\" href=\"https:\/\/i0.wp.com\/www.semioticafactual.com\/wp-content\/uploads\/2011\/08\/DSC03878.jpg\"><img loading=\"lazy\" decoding=\"async\" data-attachment-id=\"1481\" data-permalink=\"https:\/\/www.semioticafactual.com\/?attachment_id=1481\" data-orig-file=\"https:\/\/i0.wp.com\/www.semioticafactual.com\/wp-content\/uploads\/2011\/08\/DSC03878.jpg?fit=640%2C480&amp;ssl=1\" data-orig-size=\"640,480\" data-comments-opened=\"1\" data-image-meta=\"{&quot;aperture&quot;:&quot;0&quot;,&quot;credit&quot;:&quot;&quot;,&quot;camera&quot;:&quot;&quot;,&quot;caption&quot;:&quot;&quot;,&quot;created_timestamp&quot;:&quot;0&quot;,&quot;copyright&quot;:&quot;&quot;,&quot;focal_length&quot;:&quot;0&quot;,&quot;iso&quot;:&quot;0&quot;,&quot;shutter_speed&quot;:&quot;0&quot;,&quot;title&quot;:&quot;&quot;}\" data-image-title=\"DSC03878\" data-image-description=\"\" data-image-caption=\"\" data-medium-file=\"https:\/\/i0.wp.com\/www.semioticafactual.com\/wp-content\/uploads\/2011\/08\/DSC03878.jpg?fit=300%2C225&amp;ssl=1\" data-large-file=\"https:\/\/i0.wp.com\/www.semioticafactual.com\/wp-content\/uploads\/2011\/08\/DSC03878.jpg?fit=640%2C480&amp;ssl=1\" tabindex=\"0\" role=\"button\" class=\"alignleft size-medium wp-image-1481\" title=\"DSC03878\" src=\"https:\/\/i0.wp.com\/www.semioticafactual.com\/wp-content\/uploads\/2011\/08\/DSC03878-300x225.jpg?resize=300%2C225\" alt=\"\" width=\"300\" height=\"225\" srcset=\"https:\/\/i0.wp.com\/www.semioticafactual.com\/wp-content\/uploads\/2011\/08\/DSC03878.jpg?resize=300%2C225&amp;ssl=1 300w, https:\/\/i0.wp.com\/www.semioticafactual.com\/wp-content\/uploads\/2011\/08\/DSC03878.jpg?w=640&amp;ssl=1 640w\" sizes=\"(max-width: 300px) 100vw, 300px\" data-recalc-dims=\"1\" \/><\/a>\u00a0El Diputado del Pri por el\u00a0Congreso de Sonora,\u00a0Marco Antonio R\u00e1mirez Wakamatzu, habla en entrevista sobre de la renovaci\u00f2n de consejeros, su agenda legislativa y sobre larenuncia voluntaria de los delegados de PGR en 21 entidades del pa\u00eds incluyendo en estado de Sonora.<\/p>\n<p>\u00a0Respecto al tema electoral\u00a0despues de\u00a0la resoluci\u00f2n del Tribunal\u00a0Trife dijo, que no era necesario llegar a los tribunales para restituir a los consejeros; en el tema de\u00a0seguridad\u00a0se\u00f1al\u00f3 que la ciudadania debe saber que es lo que esta pasando en la PGR por la renuncia voluntaria de los 21 delegados en difertentes entidades del pa\u00eds; tambien inform\u00f3 sobre\u00a0la importancia de bajar recursos para el consumo de agua potable en escuelas de educaci\u00f2n basica en Sonora y\u00a0regularizacion de reserva territorial, para\u00a0 activar recursos federales\u00a0de los\u00a0ayuntamientos. El video\u00a0tiene\u00a0TRES PARTES\u00a0en la Primera habla sobre el tema de seguridad p\u00fablica, en la\u00a0SEGUNDA sobre sobre su agenda legislativa y el TERCER sobre el\u00a0pol\u00e9mico tema de los consejeros.<\/p>\n","protected":false},"excerpt":{"rendered":"<p>Por Carlos Armando Briones \u00a0El Diputado del Pri por el\u00a0Congreso de Sonora,\u00a0Marco Antonio R\u00e1mirez Wakamatzu, habla en entrevista sobre de la renovaci\u00f2n de consejeros, su agenda legislativa y sobre larenuncia voluntaria de los delegados de PGR en 21 entidades del pa\u00eds incluyendo en estado de Sonora. \u00a0Respecto al tema electoral\u00a0despues de\u00a0la resoluci\u00f2n del Tribunal\u00a0Trife dijo, [&hellip;]<\/p>\n","protected":false},"author":1,"featured_media":0,"comment_status":"open","ping_status":"open","sticky":false,"template":"","format":"standard","meta":{"jetpack_post_was_ever_published":false,"_jetpack_newsletter_access":"","_jetpack_dont_email_post_to_subs":false,"_jetpack_newsletter_tier_id":0,"_jetpack_memberships_contains_paywalled_content":false,"_jetpack_memberships_contains_paid_content":false,"footnotes":"","jetpack_publicize_message":"","jetpack_publicize_feature_enabled":true,"jetpack_social_post_already_shared":false,"jetpack_social_options":{"image_generator_settings":{"template":"highway","enabled":false},"version":2}},"categories":[1,14,17],"tags":[],"jetpack_publicize_connections":[],"jetpack_featured_media_url":"","jetpack_shortlink":"https:\/\/wp.me\/p2mzaA-nR","jetpack_sharing_enabled":true,"jetpack_likes_enabled":true,"_links":{"self":[{"href":"https:\/\/www.semioticafactual.com\/index.php?rest_route=\/wp\/v2\/posts\/1479"}],"collection":[{"href":"https:\/\/www.semioticafactual.com\/index.php?rest_route=\/wp\/v2\/posts"}],"about":[{"href":"https:\/\/www.semioticafactual.com\/index.php?rest_route=\/wp\/v2\/types\/post"}],"author":[{"embeddable":true,"href":"https:\/\/www.semioticafactual.com\/index.php?rest_route=\/wp\/v2\/users\/1"}],"replies":[{"embeddable":true,"href":"https:\/\/www.semioticafactual.com\/index.php?rest_route=%2Fwp%2Fv2%2Fcomments&post=1479"}],"version-history":[{"count":14,"href":"https:\/\/www.semioticafactual.com\/index.php?rest_route=\/wp\/v2\/posts\/1479\/revisions"}],"predecessor-version":[{"id":1485,"href":"https:\/\/www.semioticafactual.com\/index.php?rest_route=\/wp\/v2\/posts\/1479\/revisions\/1485"}],"wp:attachment":[{"href":"https:\/\/www.semioticafactual.com\/index.php?rest_route=%2Fwp%2Fv2%2Fmedia&parent=1479"}],"wp:term":[{"taxonomy":"category","embeddable":true,"href":"https:\/\/www.semioticafactual.com\/index.php?rest_route=%2Fwp%2Fv2%2Fcategories&post=1479"},{"taxonomy":"post_tag","embeddable":true,"href":"https:\/\/www.semioticafactual.com\/index.php?rest_route=%2Fwp%2Fv2%2Ftags&post=1479"}],"curies":[{"name":"wp","href":"https:\/\/api.w.org\/{rel}","templated":true}]}}