{"id":1472,"date":"2011-08-04T03:08:41","date_gmt":"2011-08-04T03:08:41","guid":{"rendered":"http:\/\/www.semioticafactual.com\/?p=1472"},"modified":"2011-08-04T03:08:41","modified_gmt":"2011-08-04T03:08:41","slug":"sonora-es-un-estado-lider-en-los-rubros-de-construccion-y-produccion-de-energia-solar","status":"publish","type":"post","link":"https:\/\/www.semioticafactual.com\/?p=1472","title":{"rendered":"Sonora es un estado l\u00edder en los rubros de construcci\u00f3n y producci\u00f3n de energ\u00eda solar"},"content":{"rendered":"<p><strong><a class=\"highslide\" onclick=\"return vz.expand(this)\" href=\"https:\/\/i0.wp.com\/www.semioticafactual.com\/wp-content\/uploads\/2011\/08\/Sitten-y-Mieres1.jpg\"><img loading=\"lazy\" decoding=\"async\" data-attachment-id=\"1474\" data-permalink=\"https:\/\/www.semioticafactual.com\/?attachment_id=1474\" data-orig-file=\"https:\/\/i0.wp.com\/www.semioticafactual.com\/wp-content\/uploads\/2011\/08\/Sitten-y-Mieres1.jpg?fit=800%2C600&amp;ssl=1\" data-orig-size=\"800,600\" data-comments-opened=\"1\" data-image-meta=\"{&quot;aperture&quot;:&quot;0&quot;,&quot;credit&quot;:&quot;&quot;,&quot;camera&quot;:&quot;&quot;,&quot;caption&quot;:&quot;&quot;,&quot;created_timestamp&quot;:&quot;0&quot;,&quot;copyright&quot;:&quot;&quot;,&quot;focal_length&quot;:&quot;0&quot;,&quot;iso&quot;:&quot;0&quot;,&quot;shutter_speed&quot;:&quot;0&quot;,&quot;title&quot;:&quot;&quot;}\" data-image-title=\"Sitten y Mieres1\" data-image-description=\"\" data-image-caption=\"\" data-medium-file=\"https:\/\/i0.wp.com\/www.semioticafactual.com\/wp-content\/uploads\/2011\/08\/Sitten-y-Mieres1.jpg?fit=300%2C225&amp;ssl=1\" data-large-file=\"https:\/\/i0.wp.com\/www.semioticafactual.com\/wp-content\/uploads\/2011\/08\/Sitten-y-Mieres1.jpg?fit=800%2C600&amp;ssl=1\" tabindex=\"0\" role=\"button\" class=\"alignright size-medium wp-image-1474\" title=\"Sitten y Mieres1\" src=\"https:\/\/i0.wp.com\/www.semioticafactual.com\/wp-content\/uploads\/2011\/08\/Sitten-y-Mieres1-300x225.jpg?resize=300%2C225\" alt=\"\" width=\"300\" height=\"225\" srcset=\"https:\/\/i0.wp.com\/www.semioticafactual.com\/wp-content\/uploads\/2011\/08\/Sitten-y-Mieres1.jpg?resize=300%2C225&amp;ssl=1 300w, https:\/\/i0.wp.com\/www.semioticafactual.com\/wp-content\/uploads\/2011\/08\/Sitten-y-Mieres1.jpg?w=800&amp;ssl=1 800w\" sizes=\"(max-width: 300px) 100vw, 300px\" data-recalc-dims=\"1\" \/><\/a>HERMOSILLO, SON., A 03 DE AGOSTO DEL 2011.- <\/strong>Sonora es un estado l\u00edder en la construcci\u00f3n y en la producci\u00f3n de energ\u00eda solar, destac\u00f3 el consultor espa\u00f1ol, Juan Manuel Mieres Royo, Director General de la Empresa internacional Sonlitel, invitado de Jes\u00fas Roberto Sitten Ayala, para asesorar a los socios de la CMIC delegaci\u00f3n Sonora.<\/p>\n<p>El Presidente de la C\u00e1mara Mexicana de la Industria de la Construcci\u00f3n (CMIC) delegaci\u00f3n Sonora, est\u00e1 desarrollando un plan estrat\u00e9gico para desarrollar la automatizaci\u00f3n de la industria, a fin de que los empresarios de Sonora puedan competir en los \u00e1mbitos de construcci\u00f3n y energ\u00eda a nivel mundial.<\/p>\n<p>Por esta raz\u00f3n, invit\u00f3 al consultor espa\u00f1ol quien actualmente participa en 18 proyectos internacionales de investigaci\u00f3n y asesora a 25 importantes empresas de la Comunidad Europea, a impartir la conferencia magistral: \u201cTecnolog\u00edas Avanzadas en la Construcci\u00f3n\u201d<\/p>\n<p>\u201cEstamos formando un plan estrat\u00e9gico a mediano plazo para desarrollar la industria de la construcci\u00f3n en las nuevas tecnolog\u00edas y hacerla m\u00e1s competitiva en precio y calidad, porque queremos ser los punteros en esta \u00e1rea y ya lo estamos llevando a cabo\u201d, expres\u00f3 el representante de los constructores sonorenses.<\/p>\n<p>Queremos ver lo que est\u00e1n haciendo otros pa\u00edses para ponernos a la altura de ellos y para eso tenemos que automatizar todo lo que tiene que ver con la industria, agua potable, infraestructura y electrificaci\u00f3n, precis\u00f3.<\/p>\n<p>En el marco de la ponencia magistral \u00a0Mieres Royo, destac\u00f3 que Sonora es\u00a0 un estado l\u00edder tanto en la construcci\u00f3n como en la producci\u00f3n de energ\u00eda solar y reconoci\u00f3 el trabajo del Presidente de la CMIC delegaci\u00f3n Sonora, Jes\u00fas Roberto Sitten Ayala por impulsar el conocimiento y desarrollo de nuevas tecnolog\u00edas con software de vanguardia.<\/p>\n<p>El proyecto de transferir tecnolog\u00eda a las empresas es un plan muy ambicioso de la CMIC Sonora, el cual se impulsa desde la capacitaci\u00f3n a estudiantes y maestros universitarios, y por lo que se ve el movimiento de innovaci\u00f3n tecnol\u00f3gica no va a parar, augur\u00f3 el experto.<\/p>\n<p>Participaron en esta ponencia Marcos Gluyas, Vicepresidente del Desarrollo Urbano de la CMIC; Ricardo Platt, ex Presidente Nacional de la CMIC, Jorge Enrique Guzm\u00e1n, Vicepresidente del sector Desarrollo Urbano; Miguel Angel Ayala Guerrero, Vicepresidente del Sector Comunicaciones y Transportes;<\/p>\n<p>Jos\u00e9 Pablo Garc\u00eda, Coordinador de Avances Tecnol\u00f3gicos y socios.<\/p>\n","protected":false},"excerpt":{"rendered":"<p>HERMOSILLO, SON., A 03 DE AGOSTO DEL 2011.- Sonora es un estado l\u00edder en la construcci\u00f3n y en la producci\u00f3n de energ\u00eda solar, destac\u00f3 el consultor espa\u00f1ol, Juan Manuel Mieres Royo, Director General de la Empresa internacional Sonlitel, invitado de Jes\u00fas Roberto Sitten Ayala, para asesorar a los socios de la CMIC delegaci\u00f3n Sonora. El [&hellip;]<\/p>\n","protected":false},"author":1,"featured_media":0,"comment_status":"open","ping_status":"open","sticky":false,"template":"","format":"standard","meta":{"jetpack_post_was_ever_published":false,"_jetpack_newsletter_access":"","_jetpack_dont_email_post_to_subs":false,"_jetpack_newsletter_tier_id":0,"_jetpack_memberships_contains_paywalled_content":false,"_jetpack_memberships_contains_paid_content":false,"footnotes":"","jetpack_publicize_message":"","jetpack_publicize_feature_enabled":true,"jetpack_social_post_already_shared":false,"jetpack_social_options":{"image_generator_settings":{"template":"highway","enabled":false},"version":2}},"categories":[16],"tags":[],"jetpack_publicize_connections":[],"jetpack_featured_media_url":"","jetpack_shortlink":"https:\/\/wp.me\/p2mzaA-nK","jetpack_sharing_enabled":true,"jetpack_likes_enabled":true,"_links":{"self":[{"href":"https:\/\/www.semioticafactual.com\/index.php?rest_route=\/wp\/v2\/posts\/1472"}],"collection":[{"href":"https:\/\/www.semioticafactual.com\/index.php?rest_route=\/wp\/v2\/posts"}],"about":[{"href":"https:\/\/www.semioticafactual.com\/index.php?rest_route=\/wp\/v2\/types\/post"}],"author":[{"embeddable":true,"href":"https:\/\/www.semioticafactual.com\/index.php?rest_route=\/wp\/v2\/users\/1"}],"replies":[{"embeddable":true,"href":"https:\/\/www.semioticafactual.com\/index.php?rest_route=%2Fwp%2Fv2%2Fcomments&post=1472"}],"version-history":[{"count":2,"href":"https:\/\/www.semioticafactual.com\/index.php?rest_route=\/wp\/v2\/posts\/1472\/revisions"}],"predecessor-version":[{"id":1475,"href":"https:\/\/www.semioticafactual.com\/index.php?rest_route=\/wp\/v2\/posts\/1472\/revisions\/1475"}],"wp:attachment":[{"href":"https:\/\/www.semioticafactual.com\/index.php?rest_route=%2Fwp%2Fv2%2Fmedia&parent=1472"}],"wp:term":[{"taxonomy":"category","embeddable":true,"href":"https:\/\/www.semioticafactual.com\/index.php?rest_route=%2Fwp%2Fv2%2Fcategories&post=1472"},{"taxonomy":"post_tag","embeddable":true,"href":"https:\/\/www.semioticafactual.com\/index.php?rest_route=%2Fwp%2Fv2%2Ftags&post=1472"}],"curies":[{"name":"wp","href":"https:\/\/api.w.org\/{rel}","templated":true}]}}