{"id":1469,"date":"2011-08-04T03:01:47","date_gmt":"2011-08-04T03:01:47","guid":{"rendered":"http:\/\/www.semioticafactual.com\/?p=1469"},"modified":"2011-08-04T03:01:47","modified_gmt":"2011-08-04T03:01:47","slug":"celebrara-el-pleno-sesion-extraordinaria-este-jueves-4-de-agosto","status":"publish","type":"post","link":"https:\/\/www.semioticafactual.com\/?p=1469","title":{"rendered":"Celebrar\u00e1 el Pleno sesi\u00f3n extraordinaria este jueves 4 de agosto"},"content":{"rendered":"<p><strong><a class=\"highslide\" onclick=\"return vz.expand(this)\" href=\"https:\/\/i0.wp.com\/www.semioticafactual.com\/wp-content\/uploads\/2011\/08\/Sesin-de-la-Permanente-3-02VIII11.jpg\"><img loading=\"lazy\" decoding=\"async\" data-attachment-id=\"1470\" data-permalink=\"https:\/\/www.semioticafactual.com\/?attachment_id=1470\" data-orig-file=\"https:\/\/i0.wp.com\/www.semioticafactual.com\/wp-content\/uploads\/2011\/08\/Sesin-de-la-Permanente-3-02VIII11.jpg?fit=1400%2C933&amp;ssl=1\" data-orig-size=\"1400,933\" data-comments-opened=\"1\" data-image-meta=\"{&quot;aperture&quot;:&quot;0&quot;,&quot;credit&quot;:&quot;&quot;,&quot;camera&quot;:&quot;&quot;,&quot;caption&quot;:&quot;&quot;,&quot;created_timestamp&quot;:&quot;0&quot;,&quot;copyright&quot;:&quot;&quot;,&quot;focal_length&quot;:&quot;0&quot;,&quot;iso&quot;:&quot;0&quot;,&quot;shutter_speed&quot;:&quot;0&quot;,&quot;title&quot;:&quot;&quot;}\" data-image-title=\"Sesin de la Permanente 3-02VIII11\" data-image-description=\"\" data-image-caption=\"\" data-medium-file=\"https:\/\/i0.wp.com\/www.semioticafactual.com\/wp-content\/uploads\/2011\/08\/Sesin-de-la-Permanente-3-02VIII11.jpg?fit=300%2C199&amp;ssl=1\" data-large-file=\"https:\/\/i0.wp.com\/www.semioticafactual.com\/wp-content\/uploads\/2011\/08\/Sesin-de-la-Permanente-3-02VIII11.jpg?fit=800%2C533&amp;ssl=1\" tabindex=\"0\" role=\"button\" class=\"alignleft size-medium wp-image-1470\" title=\"Sesin de la Permanente 3-02VIII11\" src=\"https:\/\/i0.wp.com\/www.semioticafactual.com\/wp-content\/uploads\/2011\/08\/Sesin-de-la-Permanente-3-02VIII11-300x199.jpg?resize=300%2C199\" alt=\"\" width=\"300\" height=\"199\" srcset=\"https:\/\/i0.wp.com\/www.semioticafactual.com\/wp-content\/uploads\/2011\/08\/Sesin-de-la-Permanente-3-02VIII11.jpg?resize=300%2C199&amp;ssl=1 300w, https:\/\/i0.wp.com\/www.semioticafactual.com\/wp-content\/uploads\/2011\/08\/Sesin-de-la-Permanente-3-02VIII11.jpg?resize=1024%2C682&amp;ssl=1 1024w, https:\/\/i0.wp.com\/www.semioticafactual.com\/wp-content\/uploads\/2011\/08\/Sesin-de-la-Permanente-3-02VIII11.jpg?w=1400&amp;ssl=1 1400w\" sizes=\"(max-width: 300px) 100vw, 300px\" data-recalc-dims=\"1\" \/><\/a>Hermosillo, Son. 2 de agosto de 2011.-<\/strong> Para continuar con el desahogo del proceso legislativo inherente a diversas iniciativas presentadas por integrantes de la 59 Legislatura y resolver sobre la procedencia de admisi\u00f3n a la solicitud de remoci\u00f3n de tres consejeros electorales, este jueves 4 de agosto, a las 11:00 horas, se llevar\u00e1 cabo una sesi\u00f3n extraordinaria del Pleno.<\/p>\n<p>La convocatoria fue aprobada por unanimidad de los integrantes de la mesa directiva de la Diputaci\u00f3n Permanente, Marco Antonio Ram\u00edrez Wakamatzu, presidente; C\u00e9sar Augusto Marcor Ram\u00edrez, vicepresidente; H\u00e9ctor Ulises Crist\u00f3pulos R\u00edos, secretario; Flor Ayala Robles Linares y Mois\u00e9s Ignacio Casal D\u00edaz, suplentes.<\/p>\n<p>En esta ocasi\u00f3n, la sesi\u00f3n extraordinaria se desarrollar\u00e1 en el Auditorio de este Poder Legislativo, que ser\u00e1 habilitado como sal\u00f3n de sesiones, bajo el siguiente Orden del D\u00eda.<\/p>\n<p>1.- Lista de asistencia.<\/p>\n<p>2.- Lectura del Decreto que convoca al Congreso del Estado de Sonora a una sesi\u00f3n extraordinaria.<\/p>\n<p>3.- Elecci\u00f3n y nombramiento de la Mesa Directiva que ejercer\u00e1 funciones durante la sesi\u00f3n extraordinaria.<\/p>\n<p>4.- Iniciativa y aprobaci\u00f3n del Decreto que inaugura la sesi\u00f3n extraordinaria.<\/p>\n<p>5.- Dictamen que presenta la Comisi\u00f3n de Gobernaci\u00f3n y Puntos Constitucionales, con punto de Acuerdo mediante el cual el Congreso del Estado de Sonora resuelve admitir la solicitud de remoci\u00f3n contra los ciudadanos consejeros electorales propietarios del Consejo Estatal Electoral, Hilda Ben\u00edtez Carre\u00f3n, Marcos Arturo Garc\u00eda Celaya y Ferm\u00edn Ch\u00e1vez Pe\u00f1\u00fa\u00f1uri, en virtud de que se han colmado los supuestos de admisi\u00f3n establecidos en el Art\u00edculo 366 del C\u00f3digo Electoral para el Estado de Sonora.<\/p>\n<p>6.- Dictamen que presenta la Comisi\u00f3n de Energ\u00eda y Medio Ambiente, en relaci\u00f3n con la iniciativa presentada por los diputados integrantes de los grupos parlamentarios del Partido Revolucionario Institucional, Partido Nueva Alianza en Sonora y Partido Verde Ecologista de M\u00e9xico, mediante la cual proponen que esta Soberan\u00eda presente, ante el Congreso de la Uni\u00f3n, una iniciativa para que ese \u00f3rgano legislativo sea quien fije las tarifas de energ\u00eda el\u00e9ctrica en nuestro Pa\u00eds.<\/p>\n<p>7.- Segunda lectura del dictamen que presenta la Comisi\u00f3n de Presupuestos y Asuntos Municipales, con proyecto de Decreto que adiciona el Art\u00edculo 122 Bis a la Ley de Ordenamiento Territorial y Desarrollo Urbano del Estado de Sonora.<\/p>\n<p>8.- Segunda lectura del dictamen que presenta la Comisi\u00f3n de Educaci\u00f3n y Cultura, con proyecto de Ley que Crea el Seguro Educativo para el Estado de Sonora.<\/p>\n<p>9.- Asuntos que por su urgencia o importancia considere resolver el Pleno del Congreso del Estado, por el voto de las dos terceras partes de los diputados que concurran a la sesi\u00f3n, en cuanto a su inclusi\u00f3n en el Orden del D\u00eda.<\/p>\n<p>10.- Iniciativa y aprobaci\u00f3n del Decreto que clausura la sesi\u00f3n extraordinaria.<\/p>\n<p>11.- Clausura de la sesi\u00f3n.<\/p>\n<p><strong>Espera propuesta consensada este jueves<\/strong><\/p>\n<p>El presidente de la Diputaci\u00f3n Permanente, Marco Antonio Ram\u00edrez Wakamatzu, dijo en entrevista al t\u00e9rmino de la sesi\u00f3n, que la fecha l\u00edmite que estableci\u00f3 el Tribunal Electoral del Poder Judicial de la Federaci\u00f3n para la renovaci\u00f3n parcial del Consejo Estatal Electoral es el 12 de agosto, por lo que espera sea en la extraordinaria de este jueves cuando se cuente con un acuerdo.<\/p>\n<p>\u201cEst\u00e1n en di\u00e1logo los coordinadores con el Secretario de Gobierno. Esperemos que para la sesi\u00f3n del jueves ya tengamos consensada m\u00e1s o menos una propuesta para poder subirla al Pleno y poder lograr tener el Consejo, por la situaci\u00f3n de que entrando el mes de octubre es urgente que tengamos un Consejo renovado que nos garantice la transparencia\u201d, expres\u00f3.<\/p>\n<p>Los coordinadores de los grupos parlamentarios se encuentran en la discusi\u00f3n sobre qui\u00e9nes ser\u00edan los perfiles que puedan garantizar un buen proceso electoral el pr\u00f3ximo a\u00f1o, agreg\u00f3, con la idea de que haya coincidencia en los nombres y evitar que se les vincule con partidos pol\u00edticos.<\/p>\n<p>\u201cYo creo que la ciudadan\u00eda est\u00e1 esperando que demos esa muestra de transparencia\u00a0 y de oportunidad a los ciudadanos mejor calificados para que puedan estar en el Consejo. En el caso de que se diera esa situaci\u00f3n, que esperemos que no sea as\u00ed, ya hay un antecedente a nivel nacional que el Tribunal nombra directamente, en caso de que nosotros no nos pongamos de acuerdo, pero yo estoy seguro que esto no va a suceder\u201d, afirm\u00f3.<\/p>\n<p>Sobre el dictamen de la Comisi\u00f3n de Gobernaci\u00f3n con relaci\u00f3n a la remoci\u00f3n de los consejeros electorales, Hilda Ben\u00edtez Carre\u00f3n, Marcos Arturo Garc\u00eda Celaya y Ferm\u00edn Ch\u00e1vez Pe\u00f1\u00fa\u00f1uri, si existen los consensos y una propuesta, la solicitud quedar\u00eda sin efecto, consider\u00f3 el Presidente de la Diputaci\u00f3n Permanente.<\/p>\n<p>&nbsp;<\/p>\n","protected":false},"excerpt":{"rendered":"<p>Hermosillo, Son. 2 de agosto de 2011.- Para continuar con el desahogo del proceso legislativo inherente a diversas iniciativas presentadas por integrantes de la 59 Legislatura y resolver sobre la procedencia de admisi\u00f3n a la solicitud de remoci\u00f3n de tres consejeros electorales, este jueves 4 de agosto, a las 11:00 horas, se llevar\u00e1 cabo una [&hellip;]<\/p>\n","protected":false},"author":1,"featured_media":0,"comment_status":"open","ping_status":"open","sticky":false,"template":"","format":"standard","meta":{"jetpack_post_was_ever_published":false,"_jetpack_newsletter_access":"","_jetpack_dont_email_post_to_subs":false,"_jetpack_newsletter_tier_id":0,"_jetpack_memberships_contains_paywalled_content":false,"_jetpack_memberships_contains_paid_content":false,"footnotes":"","jetpack_publicize_message":"","jetpack_publicize_feature_enabled":true,"jetpack_social_post_already_shared":false,"jetpack_social_options":{"image_generator_settings":{"template":"highway","enabled":false},"version":2}},"categories":[1],"tags":[],"jetpack_publicize_connections":[],"jetpack_featured_media_url":"","jetpack_shortlink":"https:\/\/wp.me\/p2mzaA-nH","jetpack_sharing_enabled":true,"jetpack_likes_enabled":true,"_links":{"self":[{"href":"https:\/\/www.semioticafactual.com\/index.php?rest_route=\/wp\/v2\/posts\/1469"}],"collection":[{"href":"https:\/\/www.semioticafactual.com\/index.php?rest_route=\/wp\/v2\/posts"}],"about":[{"href":"https:\/\/www.semioticafactual.com\/index.php?rest_route=\/wp\/v2\/types\/post"}],"author":[{"embeddable":true,"href":"https:\/\/www.semioticafactual.com\/index.php?rest_route=\/wp\/v2\/users\/1"}],"replies":[{"embeddable":true,"href":"https:\/\/www.semioticafactual.com\/index.php?rest_route=%2Fwp%2Fv2%2Fcomments&post=1469"}],"version-history":[{"count":1,"href":"https:\/\/www.semioticafactual.com\/index.php?rest_route=\/wp\/v2\/posts\/1469\/revisions"}],"predecessor-version":[{"id":1471,"href":"https:\/\/www.semioticafactual.com\/index.php?rest_route=\/wp\/v2\/posts\/1469\/revisions\/1471"}],"wp:attachment":[{"href":"https:\/\/www.semioticafactual.com\/index.php?rest_route=%2Fwp%2Fv2%2Fmedia&parent=1469"}],"wp:term":[{"taxonomy":"category","embeddable":true,"href":"https:\/\/www.semioticafactual.com\/index.php?rest_route=%2Fwp%2Fv2%2Fcategories&post=1469"},{"taxonomy":"post_tag","embeddable":true,"href":"https:\/\/www.semioticafactual.com\/index.php?rest_route=%2Fwp%2Fv2%2Ftags&post=1469"}],"curies":[{"name":"wp","href":"https:\/\/api.w.org\/{rel}","templated":true}]}}