{"id":1461,"date":"2011-08-04T02:36:23","date_gmt":"2011-08-04T02:36:23","guid":{"rendered":"http:\/\/www.semioticafactual.com\/?p=1461"},"modified":"2011-08-04T02:36:23","modified_gmt":"2011-08-04T02:36:23","slug":"no-todo-es-nuevo-en-sonora-ni-necesariamente-mejor","status":"publish","type":"post","link":"https:\/\/www.semioticafactual.com\/?p=1461","title":{"rendered":"No todo es nuevo en Sonora, ni necesariamente mejor"},"content":{"rendered":"<p><a class=\"highslide\" onclick=\"return vz.expand(this)\" href=\"https:\/\/i0.wp.com\/www.semioticafactual.com\/wp-content\/uploads\/2011\/08\/IMG_8687.jpg\"><img loading=\"lazy\" decoding=\"async\" data-attachment-id=\"1462\" data-permalink=\"https:\/\/www.semioticafactual.com\/?attachment_id=1462\" data-orig-file=\"https:\/\/i0.wp.com\/www.semioticafactual.com\/wp-content\/uploads\/2011\/08\/IMG_8687.jpg?fit=2816%2C1880&amp;ssl=1\" data-orig-size=\"2816,1880\" data-comments-opened=\"1\" data-image-meta=\"{&quot;aperture&quot;:&quot;0&quot;,&quot;credit&quot;:&quot;&quot;,&quot;camera&quot;:&quot;&quot;,&quot;caption&quot;:&quot;&quot;,&quot;created_timestamp&quot;:&quot;0&quot;,&quot;copyright&quot;:&quot;&quot;,&quot;focal_length&quot;:&quot;0&quot;,&quot;iso&quot;:&quot;0&quot;,&quot;shutter_speed&quot;:&quot;0&quot;,&quot;title&quot;:&quot;&quot;}\" data-image-title=\"IMG_8687\" data-image-description=\"\" data-image-caption=\"\" data-medium-file=\"https:\/\/i0.wp.com\/www.semioticafactual.com\/wp-content\/uploads\/2011\/08\/IMG_8687.jpg?fit=300%2C200&amp;ssl=1\" data-large-file=\"https:\/\/i0.wp.com\/www.semioticafactual.com\/wp-content\/uploads\/2011\/08\/IMG_8687.jpg?fit=800%2C534&amp;ssl=1\" tabindex=\"0\" role=\"button\" class=\"alignleft size-medium wp-image-1462\" title=\"IMG_8687\" src=\"https:\/\/i0.wp.com\/www.semioticafactual.com\/wp-content\/uploads\/2011\/08\/IMG_8687-300x200.jpg?resize=300%2C200\" alt=\"\" width=\"300\" height=\"200\" srcset=\"https:\/\/i0.wp.com\/www.semioticafactual.com\/wp-content\/uploads\/2011\/08\/IMG_8687.jpg?resize=300%2C200&amp;ssl=1 300w, https:\/\/i0.wp.com\/www.semioticafactual.com\/wp-content\/uploads\/2011\/08\/IMG_8687.jpg?resize=1024%2C683&amp;ssl=1 1024w, https:\/\/i0.wp.com\/www.semioticafactual.com\/wp-content\/uploads\/2011\/08\/IMG_8687.jpg?w=1600 1600w, https:\/\/i0.wp.com\/www.semioticafactual.com\/wp-content\/uploads\/2011\/08\/IMG_8687.jpg?w=2400 2400w\" sizes=\"(max-width: 300px) 100vw, 300px\" data-recalc-dims=\"1\" \/><\/a>Todo nuevo gobierno, inicia con dos elementos a su favor: la expectativa generada por el cambio y el llamado bono democr\u00e1tico. Elementos que acrecientan su val\u00eda cuando \u2013como en el caso de Sonora- por primera vez gobierna un partido distinto al de gobiernos anteriores.<\/p>\n<p>Es as\u00ed como durante el primer a\u00f1o de administraci\u00f3n, un nuevo gobierno puede cometer todas las \u201cnovatas\u201d de que sea capaz, sin que ello mine la confianza que en \u00e9l tiene la gente, porque se entiende que \u201cnadie naci\u00f3 sabiendo\u201d y que hay programas y acciones gubernamentales que necesitan tiempo para madurar y mostrar sus primeros frutos.<\/p>\n<p>Es v\u00e1lido tambi\u00e9n que cuando un nuevo partido pol\u00edtico llega al poder, gran parte de su mercadotecnia y de su propaganda pol\u00edtica \u2013por no decir toda- se oriente a promover la implementaci\u00f3n de acciones \u201cnunca antes vistas\u201d o \u201clogros hist\u00f3ricos\u201d de su administraci\u00f3n.<\/p>\n<p>Es entendible porque de otra manera la misma gente se preguntar\u00eda \u00bfQu\u00e9 caso tiene haber cambiado de partido pol\u00edtico si sus acciones y sus logros son iguales o similares a los del partido en el gobierno anterior?<\/p>\n<p>Sin embargo, si se promueve la novedad con insistencia cayendo en el exceso de vender el \u201cborr\u00f3n y cuenta nueva\u201d se corre el riesgo de no sustentar lo dicho en los hechos y es entonces cuando la expectativa generada por el cambio y el bono democr\u00e1tico, empiezan a perder su utilidad.<\/p>\n<p>Porque hoy en d\u00eda, con el creciente contrapeso de las redes sociales, tarde o temprano la verdad se asoma y m\u00e1s a\u00fan en estos tiempos tan sensibles que vivimos los sonorenses y los mexicanos, donde el desempleo y la pobreza \u2013y en consecuencia la inseguridad- son lo \u00fanico que ha crecido de manera consistente a\u00f1o con a\u00f1o.<\/p>\n<p>Traigo a colaci\u00f3n todo esto, porque hace un par de d\u00edas estuve en San Luis Rio Colorado invitado por los productores del campo y me di cuenta que a pesar de los \u201clogros hist\u00f3ricos\u201d, la verdad es que la zona esta en buenas condiciones, pero estar\u00eda mejor si se hubiera dado continuidad a lo logrado por administraciones anteriores.<\/p>\n<p>Muchos sonorenses saben que tuve el privilegio de servir a Sonora en la administraci\u00f3n de Manlio Fabio Beltrones y que particip\u00e9 en el desarrollo de la concesi\u00f3n del Puente Colorado, la cual inclu\u00eda otorgar al Municipio el 54% de los recursos recaudados.<\/p>\n<p>Adicionalmente, el acuerdo estipulaba que por cada peso recaudado por el Puente Colorado, el gobierno estatal aportaba otro peso y otro la federaci\u00f3n.<\/p>\n<p>Pero ahora veo que se ha perdido esta significativa conquista en detrimento de la poblaci\u00f3n y de los sectores productivos de San Luis Rio Colorado.<\/p>\n<p>Y no solo del municipio, porque los recursos de la concesi\u00f3n Puente Colorado ten\u00edan un efecto multiplicador en otros ayuntamientos de la regi\u00f3n que ahora est\u00e1n batallando en la administraci\u00f3n de los recursos, cuando antes les llegaban de manera autom\u00e1tica.<\/p>\n<p>En honor a la verdad, la perdida de este beneficio, m\u00e1s que un \u201clogro hist\u00f3rico\u201d demuestra que lo nuevo no es necesariamente lo mejor y que cuando se intenta borrar el pasado de un solo golpe, se llevan entre las patas aciertos que vale mas mejorar que descartar.<\/p>\n<p>Varios ganaderos y agricultores se han acercado para reclamar\u00a0 la indiferencia tanto del gobierno estatal como de las autoridades federales, a pesar de los proyectos que les han presentado para detonar la actividad en beneficio de los sonorenses. Y esta situaci\u00f3n se reproduce en la Costa de Hermosillo y en los Valles del Yaqui y Mayo.<\/p>\n<p>El financiamiento para el campo ha brillado por su ausencia y urge revertir esta situaci\u00f3n porque el pa\u00eds y Sonora requieren crecer econ\u00f3micamente y no lo van a lograr si los productores\u00a0 del sector primario siguen padeciendo la indiferencia de las autoridades.<\/p>\n<p>Y de seguir as\u00ed las cosas, mas temprano que tarde, los sonorenses se dar\u00e1n cuenta que no todo es nuevo en Sonora, ni necesariamente mejor, tal y como ya se han dado cuenta millones de mexicanos en los \u00faltimos 11 a\u00f1os.<\/p>\n<p><a name=\"_GoBack\" target=\"_blank\"><\/a><\/p>\n<p>&nbsp;<\/p>\n","protected":false},"excerpt":{"rendered":"<p>Todo nuevo gobierno, inicia con dos elementos a su favor: la expectativa generada por el cambio y el llamado bono democr\u00e1tico. Elementos que acrecientan su val\u00eda cuando \u2013como en el caso de Sonora- por primera vez gobierna un partido distinto al de gobiernos anteriores. Es as\u00ed como durante el primer a\u00f1o de administraci\u00f3n, un nuevo [&hellip;]<\/p>\n","protected":false},"author":1,"featured_media":0,"comment_status":"open","ping_status":"open","sticky":false,"template":"","format":"standard","meta":{"jetpack_post_was_ever_published":false,"_jetpack_newsletter_access":"","_jetpack_dont_email_post_to_subs":false,"_jetpack_newsletter_tier_id":0,"_jetpack_memberships_contains_paywalled_content":false,"_jetpack_memberships_contains_paid_content":false,"footnotes":"","jetpack_publicize_message":"","jetpack_publicize_feature_enabled":true,"jetpack_social_post_already_shared":false,"jetpack_social_options":{"image_generator_settings":{"template":"highway","enabled":false},"version":2}},"categories":[1],"tags":[],"jetpack_publicize_connections":[],"jetpack_featured_media_url":"","jetpack_shortlink":"https:\/\/wp.me\/p2mzaA-nz","jetpack_sharing_enabled":true,"jetpack_likes_enabled":true,"_links":{"self":[{"href":"https:\/\/www.semioticafactual.com\/index.php?rest_route=\/wp\/v2\/posts\/1461"}],"collection":[{"href":"https:\/\/www.semioticafactual.com\/index.php?rest_route=\/wp\/v2\/posts"}],"about":[{"href":"https:\/\/www.semioticafactual.com\/index.php?rest_route=\/wp\/v2\/types\/post"}],"author":[{"embeddable":true,"href":"https:\/\/www.semioticafactual.com\/index.php?rest_route=\/wp\/v2\/users\/1"}],"replies":[{"embeddable":true,"href":"https:\/\/www.semioticafactual.com\/index.php?rest_route=%2Fwp%2Fv2%2Fcomments&post=1461"}],"version-history":[{"count":1,"href":"https:\/\/www.semioticafactual.com\/index.php?rest_route=\/wp\/v2\/posts\/1461\/revisions"}],"predecessor-version":[{"id":1463,"href":"https:\/\/www.semioticafactual.com\/index.php?rest_route=\/wp\/v2\/posts\/1461\/revisions\/1463"}],"wp:attachment":[{"href":"https:\/\/www.semioticafactual.com\/index.php?rest_route=%2Fwp%2Fv2%2Fmedia&parent=1461"}],"wp:term":[{"taxonomy":"category","embeddable":true,"href":"https:\/\/www.semioticafactual.com\/index.php?rest_route=%2Fwp%2Fv2%2Fcategories&post=1461"},{"taxonomy":"post_tag","embeddable":true,"href":"https:\/\/www.semioticafactual.com\/index.php?rest_route=%2Fwp%2Fv2%2Ftags&post=1461"}],"curies":[{"name":"wp","href":"https:\/\/api.w.org\/{rel}","templated":true}]}}