{"id":1458,"date":"2011-08-03T21:21:22","date_gmt":"2011-08-03T21:21:22","guid":{"rendered":"http:\/\/www.semioticafactual.com\/?p=1458"},"modified":"2011-08-03T21:21:22","modified_gmt":"2011-08-03T21:21:22","slug":"introducira-ayuntamiento-de-hermosillo-servicios-publicos-en-la-colonia-altares","status":"publish","type":"post","link":"https:\/\/www.semioticafactual.com\/?p=1458","title":{"rendered":"Introducir\u00e1 Ayuntamiento de Hermosillo servicios p\u00fablicos en la colonia Altares"},"content":{"rendered":"<p><span style=\"font-size: small;\"><strong><a class=\"highslide\" onclick=\"return vz.expand(this)\" href=\"https:\/\/i0.wp.com\/www.semioticafactual.com\/wp-content\/uploads\/2011\/08\/javier-gandara.jpg\"><img loading=\"lazy\" decoding=\"async\" data-attachment-id=\"1459\" data-permalink=\"https:\/\/www.semioticafactual.com\/?attachment_id=1459\" data-orig-file=\"https:\/\/i0.wp.com\/www.semioticafactual.com\/wp-content\/uploads\/2011\/08\/javier-gandara.jpg?fit=1800%2C2100&amp;ssl=1\" data-orig-size=\"1800,2100\" data-comments-opened=\"1\" data-image-meta=\"{&quot;aperture&quot;:&quot;0&quot;,&quot;credit&quot;:&quot;&quot;,&quot;camera&quot;:&quot;&quot;,&quot;caption&quot;:&quot;&quot;,&quot;created_timestamp&quot;:&quot;0&quot;,&quot;copyright&quot;:&quot;&quot;,&quot;focal_length&quot;:&quot;0&quot;,&quot;iso&quot;:&quot;0&quot;,&quot;shutter_speed&quot;:&quot;0&quot;,&quot;title&quot;:&quot;&quot;}\" data-image-title=\"javier gandara\" data-image-description=\"\" data-image-caption=\"\" data-medium-file=\"https:\/\/i0.wp.com\/www.semioticafactual.com\/wp-content\/uploads\/2011\/08\/javier-gandara.jpg?fit=257%2C300&amp;ssl=1\" data-large-file=\"https:\/\/i0.wp.com\/www.semioticafactual.com\/wp-content\/uploads\/2011\/08\/javier-gandara.jpg?fit=800%2C934&amp;ssl=1\" tabindex=\"0\" role=\"button\" class=\"alignright size-medium wp-image-1459\" title=\"javier gandara\" src=\"https:\/\/i0.wp.com\/www.semioticafactual.com\/wp-content\/uploads\/2011\/08\/javier-gandara-257x300.jpg?resize=257%2C300\" alt=\"\" width=\"257\" height=\"300\" srcset=\"https:\/\/i0.wp.com\/www.semioticafactual.com\/wp-content\/uploads\/2011\/08\/javier-gandara.jpg?resize=257%2C300&amp;ssl=1 257w, https:\/\/i0.wp.com\/www.semioticafactual.com\/wp-content\/uploads\/2011\/08\/javier-gandara.jpg?resize=877%2C1024&amp;ssl=1 877w, https:\/\/i0.wp.com\/www.semioticafactual.com\/wp-content\/uploads\/2011\/08\/javier-gandara.jpg?w=1800&amp;ssl=1 1800w, https:\/\/i0.wp.com\/www.semioticafactual.com\/wp-content\/uploads\/2011\/08\/javier-gandara.jpg?w=1600 1600w\" sizes=\"(max-width: 257px) 100vw, 257px\" data-recalc-dims=\"1\" \/><\/a>Hermosillo, Sonora, agosto 03 de 2011<\/strong>.- Satisfecha ante la respuesta que el Alcalde Javier G\u00e1ndara Maga\u00f1a le dio a sus planteamientos durante el programa \u201cAyuntamiento en tu colonia\u201d en la colonia Altares, manifest\u00f3 sentirse Sara Jim\u00e9nez Guti\u00e9rrez.<\/span><a id=\"add_image\" class=\"thickbox\" title=\"A\u00f1adir una imagen\" href=\"media-upload.php?post_id=1458&amp;type=image&amp;TB_iframe=1\"><img decoding=\"async\" onclick=\"return false;\" src=\"images\/media-button-image.gif?ver=20100531\" alt=\"A\u00f1adir una imagen\" \/><\/a><\/p>\n<p><span style=\"font-size: small;\">El Mun\u00edcipe se comprometi\u00f3 a iniciar con la introducir de los servicios p\u00fablicos de alumbrado, drenaje y alcantarillado entre enero y abril del 2012 en la cuarta etapa de esa colonia.<\/span><\/p>\n<p><span style=\"font-size: small;\">\u201cDentro del primer cuatrimestre del a\u00f1o entrante tendr\u00e1n toda la colonia con alumbrado p\u00fablico, la parte del agua y drenaje yo dir\u00eda que para el verano pr\u00f3ximo, es el compromiso nuestro\u201c, asever\u00f3 G\u00e1ndara Maga\u00f1a.<\/span><\/p>\n<p><span style=\"font-size: small;\">Adem\u00e1s, en el mes de septiembre de este a\u00f1o pavimentar\u00e1n el bulevar Alfonso L\u00f3pez Riesgo, en su tramo del bulevar M\u00fasaro hasta la avenida Arquitectos. <\/span><\/p>\n<p><span style=\"font-size: small;\">Do\u00f1a Sara, madre de Ram\u00f3n y Mar\u00eda, de 3 y 6 a\u00f1os, respectivamente, agradeci\u00f3 al Alcalde el compromiso que anunci\u00f3, ya que las acciones a desarrollar significan una mejor calidad de vida para sus hijos.<\/span><\/p>\n<p><span style=\"font-size: small;\">Esta madre de familia, al igual que el resto de los habitantes de los Altares, aplaudi\u00f3 la respuesta del Presidente Municipal, ya que pronto dejar\u00e1 de recibir agua en pipas.<\/span><\/p>\n<p><span style=\"font-size: small;\">Cada vivienda contar\u00e1 con su toma domiciliaria para la conducci\u00f3n del l\u00edquido potable, as\u00ed como una l\u00ednea de descargas sanitarias, lo que les permitir\u00e1 dejar de usar las letrinas.<\/span><\/p>\n<p><span style=\"font-size: small;\">\u201cMe siento muy satisfecha, es la respuesta que esper\u00e1bamos del Alcalde, cuando nos visit\u00f3 como candidato nos prometi\u00f3 que mejorar\u00eda nuestra colonia y es una promesa que pronto veremos cumplida\u201d, expres\u00f3 do\u00f1a Sara.<\/span><\/p>\n<p><span style=\"font-size: small;\">Con la introducci\u00f3n de los servicios, dijo, sus hijos ya no tendr\u00e1n que hacer sus necesidades fisiol\u00f3gicas en letrina o al aire libre, lo que representa un riesgo para la salud de los menores.<\/span><\/p>\n<p><span style=\"font-size: small;\">El alumbrado p\u00fablico, agreg\u00f3, disminuir\u00e1 e incluso evitar\u00e1 el robo en sus propiedades.<\/span><\/p>\n","protected":false},"excerpt":{"rendered":"<p>Hermosillo, Sonora, agosto 03 de 2011.- Satisfecha ante la respuesta que el Alcalde Javier G\u00e1ndara Maga\u00f1a le dio a sus planteamientos durante el programa \u201cAyuntamiento en tu colonia\u201d en la colonia Altares, manifest\u00f3 sentirse Sara Jim\u00e9nez Guti\u00e9rrez. El Mun\u00edcipe se comprometi\u00f3 a iniciar con la introducir de los servicios p\u00fablicos de alumbrado, drenaje y alcantarillado [&hellip;]<\/p>\n","protected":false},"author":1,"featured_media":0,"comment_status":"open","ping_status":"open","sticky":false,"template":"","format":"standard","meta":{"jetpack_post_was_ever_published":false,"_jetpack_newsletter_access":"","_jetpack_dont_email_post_to_subs":false,"_jetpack_newsletter_tier_id":0,"_jetpack_memberships_contains_paywalled_content":false,"_jetpack_memberships_contains_paid_content":false,"footnotes":"","jetpack_publicize_message":"","jetpack_publicize_feature_enabled":true,"jetpack_social_post_already_shared":false,"jetpack_social_options":{"image_generator_settings":{"template":"highway","enabled":false},"version":2}},"categories":[18],"tags":[],"jetpack_publicize_connections":[],"jetpack_featured_media_url":"","jetpack_shortlink":"https:\/\/wp.me\/p2mzaA-nw","jetpack_sharing_enabled":true,"jetpack_likes_enabled":true,"_links":{"self":[{"href":"https:\/\/www.semioticafactual.com\/index.php?rest_route=\/wp\/v2\/posts\/1458"}],"collection":[{"href":"https:\/\/www.semioticafactual.com\/index.php?rest_route=\/wp\/v2\/posts"}],"about":[{"href":"https:\/\/www.semioticafactual.com\/index.php?rest_route=\/wp\/v2\/types\/post"}],"author":[{"embeddable":true,"href":"https:\/\/www.semioticafactual.com\/index.php?rest_route=\/wp\/v2\/users\/1"}],"replies":[{"embeddable":true,"href":"https:\/\/www.semioticafactual.com\/index.php?rest_route=%2Fwp%2Fv2%2Fcomments&post=1458"}],"version-history":[{"count":1,"href":"https:\/\/www.semioticafactual.com\/index.php?rest_route=\/wp\/v2\/posts\/1458\/revisions"}],"predecessor-version":[{"id":1460,"href":"https:\/\/www.semioticafactual.com\/index.php?rest_route=\/wp\/v2\/posts\/1458\/revisions\/1460"}],"wp:attachment":[{"href":"https:\/\/www.semioticafactual.com\/index.php?rest_route=%2Fwp%2Fv2%2Fmedia&parent=1458"}],"wp:term":[{"taxonomy":"category","embeddable":true,"href":"https:\/\/www.semioticafactual.com\/index.php?rest_route=%2Fwp%2Fv2%2Fcategories&post=1458"},{"taxonomy":"post_tag","embeddable":true,"href":"https:\/\/www.semioticafactual.com\/index.php?rest_route=%2Fwp%2Fv2%2Ftags&post=1458"}],"curies":[{"name":"wp","href":"https:\/\/api.w.org\/{rel}","templated":true}]}}