{"id":1455,"date":"2011-08-03T21:13:36","date_gmt":"2011-08-03T21:13:36","guid":{"rendered":"http:\/\/www.semioticafactual.com\/?p=1455"},"modified":"2011-08-03T21:13:36","modified_gmt":"2011-08-03T21:13:36","slug":"recibe-iniciativa-sonora-propuesta-para-mejorar-sistema-educativo-en-sonora-roberto-ruibal","status":"publish","type":"post","link":"https:\/\/www.semioticafactual.com\/?p=1455","title":{"rendered":"Recibe Iniciativa Sonora propuesta para mejorar sistema educativo en Sonora: Roberto Ruibal"},"content":{"rendered":"<p><strong>Hermosillo, Sonora a 03 de agosto de 2011.- <\/strong>Mejorar el sistema educativo en Sonora incorporando un plan de habilidades que motive el desarrollo de los ni\u00f1os y los ocupe con actividades acad\u00e9micas en los tiempos libres, es una de las propuestas hechas llegar por los ciudadanos a trav\u00e9s de Iniciativa Sonora.<\/p>\n<p><a class=\"highslide\" onclick=\"return vz.expand(this)\" href=\"https:\/\/i0.wp.com\/www.semioticafactual.com\/wp-content\/uploads\/2011\/08\/RRA030811.jpg\"><img loading=\"lazy\" decoding=\"async\" data-attachment-id=\"1456\" data-permalink=\"https:\/\/www.semioticafactual.com\/?attachment_id=1456\" data-orig-file=\"https:\/\/i0.wp.com\/www.semioticafactual.com\/wp-content\/uploads\/2011\/08\/RRA030811.jpg?fit=1255%2C828&amp;ssl=1\" data-orig-size=\"1255,828\" data-comments-opened=\"1\" data-image-meta=\"{&quot;aperture&quot;:&quot;0&quot;,&quot;credit&quot;:&quot;&quot;,&quot;camera&quot;:&quot;&quot;,&quot;caption&quot;:&quot;&quot;,&quot;created_timestamp&quot;:&quot;0&quot;,&quot;copyright&quot;:&quot;&quot;,&quot;focal_length&quot;:&quot;0&quot;,&quot;iso&quot;:&quot;0&quot;,&quot;shutter_speed&quot;:&quot;0&quot;,&quot;title&quot;:&quot;&quot;}\" data-image-title=\"RRA030811\" data-image-description=\"\" data-image-caption=\"\" data-medium-file=\"https:\/\/i0.wp.com\/www.semioticafactual.com\/wp-content\/uploads\/2011\/08\/RRA030811.jpg?fit=300%2C197&amp;ssl=1\" data-large-file=\"https:\/\/i0.wp.com\/www.semioticafactual.com\/wp-content\/uploads\/2011\/08\/RRA030811.jpg?fit=800%2C527&amp;ssl=1\" tabindex=\"0\" role=\"button\" class=\"alignright size-medium wp-image-1456\" title=\"RRA030811\" src=\"https:\/\/i0.wp.com\/www.semioticafactual.com\/wp-content\/uploads\/2011\/08\/RRA030811-300x197.jpg?resize=300%2C197\" alt=\"\" width=\"300\" height=\"197\" srcset=\"https:\/\/i0.wp.com\/www.semioticafactual.com\/wp-content\/uploads\/2011\/08\/RRA030811.jpg?resize=300%2C197&amp;ssl=1 300w, https:\/\/i0.wp.com\/www.semioticafactual.com\/wp-content\/uploads\/2011\/08\/RRA030811.jpg?resize=1024%2C675&amp;ssl=1 1024w, https:\/\/i0.wp.com\/www.semioticafactual.com\/wp-content\/uploads\/2011\/08\/RRA030811.jpg?w=1255&amp;ssl=1 1255w\" sizes=\"(max-width: 300px) 100vw, 300px\" data-recalc-dims=\"1\" \/><\/a>Entre las m\u00e1s de 150 ideas que se han hecho llegar al diputado Roberto Ruibal a trav\u00e9s de Iniciativa Sonora est\u00e1 la de incorporar por ley un plan espec\u00edfico de habilidades que puedan cursar los ni\u00f1os durante las tardes en sus escuelas.<\/p>\n<p>Como ejemplo cita la propuesta que hizo una ciudadana, est\u00e1 motivarlos para que sean ciudadanos emprendedores \u00a0y dise\u00f1en proyectos para que desde peque\u00f1os los ni\u00f1os sepan que ellos pueden ser generadores de empleo, ense\u00f1\u00e1ndoles la fabricaci\u00f3n de productos u oficios.<\/p>\n<p>As\u00ed como \u00e9sta, existen decenas de propuestas ciudadanas cuyo \u00fanico fin es aportar al desarrollo de Sonora expuso Roberto Ruibal, al precisar que a diario se reciben m\u00e1s iniciativas que son evaluadas para hacer una preselecci\u00f3n de temas.<\/p>\n<p>Record\u00f3 que Iniciativa Sonora es un proyecto que surge con el fin de incentivar la participaci\u00f3n de los sonorenses en la actividad legislativa y que tiene como fecha hasta el 31 de agosto para que los ciudadanos hagan llegar su idea o propuesta a la p\u00e1gina <a href=\"http:\/\/www.robertoruibal.org.mx\/\">www.robertoruibal.org.mx<\/a><\/p>\n<p>Los ciudadanos pueden participar a trav\u00e9s de diversas categor\u00edas como: Desarrollo del Bienestar, Educaci\u00f3n, Desarrollo Comunitario, Desarrollo del Medio Ambiente y Desarrollo de los Ciudadanos.<\/p>\n<p>Para motivar a\u00fan m\u00e1s la participaci\u00f3n de la gente, Ruibal Astiazar\u00e1n refiri\u00f3 que las cuatro mejores iniciativas recibir\u00e1n premios consistentes en un carro \u00faltimo modelo para el primer lugar y 15 mil pesos en efectivo para los tres proyectos restantes.<\/p>\n<p>Indic\u00f3 que tambi\u00e9n se pueden hacer llegar las propuestas a sus oficinas de trabajo en Ni\u00f1os H\u00e9roes y Pino Su\u00e1rez n\u00famero 183 esquina, o bien llamar a los tel\u00e9fonos 2131044 y 2131011.<\/p>\n<p>&nbsp;<\/p>\n<p>&nbsp;<\/p>\n","protected":false},"excerpt":{"rendered":"<p>Hermosillo, Sonora a 03 de agosto de 2011.- Mejorar el sistema educativo en Sonora incorporando un plan de habilidades que motive el desarrollo de los ni\u00f1os y los ocupe con actividades acad\u00e9micas en los tiempos libres, es una de las propuestas hechas llegar por los ciudadanos a trav\u00e9s de Iniciativa Sonora. Entre las m\u00e1s de [&hellip;]<\/p>\n","protected":false},"author":1,"featured_media":0,"comment_status":"open","ping_status":"open","sticky":false,"template":"","format":"standard","meta":{"jetpack_post_was_ever_published":false,"_jetpack_newsletter_access":"","_jetpack_dont_email_post_to_subs":false,"_jetpack_newsletter_tier_id":0,"_jetpack_memberships_contains_paywalled_content":false,"_jetpack_memberships_contains_paid_content":false,"footnotes":"","jetpack_publicize_message":"","jetpack_publicize_feature_enabled":true,"jetpack_social_post_already_shared":false,"jetpack_social_options":{"image_generator_settings":{"template":"highway","enabled":false},"version":2}},"categories":[9],"tags":[],"jetpack_publicize_connections":[],"jetpack_featured_media_url":"","jetpack_shortlink":"https:\/\/wp.me\/p2mzaA-nt","jetpack_sharing_enabled":true,"jetpack_likes_enabled":true,"_links":{"self":[{"href":"https:\/\/www.semioticafactual.com\/index.php?rest_route=\/wp\/v2\/posts\/1455"}],"collection":[{"href":"https:\/\/www.semioticafactual.com\/index.php?rest_route=\/wp\/v2\/posts"}],"about":[{"href":"https:\/\/www.semioticafactual.com\/index.php?rest_route=\/wp\/v2\/types\/post"}],"author":[{"embeddable":true,"href":"https:\/\/www.semioticafactual.com\/index.php?rest_route=\/wp\/v2\/users\/1"}],"replies":[{"embeddable":true,"href":"https:\/\/www.semioticafactual.com\/index.php?rest_route=%2Fwp%2Fv2%2Fcomments&post=1455"}],"version-history":[{"count":1,"href":"https:\/\/www.semioticafactual.com\/index.php?rest_route=\/wp\/v2\/posts\/1455\/revisions"}],"predecessor-version":[{"id":1457,"href":"https:\/\/www.semioticafactual.com\/index.php?rest_route=\/wp\/v2\/posts\/1455\/revisions\/1457"}],"wp:attachment":[{"href":"https:\/\/www.semioticafactual.com\/index.php?rest_route=%2Fwp%2Fv2%2Fmedia&parent=1455"}],"wp:term":[{"taxonomy":"category","embeddable":true,"href":"https:\/\/www.semioticafactual.com\/index.php?rest_route=%2Fwp%2Fv2%2Fcategories&post=1455"},{"taxonomy":"post_tag","embeddable":true,"href":"https:\/\/www.semioticafactual.com\/index.php?rest_route=%2Fwp%2Fv2%2Ftags&post=1455"}],"curies":[{"name":"wp","href":"https:\/\/api.w.org\/{rel}","templated":true}]}}