{"id":1443,"date":"2011-08-03T20:39:26","date_gmt":"2011-08-03T20:39:26","guid":{"rendered":"http:\/\/www.semioticafactual.com\/?p=1443"},"modified":"2011-08-03T20:43:52","modified_gmt":"2011-08-03T20:43:52","slug":"avanzan-negociaciones-para-suplir-a-los-tres-consejeros-de-cee-damian-zepeda","status":"publish","type":"post","link":"https:\/\/www.semioticafactual.com\/?p=1443","title":{"rendered":"Avanzan Negociaciones para suplir a los Tres Consejeros de CEE: Damian Zepeda"},"content":{"rendered":"<div id=\"attachment_1444\" style=\"width: 310px\" class=\"wp-caption alignleft\"><a class=\"highslide\" onclick=\"return vz.expand(this)\" href=\"https:\/\/i0.wp.com\/www.semioticafactual.com\/wp-content\/uploads\/2011\/08\/damian-zepeda-mi-toma.jpg\"><img loading=\"lazy\" decoding=\"async\" aria-describedby=\"caption-attachment-1444\" data-attachment-id=\"1444\" data-permalink=\"https:\/\/www.semioticafactual.com\/?attachment_id=1444\" data-orig-file=\"https:\/\/i0.wp.com\/www.semioticafactual.com\/wp-content\/uploads\/2011\/08\/damian-zepeda-mi-toma.jpg?fit=640%2C480&amp;ssl=1\" data-orig-size=\"640,480\" data-comments-opened=\"1\" data-image-meta=\"{&quot;aperture&quot;:&quot;0&quot;,&quot;credit&quot;:&quot;&quot;,&quot;camera&quot;:&quot;&quot;,&quot;caption&quot;:&quot;&quot;,&quot;created_timestamp&quot;:&quot;0&quot;,&quot;copyright&quot;:&quot;&quot;,&quot;focal_length&quot;:&quot;0&quot;,&quot;iso&quot;:&quot;0&quot;,&quot;shutter_speed&quot;:&quot;0&quot;,&quot;title&quot;:&quot;&quot;}\" data-image-title=\"damian zepeda mi toma\" data-image-description=\"\" data-image-caption=\"&lt;p&gt;\u00abLegisladores del Pan preparan la terna de consejeros dentro del CEE\u00bb&lt;\/p&gt;\n\" data-medium-file=\"https:\/\/i0.wp.com\/www.semioticafactual.com\/wp-content\/uploads\/2011\/08\/damian-zepeda-mi-toma.jpg?fit=300%2C225&amp;ssl=1\" data-large-file=\"https:\/\/i0.wp.com\/www.semioticafactual.com\/wp-content\/uploads\/2011\/08\/damian-zepeda-mi-toma.jpg?fit=640%2C480&amp;ssl=1\" tabindex=\"0\" role=\"button\" class=\"size-medium wp-image-1444\" title=\"damian zepeda mi toma\" src=\"https:\/\/i0.wp.com\/www.semioticafactual.com\/wp-content\/uploads\/2011\/08\/damian-zepeda-mi-toma-300x225.jpg?resize=300%2C225\" alt=\"\" width=\"300\" height=\"225\" srcset=\"https:\/\/i0.wp.com\/www.semioticafactual.com\/wp-content\/uploads\/2011\/08\/damian-zepeda-mi-toma.jpg?resize=300%2C225&amp;ssl=1 300w, https:\/\/i0.wp.com\/www.semioticafactual.com\/wp-content\/uploads\/2011\/08\/damian-zepeda-mi-toma.jpg?w=640&amp;ssl=1 640w\" sizes=\"(max-width: 300px) 100vw, 300px\" data-recalc-dims=\"1\" \/><\/a><p id=\"caption-attachment-1444\" class=\"wp-caption-text\">&quot;Legisladores del Pan preparan la terna de consejeros dentro del CEE&quot;<\/p><\/div>\n<p>Hermosillo Sonora, 03 de Agosto del 2011. El Diputado del Pan por el Congreso de Sonora, Damian Zepeda inform\u00f3, que actualmente se encuentran en nogociaciones para proponer en\u00a0 la pr\u00f3xima sesi\u00f3n la terna la cual sutituir\u00e1 a los tres consejeros de Consejo Estatatal Electoral ( CEE), despu\u00e9s de la resoluci\u00f3n del Supremo Tribunal Electoral del Poder Judicial de la Federaci\u00f3n( TRIFE), el cual resolvio que se deben renovar dichos espacios en tiempo y forma.<\/p>\n<p>Damian Zepeda destac\u00f3 que los nuevos consejeros deber\u00e1n tener calidad moral y la preparaci\u00f3n necesaria para desempe\u00f1ar a cabalidad los inter\u00e9ses de los ciudadanos dentro del CEE.<\/p>\n<p>Finalmente destac\u00f3 la importancia de que los consejeros no deben tener militancia partidista, aunque la ley electoral en Sonora no lo prohiba.<\/p>\n<p>&nbsp;<\/p>\n<p>&nbsp;<\/p>\n","protected":false},"excerpt":{"rendered":"<p>Hermosillo Sonora, 03 de Agosto del 2011. El Diputado del Pan por el Congreso de Sonora, Damian Zepeda inform\u00f3, que actualmente se encuentran en nogociaciones para proponer en\u00a0 la pr\u00f3xima sesi\u00f3n la terna la cual sutituir\u00e1 a los tres consejeros de Consejo Estatatal Electoral ( CEE), despu\u00e9s de la resoluci\u00f3n del Supremo Tribunal Electoral del [&hellip;]<\/p>\n","protected":false},"author":1,"featured_media":0,"comment_status":"open","ping_status":"open","sticky":false,"template":"","format":"standard","meta":{"jetpack_post_was_ever_published":false,"_jetpack_newsletter_access":"","_jetpack_dont_email_post_to_subs":false,"_jetpack_newsletter_tier_id":0,"_jetpack_memberships_contains_paywalled_content":false,"_jetpack_memberships_contains_paid_content":false,"footnotes":"","jetpack_publicize_message":"","jetpack_publicize_feature_enabled":true,"jetpack_social_post_already_shared":false,"jetpack_social_options":{"image_generator_settings":{"template":"highway","enabled":false},"version":2}},"categories":[1,14,17],"tags":[],"jetpack_publicize_connections":[],"jetpack_featured_media_url":"","jetpack_shortlink":"https:\/\/wp.me\/p2mzaA-nh","jetpack_sharing_enabled":true,"jetpack_likes_enabled":true,"_links":{"self":[{"href":"https:\/\/www.semioticafactual.com\/index.php?rest_route=\/wp\/v2\/posts\/1443"}],"collection":[{"href":"https:\/\/www.semioticafactual.com\/index.php?rest_route=\/wp\/v2\/posts"}],"about":[{"href":"https:\/\/www.semioticafactual.com\/index.php?rest_route=\/wp\/v2\/types\/post"}],"author":[{"embeddable":true,"href":"https:\/\/www.semioticafactual.com\/index.php?rest_route=\/wp\/v2\/users\/1"}],"replies":[{"embeddable":true,"href":"https:\/\/www.semioticafactual.com\/index.php?rest_route=%2Fwp%2Fv2%2Fcomments&post=1443"}],"version-history":[{"count":5,"href":"https:\/\/www.semioticafactual.com\/index.php?rest_route=\/wp\/v2\/posts\/1443\/revisions"}],"predecessor-version":[{"id":1447,"href":"https:\/\/www.semioticafactual.com\/index.php?rest_route=\/wp\/v2\/posts\/1443\/revisions\/1447"}],"wp:attachment":[{"href":"https:\/\/www.semioticafactual.com\/index.php?rest_route=%2Fwp%2Fv2%2Fmedia&parent=1443"}],"wp:term":[{"taxonomy":"category","embeddable":true,"href":"https:\/\/www.semioticafactual.com\/index.php?rest_route=%2Fwp%2Fv2%2Fcategories&post=1443"},{"taxonomy":"post_tag","embeddable":true,"href":"https:\/\/www.semioticafactual.com\/index.php?rest_route=%2Fwp%2Fv2%2Ftags&post=1443"}],"curies":[{"name":"wp","href":"https:\/\/api.w.org\/{rel}","templated":true}]}}