{"id":1440,"date":"2011-08-02T01:13:18","date_gmt":"2011-08-02T01:13:18","guid":{"rendered":"http:\/\/www.semioticafactual.com\/?p=1440"},"modified":"2011-08-02T01:13:18","modified_gmt":"2011-08-02T01:13:18","slug":"voz-sport-%e2%80%9cel-famoso-31-de-julio%e2%80%9d","status":"publish","type":"post","link":"https:\/\/www.semioticafactual.com\/?p=1440","title":{"rendered":"VOZ SPORT \u201cEl famoso 31 de julio\u201d"},"content":{"rendered":"<p><strong><a class=\"highslide\" onclick=\"return vz.expand(this)\" href=\"https:\/\/i0.wp.com\/www.semioticafactual.com\/wp-content\/uploads\/2011\/08\/nava-torres.jpeg\"><img loading=\"lazy\" decoding=\"async\" data-attachment-id=\"1441\" data-permalink=\"https:\/\/www.semioticafactual.com\/?attachment_id=1441\" data-orig-file=\"https:\/\/i0.wp.com\/www.semioticafactual.com\/wp-content\/uploads\/2011\/08\/nava-torres.jpeg?fit=273%2C185&amp;ssl=1\" data-orig-size=\"273,185\" data-comments-opened=\"1\" data-image-meta=\"{&quot;aperture&quot;:&quot;0&quot;,&quot;credit&quot;:&quot;&quot;,&quot;camera&quot;:&quot;&quot;,&quot;caption&quot;:&quot;&quot;,&quot;created_timestamp&quot;:&quot;0&quot;,&quot;copyright&quot;:&quot;&quot;,&quot;focal_length&quot;:&quot;0&quot;,&quot;iso&quot;:&quot;0&quot;,&quot;shutter_speed&quot;:&quot;0&quot;,&quot;title&quot;:&quot;&quot;}\" data-image-title=\"nava-torres\" data-image-description=\"\" data-image-caption=\"\" data-medium-file=\"https:\/\/i0.wp.com\/www.semioticafactual.com\/wp-content\/uploads\/2011\/08\/nava-torres.jpeg?fit=273%2C185&amp;ssl=1\" data-large-file=\"https:\/\/i0.wp.com\/www.semioticafactual.com\/wp-content\/uploads\/2011\/08\/nava-torres.jpeg?fit=273%2C185&amp;ssl=1\" tabindex=\"0\" role=\"button\" class=\"alignleft size-full wp-image-1441\" title=\"nava-torres\" src=\"https:\/\/i0.wp.com\/www.semioticafactual.com\/wp-content\/uploads\/2011\/08\/nava-torres.jpeg?resize=273%2C185\" alt=\"\" width=\"273\" height=\"185\" data-recalc-dims=\"1\" \/><\/a>Por Rafael Renter\u00eda<\/strong><\/p>\n<p><a href=\"mailto:renteria_rafael@hotmail.com\"><strong>renteria_rafael@hotmail.com<\/strong><\/a><\/p>\n<p><strong>Cada 31 de julio de todos los a\u00f1os dentro del calendario de las ligas mayores es visto como una fecha bastante especial para algunos equipos ya que pueden realizar cambios sin restricciones que les permitan adquirir ciertos peloteros.<\/strong><\/p>\n<p>Y ayer fue precisamente ese d\u00eda donde algunas escuadras que van en buen sitio o tienen\u00a0 posibilidades de conseguir mejores lugares, realizan los movimientos para conseguir a jugadores que est\u00e9n destacando pero que sus equipos a pesar que van pr\u00e1cticamente a la mitad de la campa\u00f1a ya no tienen posibilidades de nada o porque esos peloteros ya no les interesan por el salario u otras cuestiones.<\/p>\n<p>Nombres de todos calibres cambiaron de equipo a pocas horas que dieran las 12:00 de este 1 de agosto. Quiz\u00e1s el movimiento m\u00e1s importante fue el de <strong>Ubaldo<\/strong> <strong>Jim\u00e9nez<\/strong> quien de Colorado paso a Cleveland. Dejo a los Rockies con record en esta campa\u00f1a de 6-9, 4.48 de CLA y 118 ponches. Su carrera de 5 a\u00f1os y medio con ese club logr\u00f3 lanzar 138 juegos de los cuales gano 56 y perdi\u00f3 45, su efectividad fue de 3.66 y poncho a 773 rivales. Su mejor a\u00f1o fue el 2010 cuando acabo con 19-8.<\/p>\n<p>Otro que cambio de casaca fue <strong>Derrek<\/strong> <strong>Lee<\/strong> quien de Baltimore paso a los sorprendentes Piratas de Pittsburgh. Su promedio con los Orioles era de .246, 12 cuadrangulares y 46 carreras impulsadas.<\/p>\n<p><strong>Rafael<\/strong> <strong>Furcal<\/strong> pas\u00f3 de los Dodgers a los Cardenales de San Luis. El dominicano de 33 a\u00f1os aportar\u00e1 su experiencia m\u00e1s que nada con el guante siempre y cuando este saludable.<\/p>\n<p>El Colombiano <strong>Orlando<\/strong> <strong>Cabrera<\/strong> de nueva cuenta en su carrera cambio de equipo y ahora jugar\u00e1 para los campeones Gigantes de San Francisco. Este jugador llega de los Indios de Cleveland y hasta ayer bateaba para .242 con 4 cuadrangulares y 38 carreras impulsadas. A sus 36 a\u00f1os Cabrera jugar\u00e1 para su equipo n\u00famero 9 en su carrera de casi 15 a\u00f1os.<\/p>\n<p><strong>Michael<\/strong> <strong>Bourn<\/strong>, a partir de hoy jugar\u00e1 los jardines para los Bravos de Atlanta. El ex jugador de los Astros de Houston ten\u00eda estad\u00edsticas de .303, 1 cuadrangular y 32 impulsadas. Es l\u00edder en las ligas mayores con 39 bases robadas. <strong>Ryan<\/strong> <strong>Ludwick<\/strong> de San Diego fue transferido a Piratas. <strong>Mike<\/strong> <strong>Adams<\/strong> y Koji Uehara son nuevos relevistas de los Rangers de Texas y llegan de los Padres y Orioles respectivamente.<\/p>\n<p>Arizona adquiere al relevista <strong>Brad<\/strong> <strong>Ziegler<\/strong> de los Atl\u00e9ticos de Oakland; <strong>Jorge<\/strong> <strong>Cant\u00fa<\/strong> es nuevo jugador de los Rockies de Colorado.<\/p>\n<p>Esos fueron los cambios que se originaron precisamente este 31 de julio, horas previas a que se venciera el plazo para ello, pero d\u00edas antes tambi\u00e9n se dieron otros movimientos importantes:<\/p>\n<p><strong>Carlos<\/strong> <strong>Beltr\u00e1n<\/strong> de Mets pas\u00f3 a San Francisco; <strong>Edwin<\/strong> <strong>Jackson<\/strong> y <strong>Octavio<\/strong> <strong>Dotel<\/strong> son ya parte de los Cardenales y llegan provenientes de Medias Blancas y Azulejos respectivamente. Toronto precisamente adquiri\u00f3 de San Luis a <strong>Colby<\/strong> <strong>Ralmus<\/strong> en el cambio por <strong>Dotel<\/strong>.<\/p>\n<p><strong>Wilson<\/strong> <strong>Betemit<\/strong> de Reales de Kansas City a los Tigres de Detroit; <strong>Erik<\/strong> <strong>Bedard<\/strong> de Seattle a Medias Rojas y <strong>Francisco<\/strong> <strong>Rodr\u00edguez<\/strong> de Mets a los Cerveceros de Milwaukee.<\/p>\n<p><strong>Mike<\/strong> <strong>Cameron<\/strong> de Medias Rojas a Marlines de Florida; <strong>Jason<\/strong> <strong>Marquis<\/strong> de los Nacionales a Arizona por <strong>Zack<\/strong> <strong>Walters<\/strong>; <strong>Jerry<\/strong> <strong>Hairston<\/strong> <strong>jr<\/strong> deja a los Nacionales y va a Cerveceros; <strong>Hunter<\/strong> <strong>Pence<\/strong> de Houston a Filadelfia y <strong>Kosuke<\/strong> <strong>Fukudome<\/strong> dejo a los Cachorros para ir a Cleveland.<\/p>\n<p>Lo m\u00e1s sorprendente de este caso de los cambios es que los <strong>Yankees<\/strong> de <strong>Nueva<\/strong> <strong>York<\/strong> por primera vez desde 1999 no hicieron movimiento alguno en este mes de julio que acaba de concluir.\u2026\u2026\u2026\u2026\u2026\u2026\u2026\u2026\u2026\u2026\u2026\u2026\u2026.<\/p>\n<p><strong>Ayer finalmente los Azulejos de Toronto retiraron el # 35 de Roberto Alomar. <\/strong>El reci\u00e9n electo al Sal\u00f3n de la Fama pudo celebrar en compa\u00f1\u00eda de otros ex compa\u00f1eros con los cuales consigui\u00f3 los dos campeonatos mundiales (92-93): <strong>Kelly<\/strong> <strong>Gruber<\/strong>, <strong>Devon<\/strong> <strong>White<\/strong>, <strong>Candy<\/strong> <strong>Maldonado<\/strong> y hasta el manager <strong>Cito<\/strong> <strong>Gaston<\/strong>\u2026\u2026\u2026\u2026\u2026\u2026\u2026\u2026\u2026\u2026\u2026\u2026\u2026\u2026\u2026\u2026\u2026\u2026\u2026\u2026\u2026\u2026\u2026\u2026\u2026\u2026<\/p>\n<p>&nbsp;<\/p>\n<p><strong>Payton<\/strong> <strong>Manning<\/strong> de los Potros de Indian\u00e1polis es ahora el mejor pagado en la NFL al firmar un contrato de 5 a\u00f1os y 90 millones de d\u00f3lares. Su salario por a\u00f1o ser\u00e1 de 18 millones, similar al de <strong>Tom<\/strong> <strong>Brady<\/strong> con los Patriotas\u2026\u2026\u2026\u2026.<\/p>\n<p>&nbsp;<\/p>\n<p>En temas de boxeo, les quer\u00eda comentar de la batalla, porque eso fue, una batalla entre dos boxeadoras mexicanas: <strong>Ana<\/strong> <strong>Mar\u00eda<\/strong> <strong>Torres<\/strong> y <strong>Jackie<\/strong> <strong>Nava<\/strong>. Y es que realmente fue una pelea muy buena, ya que en todos los rounds ambas peleadoras dejaron el alma y vaya que si lo hicieron porque al final del 10mo round ten\u00edan la cara toda hinchada y ensangrentada por la cantidad de golpes que se dieron.<\/p>\n<p>Al final el resultado fue para <strong>Ana<\/strong> <strong>Mar\u00eda<\/strong> <strong>Torres<\/strong> y con ello se llevo el Cetro Diamante de Peso Gallo del Consejo Mundial de Boxeo. El resultado pudo haber sido para cualquiera de la dos, pero al final de cuentas me quedo con la gran funci\u00f3n que nos dieron esas dos guerreras las cuales nos demostraron que aunque sean mujeres se saben dar y con todo. No se anduvieron con cosas de subir al ring a dar vueltas, correr o hacer marruller\u00edas como lo hacen muchos boxeadores.<\/p>\n<p>Ojala y se de pronto una tercer pelea entre estas dos boxeadoras y podamos observar otra gran batalla. Anteriormente a este combate yo no era muy asiduo a ver peleas de mujeres pero ante lo que mire este s\u00e1bado realmente me dejo un grato sabor de boca por la calidad en el mismo independientemente de lo mal que acabaron ambas gladiadoras.<\/p>\n<p><strong>Finalmente comentarles que los equipos sonorenses que estaban participando en la Serie Mundial de B\u00e9isbol Pony categor\u00edas 11 y 13 a\u00f1os <\/strong>\u00a0fueron eliminados. Habr\u00e1 que esperar a que regresen estos ni\u00f1os de 11 a\u00f1os pertenecientes a la Liga Kino y quienes representaron a Sonora para que nos comenten como se sintieron de haber ido a jugar hasta la ciudad de Fullerton, California.<\/p>\n<p>Y tambi\u00e9n resaltar la participaci\u00f3n que tendr\u00e1 en los pr\u00f3ximos d\u00edas el equipo de la Liga La Salle dentro de la Serie Mundial de menores de 13 a\u00f1os, en la ciudad de Monterey, California<\/p>\n","protected":false},"excerpt":{"rendered":"<p>Por Rafael Renter\u00eda renteria_rafael@hotmail.com Cada 31 de julio de todos los a\u00f1os dentro del calendario de las ligas mayores es visto como una fecha bastante especial para algunos equipos ya que pueden realizar cambios sin restricciones que les permitan adquirir ciertos peloteros. Y ayer fue precisamente ese d\u00eda donde algunas escuadras que van en buen [&hellip;]<\/p>\n","protected":false},"author":1,"featured_media":0,"comment_status":"open","ping_status":"open","sticky":false,"template":"","format":"standard","meta":{"jetpack_post_was_ever_published":false,"_jetpack_newsletter_access":"","_jetpack_dont_email_post_to_subs":false,"_jetpack_newsletter_tier_id":0,"_jetpack_memberships_contains_paywalled_content":false,"_jetpack_memberships_contains_paid_content":false,"footnotes":"","jetpack_publicize_message":"","jetpack_publicize_feature_enabled":true,"jetpack_social_post_already_shared":false,"jetpack_social_options":{"image_generator_settings":{"template":"highway","enabled":false},"version":2}},"categories":[21,6],"tags":[],"jetpack_publicize_connections":[],"jetpack_featured_media_url":"","jetpack_shortlink":"https:\/\/wp.me\/p2mzaA-ne","jetpack_sharing_enabled":true,"jetpack_likes_enabled":true,"_links":{"self":[{"href":"https:\/\/www.semioticafactual.com\/index.php?rest_route=\/wp\/v2\/posts\/1440"}],"collection":[{"href":"https:\/\/www.semioticafactual.com\/index.php?rest_route=\/wp\/v2\/posts"}],"about":[{"href":"https:\/\/www.semioticafactual.com\/index.php?rest_route=\/wp\/v2\/types\/post"}],"author":[{"embeddable":true,"href":"https:\/\/www.semioticafactual.com\/index.php?rest_route=\/wp\/v2\/users\/1"}],"replies":[{"embeddable":true,"href":"https:\/\/www.semioticafactual.com\/index.php?rest_route=%2Fwp%2Fv2%2Fcomments&post=1440"}],"version-history":[{"count":1,"href":"https:\/\/www.semioticafactual.com\/index.php?rest_route=\/wp\/v2\/posts\/1440\/revisions"}],"predecessor-version":[{"id":1442,"href":"https:\/\/www.semioticafactual.com\/index.php?rest_route=\/wp\/v2\/posts\/1440\/revisions\/1442"}],"wp:attachment":[{"href":"https:\/\/www.semioticafactual.com\/index.php?rest_route=%2Fwp%2Fv2%2Fmedia&parent=1440"}],"wp:term":[{"taxonomy":"category","embeddable":true,"href":"https:\/\/www.semioticafactual.com\/index.php?rest_route=%2Fwp%2Fv2%2Fcategories&post=1440"},{"taxonomy":"post_tag","embeddable":true,"href":"https:\/\/www.semioticafactual.com\/index.php?rest_route=%2Fwp%2Fv2%2Ftags&post=1440"}],"curies":[{"name":"wp","href":"https:\/\/api.w.org\/{rel}","templated":true}]}}