{"id":1428,"date":"2011-08-02T00:39:33","date_gmt":"2011-08-02T00:39:33","guid":{"rendered":"http:\/\/www.semioticafactual.com\/?p=1428"},"modified":"2011-08-02T00:40:42","modified_gmt":"2011-08-02T00:40:42","slug":"%e2%80%a2atiende-diputado-bulmaro-pacheco-planteamientos-de-indigenas-guarijios","status":"publish","type":"post","link":"https:\/\/www.semioticafactual.com\/?p=1428","title":{"rendered":"Diputado Bulmaro Pacamientos de ind\u00edgenas Guarij\u00edosheco plante"},"content":{"rendered":"<p><strong><a class=\"highslide\" onclick=\"return vz.expand(this)\" href=\"https:\/\/i0.wp.com\/www.semioticafactual.com\/wp-content\/uploads\/2011\/08\/Dip.-Bulmaro-Pacheco1.jpg\"><img loading=\"lazy\" decoding=\"async\" data-attachment-id=\"1429\" data-permalink=\"https:\/\/www.semioticafactual.com\/?attachment_id=1429\" data-orig-file=\"https:\/\/i0.wp.com\/www.semioticafactual.com\/wp-content\/uploads\/2011\/08\/Dip.-Bulmaro-Pacheco1.jpg?fit=1280%2C851&amp;ssl=1\" data-orig-size=\"1280,851\" data-comments-opened=\"1\" data-image-meta=\"{&quot;aperture&quot;:&quot;0&quot;,&quot;credit&quot;:&quot;&quot;,&quot;camera&quot;:&quot;&quot;,&quot;caption&quot;:&quot;&quot;,&quot;created_timestamp&quot;:&quot;0&quot;,&quot;copyright&quot;:&quot;&quot;,&quot;focal_length&quot;:&quot;0&quot;,&quot;iso&quot;:&quot;0&quot;,&quot;shutter_speed&quot;:&quot;0&quot;,&quot;title&quot;:&quot;&quot;}\" data-image-title=\"Dip. Bulmaro Pacheco1\" data-image-description=\"\" data-image-caption=\"\" data-medium-file=\"https:\/\/i0.wp.com\/www.semioticafactual.com\/wp-content\/uploads\/2011\/08\/Dip.-Bulmaro-Pacheco1.jpg?fit=300%2C199&amp;ssl=1\" data-large-file=\"https:\/\/i0.wp.com\/www.semioticafactual.com\/wp-content\/uploads\/2011\/08\/Dip.-Bulmaro-Pacheco1.jpg?fit=800%2C531&amp;ssl=1\" tabindex=\"0\" role=\"button\" class=\"alignleft size-medium wp-image-1429\" title=\"Dip. Bulmaro Pacheco1\" src=\"https:\/\/i0.wp.com\/www.semioticafactual.com\/wp-content\/uploads\/2011\/08\/Dip.-Bulmaro-Pacheco1-300x199.jpg?resize=300%2C199\" alt=\"\" width=\"300\" height=\"199\" srcset=\"https:\/\/i0.wp.com\/www.semioticafactual.com\/wp-content\/uploads\/2011\/08\/Dip.-Bulmaro-Pacheco1.jpg?resize=300%2C199&amp;ssl=1 300w, https:\/\/i0.wp.com\/www.semioticafactual.com\/wp-content\/uploads\/2011\/08\/Dip.-Bulmaro-Pacheco1.jpg?resize=1024%2C680&amp;ssl=1 1024w, https:\/\/i0.wp.com\/www.semioticafactual.com\/wp-content\/uploads\/2011\/08\/Dip.-Bulmaro-Pacheco1.jpg?w=1280&amp;ssl=1 1280w\" sizes=\"(max-width: 300px) 100vw, 300px\" data-recalc-dims=\"1\" \/><\/a>Alamos, Sonora; agosto 01 de 2011.- <\/strong>Integrantes de la comunidad ind\u00edgena Guarij\u00edo solicitaron al diputado Bulmaro Pacheco intervenir ante el Gobierno del Estado para ser escuchados antes de que inicie la construcci\u00f3n de la presa \u201cPilares\u201d y gestiones para acabar con la marginaci\u00f3n y pobreza que enfrentan.<\/p>\n<p>\u201cSe han pisoteado nuestros derechos, usos y costumbres desde el principio al no tomarnos en cuenta al iniciar los estudios\u201d\u00a0 se\u00f1alaron los afectados al legislador pri\u00edsta, al cuestionar que hasta el momento no les hayan mostrado el proyecto completo que consideran tendr\u00e1 impacto ambiental, cultural y social de la regi\u00f3n.<\/p>\n<p>En la reuni\u00f3n de trabajo realizada en la comunidad ind\u00edgena \u201cMesa Colorada\u201d en el municipio de \u00c1lamos, los dirigentes de la etnia Guarij\u00edo Jos\u00e9 Alfredo Anaya Rodr\u00edguez, Eulogio Yoquibo Enr\u00edquez, Agust\u00edn M\u00e9ndez Zazueta y Lino Leyva Zazueta hicieron diversos planteamientos a Pacheco Moreno.<\/p>\n<p>Indicaron que hasta el momento solo se han presentado los representantes de la empresa \u201cM\u00e9xico Sustentable\u201d encabezados por Hilario Valenzuela Robles, pero ning\u00fan funcionario del gobierno estatal responsable de dialogar con los ind\u00edgenas.<\/p>\n<p>Ante el diputado Bulmaro Pacheco, los dirigentes del PRI en el municipio, Omar Salas y Benjam\u00edn Anaya, as\u00ed como la representaci\u00f3n del Consejo Ind\u00edgena estatal, plantearon que el Gobierno del Estado los escuche antes de pensar en serio en la construcci\u00f3n de la presa \u201cPilares\u201d porque afectar\u00eda seriamente a su regi\u00f3n.<\/p>\n<p>Adem\u00e1s, solicitaron acceso a la educaci\u00f3n media superior para m\u00e1s de 50 j\u00f3venes de la etnia que concluyeron la telesecundaria y no han podido seguir estudiando, apoyo para el mejoramiento del centro de salud que enfrenta serias carencias.<\/p>\n<p>Asimismo,\u00a0 reparaci\u00f3n de los puentes peatonales colgantes sobre el r\u00edo mayo de Mesa Colorada y Mochibampo, gesti\u00f3n para proyectos productivos para el mejoramiento de la econom\u00eda de los pueblos Guarij\u00edos.<\/p>\n<p>Los Guarij\u00edos que viven en comunidades de los municipios de \u00c1lamos y Quiriego dijeron estar dispuestos al di\u00e1logo y demandaron el apoyo de los tres \u00f3rdenes de gobierno, as\u00ed como de los congresos local y federal, para que sus demandas sean atendidas no solo en tiempo de elecciones, tambi\u00e9n en tiempos de gobierno.<\/p>\n<p>En la reuni\u00f3n, el diputado Bulmaro Pacheco se hizo el compromiso de gestionar sus demandas y regresar en las pr\u00f3ximas semanas a informar de los resultados.<strong><\/strong><\/p>\n","protected":false},"excerpt":{"rendered":"<p>Alamos, Sonora; agosto 01 de 2011.- Integrantes de la comunidad ind\u00edgena Guarij\u00edo solicitaron al diputado Bulmaro Pacheco intervenir ante el Gobierno del Estado para ser escuchados antes de que inicie la construcci\u00f3n de la presa \u201cPilares\u201d y gestiones para acabar con la marginaci\u00f3n y pobreza que enfrentan. \u201cSe han pisoteado nuestros derechos, usos y costumbres [&hellip;]<\/p>\n","protected":false},"author":1,"featured_media":0,"comment_status":"open","ping_status":"open","sticky":false,"template":"","format":"standard","meta":{"jetpack_post_was_ever_published":false,"_jetpack_newsletter_access":"","_jetpack_dont_email_post_to_subs":false,"_jetpack_newsletter_tier_id":0,"_jetpack_memberships_contains_paywalled_content":false,"_jetpack_memberships_contains_paid_content":false,"footnotes":"","jetpack_publicize_message":"","jetpack_publicize_feature_enabled":true,"jetpack_social_post_already_shared":false,"jetpack_social_options":{"image_generator_settings":{"template":"highway","enabled":false},"version":2}},"categories":[1],"tags":[],"jetpack_publicize_connections":[],"jetpack_featured_media_url":"","jetpack_shortlink":"https:\/\/wp.me\/p2mzaA-n2","jetpack_sharing_enabled":true,"jetpack_likes_enabled":true,"_links":{"self":[{"href":"https:\/\/www.semioticafactual.com\/index.php?rest_route=\/wp\/v2\/posts\/1428"}],"collection":[{"href":"https:\/\/www.semioticafactual.com\/index.php?rest_route=\/wp\/v2\/posts"}],"about":[{"href":"https:\/\/www.semioticafactual.com\/index.php?rest_route=\/wp\/v2\/types\/post"}],"author":[{"embeddable":true,"href":"https:\/\/www.semioticafactual.com\/index.php?rest_route=\/wp\/v2\/users\/1"}],"replies":[{"embeddable":true,"href":"https:\/\/www.semioticafactual.com\/index.php?rest_route=%2Fwp%2Fv2%2Fcomments&post=1428"}],"version-history":[{"count":2,"href":"https:\/\/www.semioticafactual.com\/index.php?rest_route=\/wp\/v2\/posts\/1428\/revisions"}],"predecessor-version":[{"id":1431,"href":"https:\/\/www.semioticafactual.com\/index.php?rest_route=\/wp\/v2\/posts\/1428\/revisions\/1431"}],"wp:attachment":[{"href":"https:\/\/www.semioticafactual.com\/index.php?rest_route=%2Fwp%2Fv2%2Fmedia&parent=1428"}],"wp:term":[{"taxonomy":"category","embeddable":true,"href":"https:\/\/www.semioticafactual.com\/index.php?rest_route=%2Fwp%2Fv2%2Fcategories&post=1428"},{"taxonomy":"post_tag","embeddable":true,"href":"https:\/\/www.semioticafactual.com\/index.php?rest_route=%2Fwp%2Fv2%2Ftags&post=1428"}],"curies":[{"name":"wp","href":"https:\/\/api.w.org\/{rel}","templated":true}]}}