{"id":1424,"date":"2011-08-02T00:34:01","date_gmt":"2011-08-02T00:34:01","guid":{"rendered":"http:\/\/www.semioticafactual.com\/?p=1424"},"modified":"2011-08-02T00:34:31","modified_gmt":"2011-08-02T00:34:31","slug":"promueven-cmic-y-fesac-la-responsabilidad-social-empresarial","status":"publish","type":"post","link":"https:\/\/www.semioticafactual.com\/?p=1424","title":{"rendered":"Promueven CMIC y FESAC la Responsabilidad Social Empresarial"},"content":{"rendered":"<p><strong><a class=\"highslide\" onclick=\"return vz.expand(this)\" href=\"https:\/\/i0.wp.com\/www.semioticafactual.com\/wp-content\/uploads\/2011\/08\/CMIC-DONATIVO.jpg\"><img loading=\"lazy\" decoding=\"async\" data-attachment-id=\"1425\" data-permalink=\"https:\/\/www.semioticafactual.com\/?attachment_id=1425\" data-orig-file=\"https:\/\/i0.wp.com\/www.semioticafactual.com\/wp-content\/uploads\/2011\/08\/CMIC-DONATIVO.jpg?fit=800%2C599&amp;ssl=1\" data-orig-size=\"800,599\" data-comments-opened=\"1\" data-image-meta=\"{&quot;aperture&quot;:&quot;0&quot;,&quot;credit&quot;:&quot;&quot;,&quot;camera&quot;:&quot;&quot;,&quot;caption&quot;:&quot;&quot;,&quot;created_timestamp&quot;:&quot;0&quot;,&quot;copyright&quot;:&quot;&quot;,&quot;focal_length&quot;:&quot;0&quot;,&quot;iso&quot;:&quot;0&quot;,&quot;shutter_speed&quot;:&quot;0&quot;,&quot;title&quot;:&quot;&quot;}\" data-image-title=\"CMIC-DONATIVO\" data-image-description=\"\" data-image-caption=\"\" data-medium-file=\"https:\/\/i0.wp.com\/www.semioticafactual.com\/wp-content\/uploads\/2011\/08\/CMIC-DONATIVO.jpg?fit=300%2C224&amp;ssl=1\" data-large-file=\"https:\/\/i0.wp.com\/www.semioticafactual.com\/wp-content\/uploads\/2011\/08\/CMIC-DONATIVO.jpg?fit=800%2C599&amp;ssl=1\" tabindex=\"0\" role=\"button\" class=\"alignleft size-medium wp-image-1425\" title=\"CMIC-DONATIVO\" src=\"https:\/\/i0.wp.com\/www.semioticafactual.com\/wp-content\/uploads\/2011\/08\/CMIC-DONATIVO-300x224.jpg?resize=300%2C224\" alt=\"\" width=\"300\" height=\"224\" srcset=\"https:\/\/i0.wp.com\/www.semioticafactual.com\/wp-content\/uploads\/2011\/08\/CMIC-DONATIVO.jpg?resize=300%2C224&amp;ssl=1 300w, https:\/\/i0.wp.com\/www.semioticafactual.com\/wp-content\/uploads\/2011\/08\/CMIC-DONATIVO.jpg?w=800&amp;ssl=1 800w\" sizes=\"(max-width: 300px) 100vw, 300px\" data-recalc-dims=\"1\" \/><\/a>HERMOSILLO, SONORA A 31 DE JULIO DEL 2011.- \u00a0<\/strong>Jes\u00fas Roberto Sitten Ayala, Presidente de la CMIC, delegaci\u00f3n Sonora, en alianza con la Fundaci\u00f3n del Empresariado Sonorense A.C.. (FESAC), promueve en forma intensa con organismos, empresas y c\u00e1maras asociadas la Responsabilidad Social Empresarial (RSE).<\/p>\n<p>La CMIC delegaci\u00f3n Sonora, es un aliado promotor de la Responsabilidad Social \u00a0Empresarial y lleva como garant\u00eda el invaluable el trabajo desarrollado por el voluntariado y el patronato del Centro del Trabajador de la Construcci\u00f3n, en la obtenci\u00f3n de estos distintivos que lo colocan a la vanguardia a nivel nacional.<\/p>\n<p>En este sentido, el Presidente de la C\u00e1mara empresarial dijo: \u201cnos sumamos a la labor emprendedora a favor de los sectores productivos en beneficio del desarrollo social y econ\u00f3mico del estado, por ello, en alianza con la Fundaci\u00f3n del Empresariado Sonorense A.C., promovemos Empresas Socialmente Responsables.<\/p>\n<p>Con\u00a0 un\u00a0 conjunto de normas\u00a0 y\u00a0 principios\u00a0 referentes\u00a0 a\u00a0 la\u00a0 realidad\u00a0 social,\u00a0 econ\u00f3mica\u00a0 y\u00a0 ambiental\u00a0 que \u00a0se\u00a0 basa\u00a0 en\u00a0 Valores,\u00a0 \u201ccontinuaremos con las acciones de capacitaci\u00f3n para que la fuerza obrera est\u00e9 trabajando al ciento por ciento y que nuestro estado, sea un estado de vanguardia en capacitaci\u00f3n, obra e infraestructura\u201d, expres\u00f3.<\/p>\n<p>Sitten Ayala, Presidente de la C\u00e1mara Mexicana de la Industria de la Construcci\u00f3n (CMIC); delegaci\u00f3n Sonora, record\u00f3 que el pasado 30 de marzo en el marco del IV Encuentro Latinoamericano de Empresas Socialmente Responsables, el organismo que representa fue galardonado \u00a0por tercer a\u00f1o consecutivo con el Distintivo Empresa Socialmente Responsable 2011 (ESR 2011),<strong> <\/strong>organizado por el Centro Mexicano para la Filantrop\u00eda A.C..<\/p>\n<p>Adem\u00e1s, en este mismo \u00a0encuentro, en el que participaron 11 pa\u00edses de Latinoam\u00e9rica, entre ellos M\u00e9xico, CMIC Delegaci\u00f3n Sonora recibi\u00f3 otro \u00a0importante distintivo por parte del Centro Mexicano para la Filantrop\u00eda, por promover la responsabilidad social empresarial (RSE),<strong> <\/strong>la cultura y\u00a0 el conocimiento en Sonora y en\u00a0 M\u00e9xico.<\/p>\n<p><strong>\u00a0<\/strong><\/p>\n","protected":false},"excerpt":{"rendered":"<p>HERMOSILLO, SONORA A 31 DE JULIO DEL 2011.- \u00a0Jes\u00fas Roberto Sitten Ayala, Presidente de la CMIC, delegaci\u00f3n Sonora, en alianza con la Fundaci\u00f3n del Empresariado Sonorense A.C.. (FESAC), promueve en forma intensa con organismos, empresas y c\u00e1maras asociadas la Responsabilidad Social Empresarial (RSE). La CMIC delegaci\u00f3n Sonora, es un aliado promotor de la Responsabilidad Social [&hellip;]<\/p>\n","protected":false},"author":1,"featured_media":0,"comment_status":"open","ping_status":"open","sticky":false,"template":"","format":"standard","meta":{"jetpack_post_was_ever_published":false,"_jetpack_newsletter_access":"","_jetpack_dont_email_post_to_subs":false,"_jetpack_newsletter_tier_id":0,"_jetpack_memberships_contains_paywalled_content":false,"_jetpack_memberships_contains_paid_content":false,"footnotes":"","jetpack_publicize_message":"","jetpack_publicize_feature_enabled":true,"jetpack_social_post_already_shared":false,"jetpack_social_options":{"image_generator_settings":{"template":"highway","enabled":false},"version":2}},"categories":[9],"tags":[],"jetpack_publicize_connections":[],"jetpack_featured_media_url":"","jetpack_shortlink":"https:\/\/wp.me\/p2mzaA-mY","jetpack_sharing_enabled":true,"jetpack_likes_enabled":true,"_links":{"self":[{"href":"https:\/\/www.semioticafactual.com\/index.php?rest_route=\/wp\/v2\/posts\/1424"}],"collection":[{"href":"https:\/\/www.semioticafactual.com\/index.php?rest_route=\/wp\/v2\/posts"}],"about":[{"href":"https:\/\/www.semioticafactual.com\/index.php?rest_route=\/wp\/v2\/types\/post"}],"author":[{"embeddable":true,"href":"https:\/\/www.semioticafactual.com\/index.php?rest_route=\/wp\/v2\/users\/1"}],"replies":[{"embeddable":true,"href":"https:\/\/www.semioticafactual.com\/index.php?rest_route=%2Fwp%2Fv2%2Fcomments&post=1424"}],"version-history":[{"count":2,"href":"https:\/\/www.semioticafactual.com\/index.php?rest_route=\/wp\/v2\/posts\/1424\/revisions"}],"predecessor-version":[{"id":1427,"href":"https:\/\/www.semioticafactual.com\/index.php?rest_route=\/wp\/v2\/posts\/1424\/revisions\/1427"}],"wp:attachment":[{"href":"https:\/\/www.semioticafactual.com\/index.php?rest_route=%2Fwp%2Fv2%2Fmedia&parent=1424"}],"wp:term":[{"taxonomy":"category","embeddable":true,"href":"https:\/\/www.semioticafactual.com\/index.php?rest_route=%2Fwp%2Fv2%2Fcategories&post=1424"},{"taxonomy":"post_tag","embeddable":true,"href":"https:\/\/www.semioticafactual.com\/index.php?rest_route=%2Fwp%2Fv2%2Ftags&post=1424"}],"curies":[{"name":"wp","href":"https:\/\/api.w.org\/{rel}","templated":true}]}}