{"id":1420,"date":"2011-08-02T00:24:45","date_gmt":"2011-08-02T00:24:45","guid":{"rendered":"http:\/\/www.semioticafactual.com\/?p=1420"},"modified":"2011-08-02T00:26:01","modified_gmt":"2011-08-02T00:26:01","slug":"columna-jesus-alberto-cano-velez-amaga-ambiente-recesivo-a-mexico","status":"publish","type":"post","link":"https:\/\/www.semioticafactual.com\/?p=1420","title":{"rendered":"COLUMNA JES\u00daS ALBERTO CANO V\u00c9LEZ: AMAGA AMBIENTE RECESIVO A M\u00c9XICO."},"content":{"rendered":"<p><strong>COLUMNA<a class=\"highslide\" onclick=\"return vz.expand(this)\" href=\"https:\/\/i0.wp.com\/www.semioticafactual.com\/wp-content\/uploads\/2011\/08\/canovelez2.jpg\"><img loading=\"lazy\" decoding=\"async\" data-attachment-id=\"1421\" data-permalink=\"https:\/\/www.semioticafactual.com\/?attachment_id=1421\" data-orig-file=\"https:\/\/i0.wp.com\/www.semioticafactual.com\/wp-content\/uploads\/2011\/08\/canovelez2.jpg?fit=560%2C375&amp;ssl=1\" data-orig-size=\"560,375\" data-comments-opened=\"1\" data-image-meta=\"{&quot;aperture&quot;:&quot;0&quot;,&quot;credit&quot;:&quot;&quot;,&quot;camera&quot;:&quot;&quot;,&quot;caption&quot;:&quot;&quot;,&quot;created_timestamp&quot;:&quot;0&quot;,&quot;copyright&quot;:&quot;&quot;,&quot;focal_length&quot;:&quot;0&quot;,&quot;iso&quot;:&quot;0&quot;,&quot;shutter_speed&quot;:&quot;0&quot;,&quot;title&quot;:&quot;&quot;}\" data-image-title=\"canovelez2\" data-image-description=\"\" data-image-caption=\"\" data-medium-file=\"https:\/\/i0.wp.com\/www.semioticafactual.com\/wp-content\/uploads\/2011\/08\/canovelez2.jpg?fit=300%2C200&amp;ssl=1\" data-large-file=\"https:\/\/i0.wp.com\/www.semioticafactual.com\/wp-content\/uploads\/2011\/08\/canovelez2.jpg?fit=560%2C375&amp;ssl=1\" tabindex=\"0\" role=\"button\" class=\"alignleft size-medium wp-image-1421\" title=\"canovelez2\" src=\"https:\/\/i0.wp.com\/www.semioticafactual.com\/wp-content\/uploads\/2011\/08\/canovelez2-300x200.jpg?resize=300%2C200\" alt=\"\" width=\"300\" height=\"200\" srcset=\"https:\/\/i0.wp.com\/www.semioticafactual.com\/wp-content\/uploads\/2011\/08\/canovelez2.jpg?resize=300%2C200&amp;ssl=1 300w, https:\/\/i0.wp.com\/www.semioticafactual.com\/wp-content\/uploads\/2011\/08\/canovelez2.jpg?w=560&amp;ssl=1 560w\" sizes=\"(max-width: 300px) 100vw, 300px\" data-recalc-dims=\"1\" \/><\/a><br \/>\n<\/strong><\/p>\n<p align=\"center\"><strong>\u00a0AMAGA AMBIENTE RECESIVO A M\u00c9XICO<\/strong><\/p>\n<p align=\"center\"><strong>\u00a0twiter@acanovelez<\/strong><\/p>\n<p><strong>\u00a0<\/strong>Nos preocupan sobremanera las perspectivas de M\u00e9xico, especialmente en\u00a0 2012 y en lo que resta de 2011, etapa que le tocar\u00e1 a la actual administraci\u00f3n del Presidente Calder\u00f3n y su Secretario de Hacienda, Cordero, determinar c\u00f3mo enfrentar las turbulencias econ\u00f3micas, que muy probablemente nos presentar\u00e1n los Estados Unidos y Europa, dos regiones que est\u00e1n en serios problemas econ\u00f3micos, y cuyo desborde ser\u00eda muy grave para nosotros.<\/p>\n<p>Por un lado tenemos la amenaza norteamericana. Es conocido por todos, que el presidente Obama est\u00e1 en el dilema pol\u00edtico de decidir c\u00f3mo resolver el tope de endeudamiento que le tiene autorizado su Congreso; ya que de no tomarse la decisi\u00f3n de ampliarlo, a m\u00e1s tardar el d\u00eda de hoy o ma\u00f1ana, su gobierno tendr\u00eda que decidir con cu\u00e1les de sus deudas cumplir, y con cuales incumplir.<\/p>\n<p>Esa acci\u00f3n, nunca antes tomada, perder\u00eda la confianza de los pa\u00edses en el cumplimiento de los compromisos crediticios de los Estados Unidos.<\/p>\n<p>El problema para nosotros, es que nuestro gobierno es muy renuente a intervenir en el mercado, por su fe en la l\u00f3gica de que siempre tender\u00e1 a regresar a su estado de equilibrio, a\u00fan despu\u00e9s de enfrentar dificultades y grandes virulencias por crisis.<\/p>\n<p>Se dice f\u00e1cil, pero en realidad el asunto es complejo, porque el d\u00f3lar norteamericano es utilizado por la mayor\u00eda de los pa\u00edses como moneda de reserva, y medio de pago, constituy\u00e9ndose como el centro de la liquidez monetaria del mundo.<\/p>\n<p>De manera que hay temor y rumores por las especulaciones y err\u00f3neas decisiones que podr\u00edan surgir en cualquier parte del mundo, en cuanto a las acciones que puedan tomar las autoridades monetarias norteamericanas.<\/p>\n<p>El problema es que el d\u00f3lar, adem\u00e1s de servir como medio circulante en el intercambio de bienes y servicios en la econom\u00eda de los Estados Unidos, es tambi\u00e9n un \u201cpuerto de abrigo\u201d, como reserva internacional de muchos pa\u00edses del orbe.<\/p>\n<p>Obviamente, no creemos que no se d\u00e9 el proceso de ampliaci\u00f3n de la deuda autorizada, porque hay mucho qu\u00e9 perder hasta para los intereses del partido opositor\u00a0 &#8211;conservador&#8211;\u00a0 que en buena medida es el que representa los intereses de la gente de dinero, en ese pa\u00eds. Por lo tanto, es casi seguro que el presidente Obama acepte\u00a0 \u2013a cambio&#8211;\u00a0 tomar una serie de medidas que le est\u00e1n presionando a tomar, como elevar tasas de inter\u00e9s, reducir su gasto, e iniciar un programa de austeridad econ\u00f3mica, en un momento en que la experiencia econ\u00f3mica aconsejar\u00eda hacer lo contrario.<\/p>\n<p>Todas esas son medidas que elevar\u00edan a\u00fan m\u00e1s el nivel de pobreza y desempleo en ese pa\u00eds, bajando su ritmo de producci\u00f3n. Y el gobierno norteamericano podr\u00eda hasta verse ante la necesidad de tomar medidas de protecci\u00f3n econ\u00f3mica, contra las importaciones provenientes de los pa\u00edses con quienes comercia.<\/p>\n<p>Todo ese g\u00e9nero de pol\u00edticas econ\u00f3micas ser\u00edan da\u00f1inas para M\u00e9xico, por nuestra extraordinaria dependencia en su mercado.<\/p>\n<p>*\u00a0\u00a0\u00a0\u00a0 *\u00a0\u00a0\u00a0\u00a0 *\u00a0\u00a0\u00a0\u00a0 *<\/p>\n<p>Luego tambi\u00e9n sufrir\u00edamos los efectos, cual ca\u00edda de domin\u00f3s, que constituir\u00edan las econom\u00edas europeas, que desde hace rato han estado en graves problemas. Primero Grecia, luego Portugal e Irlanda, y extendi\u00e9ndose a las grandes: Espa\u00f1a e Italia. Estas \u00faltimas dos ser\u00edan particularmente graves para el mundo, porque de ocurrir, estar\u00edamos viendo un cuadro muy similar al que llev\u00f3 al mundo a la gran depresi\u00f3n de los a\u00f1os 20\u2019s del Siglo pasado<\/p>\n<p>Y para agravar a\u00fan m\u00e1s la cosa, tendr\u00edamos un gobierno totalmente incapaz de tomar medidas para generar demanda y establecer acciones pol\u00edticas de protecci\u00f3n, absolutamente necesarias para crear un mercado interno y cuidar nuestra econom\u00eda y empleo de esa virulencia internacional.<\/p>\n<p>&#8211;\u00a0\u00a0\u00a0\u00a0\u00a0\u00a0 <strong><em>Diputado Federal de la LXI Legislatura por la primera circunscripci\u00f3n donde se desempe\u00f1a como Secretario de la Comisi\u00f3n de Presupuesto y Cuenta P\u00fablica, e integrante de la Comisi\u00f3n de Hacienda y Cr\u00e9dito P\u00fablico.<\/em><\/strong><\/p>\n<p><strong><em>Presidente del Consejo Nacional Directivo de El Colegio Nacional de Economistas.<\/em><\/strong><strong><\/strong><\/p>\n<p align=\"center\"><strong>\u00a0<\/strong><\/p>\n<p>&nbsp;<\/p>\n","protected":false},"excerpt":{"rendered":"<p>COLUMNA \u00a0AMAGA AMBIENTE RECESIVO A M\u00c9XICO \u00a0twiter@acanovelez \u00a0Nos preocupan sobremanera las perspectivas de M\u00e9xico, especialmente en\u00a0 2012 y en lo que resta de 2011, etapa que le tocar\u00e1 a la actual administraci\u00f3n del Presidente Calder\u00f3n y su Secretario de Hacienda, Cordero, determinar c\u00f3mo enfrentar las turbulencias econ\u00f3micas, que muy probablemente nos presentar\u00e1n los Estados Unidos [&hellip;]<\/p>\n","protected":false},"author":1,"featured_media":0,"comment_status":"open","ping_status":"open","sticky":false,"template":"","format":"standard","meta":{"jetpack_post_was_ever_published":false,"_jetpack_newsletter_access":"","_jetpack_dont_email_post_to_subs":false,"_jetpack_newsletter_tier_id":0,"_jetpack_memberships_contains_paywalled_content":false,"_jetpack_memberships_contains_paid_content":false,"footnotes":"","jetpack_publicize_message":"","jetpack_publicize_feature_enabled":true,"jetpack_social_post_already_shared":false,"jetpack_social_options":{"image_generator_settings":{"template":"highway","enabled":false},"version":2}},"categories":[21,14],"tags":[],"jetpack_publicize_connections":[],"jetpack_featured_media_url":"","jetpack_shortlink":"https:\/\/wp.me\/p2mzaA-mU","jetpack_sharing_enabled":true,"jetpack_likes_enabled":true,"_links":{"self":[{"href":"https:\/\/www.semioticafactual.com\/index.php?rest_route=\/wp\/v2\/posts\/1420"}],"collection":[{"href":"https:\/\/www.semioticafactual.com\/index.php?rest_route=\/wp\/v2\/posts"}],"about":[{"href":"https:\/\/www.semioticafactual.com\/index.php?rest_route=\/wp\/v2\/types\/post"}],"author":[{"embeddable":true,"href":"https:\/\/www.semioticafactual.com\/index.php?rest_route=\/wp\/v2\/users\/1"}],"replies":[{"embeddable":true,"href":"https:\/\/www.semioticafactual.com\/index.php?rest_route=%2Fwp%2Fv2%2Fcomments&post=1420"}],"version-history":[{"count":2,"href":"https:\/\/www.semioticafactual.com\/index.php?rest_route=\/wp\/v2\/posts\/1420\/revisions"}],"predecessor-version":[{"id":1423,"href":"https:\/\/www.semioticafactual.com\/index.php?rest_route=\/wp\/v2\/posts\/1420\/revisions\/1423"}],"wp:attachment":[{"href":"https:\/\/www.semioticafactual.com\/index.php?rest_route=%2Fwp%2Fv2%2Fmedia&parent=1420"}],"wp:term":[{"taxonomy":"category","embeddable":true,"href":"https:\/\/www.semioticafactual.com\/index.php?rest_route=%2Fwp%2Fv2%2Fcategories&post=1420"},{"taxonomy":"post_tag","embeddable":true,"href":"https:\/\/www.semioticafactual.com\/index.php?rest_route=%2Fwp%2Fv2%2Ftags&post=1420"}],"curies":[{"name":"wp","href":"https:\/\/api.w.org\/{rel}","templated":true}]}}