{"id":1340,"date":"2011-07-28T14:31:18","date_gmt":"2011-07-28T14:31:18","guid":{"rendered":"http:\/\/www.semioticafactual.com\/?p=1340"},"modified":"2011-07-28T14:31:18","modified_gmt":"2011-07-28T14:31:18","slug":"firman-cmic-y-la-uvm-convenio-de-colaboracion","status":"publish","type":"post","link":"https:\/\/www.semioticafactual.com\/?p=1340","title":{"rendered":"Firman CMIC y la UVM convenio de colaboraci\u00f3n"},"content":{"rendered":"<p><strong><a class=\"highslide\" onclick=\"return vz.expand(this)\" href=\"https:\/\/i0.wp.com\/www.semioticafactual.com\/wp-content\/uploads\/2011\/07\/CMIC-UVM1-1.jpg\"><img loading=\"lazy\" decoding=\"async\" data-attachment-id=\"1341\" data-permalink=\"https:\/\/www.semioticafactual.com\/?attachment_id=1341\" data-orig-file=\"https:\/\/i0.wp.com\/www.semioticafactual.com\/wp-content\/uploads\/2011\/07\/CMIC-UVM1-1.jpg?fit=951%2C810&amp;ssl=1\" data-orig-size=\"951,810\" data-comments-opened=\"1\" data-image-meta=\"{&quot;aperture&quot;:&quot;0&quot;,&quot;credit&quot;:&quot;&quot;,&quot;camera&quot;:&quot;&quot;,&quot;caption&quot;:&quot;&quot;,&quot;created_timestamp&quot;:&quot;0&quot;,&quot;copyright&quot;:&quot;&quot;,&quot;focal_length&quot;:&quot;0&quot;,&quot;iso&quot;:&quot;0&quot;,&quot;shutter_speed&quot;:&quot;0&quot;,&quot;title&quot;:&quot;&quot;}\" data-image-title=\"CMIC-UVM1 (1)\" data-image-description=\"\" data-image-caption=\"\" data-medium-file=\"https:\/\/i0.wp.com\/www.semioticafactual.com\/wp-content\/uploads\/2011\/07\/CMIC-UVM1-1.jpg?fit=300%2C255&amp;ssl=1\" data-large-file=\"https:\/\/i0.wp.com\/www.semioticafactual.com\/wp-content\/uploads\/2011\/07\/CMIC-UVM1-1.jpg?fit=800%2C681&amp;ssl=1\" tabindex=\"0\" role=\"button\" class=\"alignright size-medium wp-image-1341\" title=\"CMIC-UVM1 (1)\" src=\"https:\/\/i0.wp.com\/www.semioticafactual.com\/wp-content\/uploads\/2011\/07\/CMIC-UVM1-1-300x255.jpg?resize=300%2C255\" alt=\"\" width=\"300\" height=\"255\" srcset=\"https:\/\/i0.wp.com\/www.semioticafactual.com\/wp-content\/uploads\/2011\/07\/CMIC-UVM1-1.jpg?resize=300%2C255&amp;ssl=1 300w, https:\/\/i0.wp.com\/www.semioticafactual.com\/wp-content\/uploads\/2011\/07\/CMIC-UVM1-1.jpg?w=951&amp;ssl=1 951w\" sizes=\"(max-width: 300px) 100vw, 300px\" data-recalc-dims=\"1\" \/><\/a>HERMOSILLO, SON., A 27 DE JULIO DEL 2011.-<\/strong> Jes\u00fas Roberto Sitten Ayala, Presidente de la C\u00e1mara Mexicana de la Industria de la Construcci\u00f3n (CMIC), delegaci\u00f3n Sonora y Mar\u00eda Luisa Valdez Ibarra, rectora de la Universidad del Valle de M\u00e9xico (UVM), firmaron un convenio de colaboraci\u00f3n que permite fomentar la alta profesionalizaci\u00f3n de los estudiantes de ingenier\u00edas y arquitecturas de esta instituci\u00f3n educativa.<\/p>\n<p>\u201cTenemos el deber de seguir fomentando la alta profesionalizaci\u00f3n de los estudiantes de Ingenier\u00edas y Arquitectura, ya que actualmente la tecnolog\u00eda avanza a pasos agigantados, as\u00ed es como debemos capacitar a las nuevas generaciones para ir a la par con las exigencias tecnol\u00f3gicas\u201d, dijo Sitten Ayala.<\/p>\n<p>Recalc\u00f3: \u201cEn la C\u00e1mara tenemos la mejor disposici\u00f3n de establecer los convenios de colaboraci\u00f3n con las escuelas de nivel superior y damos la m\u00e1s cordial bienvenida a la Universidad del Valle de M\u00e9xico\u201d.<\/p>\n<p>La CMIC delegaci\u00f3n Sonora ha firmado este tipo de convenios con otras instituciones de educaci\u00f3n superior, a fin de que los egresados tengan una capacitaci\u00f3n a la vanguardia en tecnolog\u00eda en su desempe\u00f1o profesional.<\/p>\n<p>En este sentido, contin\u00faa la convocatoria abierta para que catedr\u00e1ticos y estudiantes de las diversas carreras relacionadas con la construcci\u00f3n como arquitectura e ingenier\u00eda se capaciten gratis, en la CMIC en la tecnolog\u00eda Building Information Modeling (BIM), indic\u00f3 Jes\u00fas Roberto Sitten.<\/p>\n<p>En esta importante firma de convenio tambi\u00e9n participaron: Leticia Belem Amezaga Ram\u00edrez, Directora Acad\u00e9mica de la UVM y Mart\u00edn Grajeda Arag\u00f3n, Gerente General de la CMIC delegaci\u00f3n Sonora.<\/p>\n<p>&nbsp;<\/p>\n<p>&nbsp;<\/p>\n<p>&nbsp;<\/p>\n","protected":false},"excerpt":{"rendered":"<p>HERMOSILLO, SON., A 27 DE JULIO DEL 2011.- Jes\u00fas Roberto Sitten Ayala, Presidente de la C\u00e1mara Mexicana de la Industria de la Construcci\u00f3n (CMIC), delegaci\u00f3n Sonora y Mar\u00eda Luisa Valdez Ibarra, rectora de la Universidad del Valle de M\u00e9xico (UVM), firmaron un convenio de colaboraci\u00f3n que permite fomentar la alta profesionalizaci\u00f3n de los estudiantes de [&hellip;]<\/p>\n","protected":false},"author":1,"featured_media":0,"comment_status":"open","ping_status":"open","sticky":false,"template":"","format":"standard","meta":{"jetpack_post_was_ever_published":false,"_jetpack_newsletter_access":"","_jetpack_dont_email_post_to_subs":false,"_jetpack_newsletter_tier_id":0,"_jetpack_memberships_contains_paywalled_content":false,"_jetpack_memberships_contains_paid_content":false,"footnotes":"","jetpack_publicize_message":"","jetpack_publicize_feature_enabled":true,"jetpack_social_post_already_shared":false,"jetpack_social_options":{"image_generator_settings":{"template":"highway","enabled":false},"version":2}},"categories":[18],"tags":[],"jetpack_publicize_connections":[],"jetpack_featured_media_url":"","jetpack_shortlink":"https:\/\/wp.me\/p2mzaA-lC","jetpack_sharing_enabled":true,"jetpack_likes_enabled":true,"_links":{"self":[{"href":"https:\/\/www.semioticafactual.com\/index.php?rest_route=\/wp\/v2\/posts\/1340"}],"collection":[{"href":"https:\/\/www.semioticafactual.com\/index.php?rest_route=\/wp\/v2\/posts"}],"about":[{"href":"https:\/\/www.semioticafactual.com\/index.php?rest_route=\/wp\/v2\/types\/post"}],"author":[{"embeddable":true,"href":"https:\/\/www.semioticafactual.com\/index.php?rest_route=\/wp\/v2\/users\/1"}],"replies":[{"embeddable":true,"href":"https:\/\/www.semioticafactual.com\/index.php?rest_route=%2Fwp%2Fv2%2Fcomments&post=1340"}],"version-history":[{"count":3,"href":"https:\/\/www.semioticafactual.com\/index.php?rest_route=\/wp\/v2\/posts\/1340\/revisions"}],"predecessor-version":[{"id":1345,"href":"https:\/\/www.semioticafactual.com\/index.php?rest_route=\/wp\/v2\/posts\/1340\/revisions\/1345"}],"wp:attachment":[{"href":"https:\/\/www.semioticafactual.com\/index.php?rest_route=%2Fwp%2Fv2%2Fmedia&parent=1340"}],"wp:term":[{"taxonomy":"category","embeddable":true,"href":"https:\/\/www.semioticafactual.com\/index.php?rest_route=%2Fwp%2Fv2%2Fcategories&post=1340"},{"taxonomy":"post_tag","embeddable":true,"href":"https:\/\/www.semioticafactual.com\/index.php?rest_route=%2Fwp%2Fv2%2Ftags&post=1340"}],"curies":[{"name":"wp","href":"https:\/\/api.w.org\/{rel}","templated":true}]}}