{"id":1334,"date":"2011-07-27T03:53:59","date_gmt":"2011-07-27T03:53:59","guid":{"rendered":"http:\/\/www.semioticafactual.com\/?p=1334"},"modified":"2011-07-27T03:53:59","modified_gmt":"2011-07-27T03:53:59","slug":"ali-soto-macias-primer-luchador-mexicano-en-el-top-ten-mundial","status":"publish","type":"post","link":"https:\/\/www.semioticafactual.com\/?p=1334","title":{"rendered":"Al\u00ed Soto Mac\u00edas, primer luchador mexicano en el top ten mundial"},"content":{"rendered":"<p><strong>Al\u00ed Soto Mac\u00edas, primer luchador mexicano en el\u00a0<em>top ten<\/em>\u00a0mundial<\/strong><\/p>\n<p><em>Con su triunfo ante Ukrania, el atleta sonorense queda s\u00e9ptimo en el Campeonato Mundial Juvenil de Luchas Asociadas que se lleva a cabo en Rumania<\/em><\/p>\n<p>Arturo Soto Mungu\u00eda<\/p>\n<p>El gladiador sonorense Al\u00ed Soto Mac\u00edas se convirti\u00f3 en el primer mexicano que se mete al\u00a0<em>top ten<\/em>mundial, tras ganar su primera pelea en el Campeonato Mundial Juvenil de Luchas Asociadas, que se lleva a cabo en Bucarest, Rumania.<\/p>\n<p>Soto Mac\u00edas forma parte del representativo nacional que compite en ese torneo en el que participan los seleccionados de m\u00e1s de 50 pa\u00edses de todo el mundo, en los estilos grecorromana, femenil y libre.<\/p>\n<p>El luchador sonorense, campe\u00f3n nacional y campe\u00f3n panamericano en los 50 kilos, estilo grecorromano, gan\u00f3 sobradamente su primera pelea contra el luchador ukraniano Oleksandr Starovoyt, a quien venci\u00f3 en dos tiempos con marcador de 4-0 y 2-0, para un global de 6-0.<\/p>\n<p>&nbsp;<\/p>\n<div id=\"attachment_1335\" style=\"width: 286px\" class=\"wp-caption alignright\"><a class=\"highslide\" onclick=\"return vz.expand(this)\" href=\"https:\/\/i0.wp.com\/www.semioticafactual.com\/wp-content\/uploads\/2011\/07\/2.jpg\"><img loading=\"lazy\" decoding=\"async\" aria-describedby=\"caption-attachment-1335\" data-attachment-id=\"1335\" data-permalink=\"https:\/\/www.semioticafactual.com\/?attachment_id=1335\" data-orig-file=\"https:\/\/i0.wp.com\/www.semioticafactual.com\/wp-content\/uploads\/2011\/07\/2.jpg?fit=276%2C173&amp;ssl=1\" data-orig-size=\"276,173\" data-comments-opened=\"1\" data-image-meta=\"{&quot;aperture&quot;:&quot;0&quot;,&quot;credit&quot;:&quot;&quot;,&quot;camera&quot;:&quot;&quot;,&quot;caption&quot;:&quot;&quot;,&quot;created_timestamp&quot;:&quot;0&quot;,&quot;copyright&quot;:&quot;&quot;,&quot;focal_length&quot;:&quot;0&quot;,&quot;iso&quot;:&quot;0&quot;,&quot;shutter_speed&quot;:&quot;0&quot;,&quot;title&quot;:&quot;&quot;}\" data-image-title=\"2\" data-image-description=\"\" data-image-caption=\"&lt;p&gt;\u00abCarrera ascendente ahora ya es el s\u00e9ptimo mejor del mundo\u00bb&lt;\/p&gt;\n\" data-medium-file=\"https:\/\/i0.wp.com\/www.semioticafactual.com\/wp-content\/uploads\/2011\/07\/2.jpg?fit=276%2C173&amp;ssl=1\" data-large-file=\"https:\/\/i0.wp.com\/www.semioticafactual.com\/wp-content\/uploads\/2011\/07\/2.jpg?fit=276%2C173&amp;ssl=1\" tabindex=\"0\" role=\"button\" class=\"size-full wp-image-1335\" title=\"2\" src=\"https:\/\/i0.wp.com\/www.semioticafactual.com\/wp-content\/uploads\/2011\/07\/2.jpg?resize=276%2C173\" alt=\"\" width=\"276\" height=\"173\" data-recalc-dims=\"1\" \/><\/a><p id=\"caption-attachment-1335\" class=\"wp-caption-text\">&quot;Carrera ascendente ahora ya es el s\u00e9ptimo mejor del mundo&quot;<\/p><\/div>\n<p>Con este triunfo, el sonorense queda rankeado en el lugar n\u00famero 7 del mundo, lo que le abre las puertas para posteriores justas internacionales y lo consolida como el mejor luchador de grecorromana en los 50 kilos, despu\u00e9s de conquistar el oro en la Olimpiada Nacional 2011, y repetir en lo m\u00e1s alto del podio en el Campeonato Juvenil Panamericano realizado en Sao Paulo, Brasil.<\/p>\n<p>Cabe precisar que los resultados en el primer d\u00eda de competencia en el mundial de Bucarest no le fueron del todo favorables al seleccionado nacional, pues Al\u00ed Soto Mac\u00edas fue el \u00fanico luchador mexicano que logr\u00f3 pasar a la siguiente fase, en la que perdi\u00f3 en una apretada pelea con Batyrbek Kurmakaziev, representante de la rep\u00fablica de Kirgiszt\u00e1n; el marcador fue de 2-0 y 1-0 en dos tiempos re\u00f1id\u00edsimos.<\/p>\n<p>&nbsp;<\/p>\n<p>Otros luchadores mexicanos que compitieron en este mundial son Vicente G\u00f3mez Daniel (74 kilos), quien qued\u00f3 rankeado en el sitio 27, y V\u00edctor M\u00e9ndez Hidalgo, en los 60 kilos, quien tampoco pudo pasar la primera ronda.<\/p>\n<p>Este mi\u00e9rcoles habr\u00e1n de llevarse a cabo las peleas en estilo femenil, donde Sonora cuenta con una excelente representante: Celia Karina Olea, quien compite en los 51 kilogramos.<\/p>\n<p>En este campeonato participan m\u00e1s de 500 gladiadores en los tres estilos, provenientes de m\u00e1s de 50 pa\u00edses<\/p>\n","protected":false},"excerpt":{"rendered":"<p>Al\u00ed Soto Mac\u00edas, primer luchador mexicano en el\u00a0top ten\u00a0mundial Con su triunfo ante Ukrania, el atleta sonorense queda s\u00e9ptimo en el Campeonato Mundial Juvenil de Luchas Asociadas que se lleva a cabo en Rumania Arturo Soto Mungu\u00eda El gladiador sonorense Al\u00ed Soto Mac\u00edas se convirti\u00f3 en el primer mexicano que se mete al\u00a0top tenmundial, tras [&hellip;]<\/p>\n","protected":false},"author":1,"featured_media":0,"comment_status":"open","ping_status":"open","sticky":false,"template":"","format":"standard","meta":{"jetpack_post_was_ever_published":false,"_jetpack_newsletter_access":"","_jetpack_dont_email_post_to_subs":false,"_jetpack_newsletter_tier_id":0,"_jetpack_memberships_contains_paywalled_content":false,"_jetpack_memberships_contains_paid_content":false,"footnotes":"","jetpack_publicize_message":"","jetpack_publicize_feature_enabled":true,"jetpack_social_post_already_shared":false,"jetpack_social_options":{"image_generator_settings":{"template":"highway","enabled":false},"version":2}},"categories":[6],"tags":[],"jetpack_publicize_connections":[],"jetpack_featured_media_url":"","jetpack_shortlink":"https:\/\/wp.me\/p2mzaA-lw","jetpack_sharing_enabled":true,"jetpack_likes_enabled":true,"_links":{"self":[{"href":"https:\/\/www.semioticafactual.com\/index.php?rest_route=\/wp\/v2\/posts\/1334"}],"collection":[{"href":"https:\/\/www.semioticafactual.com\/index.php?rest_route=\/wp\/v2\/posts"}],"about":[{"href":"https:\/\/www.semioticafactual.com\/index.php?rest_route=\/wp\/v2\/types\/post"}],"author":[{"embeddable":true,"href":"https:\/\/www.semioticafactual.com\/index.php?rest_route=\/wp\/v2\/users\/1"}],"replies":[{"embeddable":true,"href":"https:\/\/www.semioticafactual.com\/index.php?rest_route=%2Fwp%2Fv2%2Fcomments&post=1334"}],"version-history":[{"count":1,"href":"https:\/\/www.semioticafactual.com\/index.php?rest_route=\/wp\/v2\/posts\/1334\/revisions"}],"predecessor-version":[{"id":1336,"href":"https:\/\/www.semioticafactual.com\/index.php?rest_route=\/wp\/v2\/posts\/1334\/revisions\/1336"}],"wp:attachment":[{"href":"https:\/\/www.semioticafactual.com\/index.php?rest_route=%2Fwp%2Fv2%2Fmedia&parent=1334"}],"wp:term":[{"taxonomy":"category","embeddable":true,"href":"https:\/\/www.semioticafactual.com\/index.php?rest_route=%2Fwp%2Fv2%2Fcategories&post=1334"},{"taxonomy":"post_tag","embeddable":true,"href":"https:\/\/www.semioticafactual.com\/index.php?rest_route=%2Fwp%2Fv2%2Ftags&post=1334"}],"curies":[{"name":"wp","href":"https:\/\/api.w.org\/{rel}","templated":true}]}}