{"id":1326,"date":"2011-07-27T03:20:43","date_gmt":"2011-07-27T03:20:43","guid":{"rendered":"http:\/\/www.semioticafactual.com\/?p=1326"},"modified":"2011-07-27T19:27:15","modified_gmt":"2011-07-27T19:27:15","slug":"mexico-debe-caminar-hacia-la-seguridad-alimentaria-cano-velez","status":"publish","type":"post","link":"https:\/\/www.semioticafactual.com\/?p=1326","title":{"rendered":"M\u00e9xico debe caminar hacia la seguridad alimentaria: Cano V\u00e9lez"},"content":{"rendered":"<p><strong><em>En reuni\u00f3n con productores reitera su compromiso de apoyo al campo.<\/em><\/strong><\/p>\n<p><strong><em><\/em><\/strong><strong><em>Coincide con el apoyo t\u00e9cnico a productores<\/em><\/strong><\/p>\n<p>Semi\u00f3tica factual.com<\/p>\n<div id=\"attachment_1327\" style=\"width: 310px\" class=\"wp-caption alignright\"><a class=\"highslide\" onclick=\"return vz.expand(this)\" href=\"https:\/\/i0.wp.com\/www.semioticafactual.com\/wp-content\/uploads\/2011\/07\/26-07-11-boletin-union-agricola.jpg\"><img loading=\"lazy\" decoding=\"async\" aria-describedby=\"caption-attachment-1327\" data-attachment-id=\"1327\" data-permalink=\"https:\/\/www.semioticafactual.com\/?attachment_id=1327\" data-orig-file=\"https:\/\/i0.wp.com\/www.semioticafactual.com\/wp-content\/uploads\/2011\/07\/26-07-11-boletin-union-agricola.jpg?fit=2816%2C1880&amp;ssl=1\" data-orig-size=\"2816,1880\" data-comments-opened=\"1\" data-image-meta=\"{&quot;aperture&quot;:&quot;0&quot;,&quot;credit&quot;:&quot;&quot;,&quot;camera&quot;:&quot;&quot;,&quot;caption&quot;:&quot;&quot;,&quot;created_timestamp&quot;:&quot;0&quot;,&quot;copyright&quot;:&quot;&quot;,&quot;focal_length&quot;:&quot;0&quot;,&quot;iso&quot;:&quot;0&quot;,&quot;shutter_speed&quot;:&quot;0&quot;,&quot;title&quot;:&quot;&quot;}\" data-image-title=\"26-07-11 boletin union agricola\" data-image-description=\"\" data-image-caption=\"&lt;p&gt;\u00abingenieros  de la Federaci\u00f3n Agron\u00f3mica de Cajeme  e integrantes de la CNC, quienes le solicitaron su apoyo para el sector \u201cporque el ejecutivo estatal nos tiene olvidados\u201d&lt;\/p&gt;\n\" data-medium-file=\"https:\/\/i0.wp.com\/www.semioticafactual.com\/wp-content\/uploads\/2011\/07\/26-07-11-boletin-union-agricola.jpg?fit=300%2C200&amp;ssl=1\" data-large-file=\"https:\/\/i0.wp.com\/www.semioticafactual.com\/wp-content\/uploads\/2011\/07\/26-07-11-boletin-union-agricola.jpg?fit=800%2C534&amp;ssl=1\" tabindex=\"0\" role=\"button\" class=\"size-medium wp-image-1327\" title=\"26-07-11 boletin union agricola\" src=\"https:\/\/i0.wp.com\/www.semioticafactual.com\/wp-content\/uploads\/2011\/07\/26-07-11-boletin-union-agricola-300x200.jpg?resize=300%2C200\" alt=\"\" width=\"300\" height=\"200\" srcset=\"https:\/\/i0.wp.com\/www.semioticafactual.com\/wp-content\/uploads\/2011\/07\/26-07-11-boletin-union-agricola.jpg?resize=300%2C200&amp;ssl=1 300w, https:\/\/i0.wp.com\/www.semioticafactual.com\/wp-content\/uploads\/2011\/07\/26-07-11-boletin-union-agricola.jpg?resize=1024%2C683&amp;ssl=1 1024w, https:\/\/i0.wp.com\/www.semioticafactual.com\/wp-content\/uploads\/2011\/07\/26-07-11-boletin-union-agricola.jpg?w=1600 1600w, https:\/\/i0.wp.com\/www.semioticafactual.com\/wp-content\/uploads\/2011\/07\/26-07-11-boletin-union-agricola.jpg?w=2400 2400w\" sizes=\"(max-width: 300px) 100vw, 300px\" data-recalc-dims=\"1\" \/><\/a><p id=\"caption-attachment-1327\" class=\"wp-caption-text\">&quot;ingenieros de la Federaci\u00f3n Agron\u00f3mica de Cajeme e integrantes de la CNC, quienes le solicitaron su apoyo para el sector \u201cporque el ejecutivo estatal nos tiene olvidados\u201d<\/p><\/div>\n<p>Los productores agr\u00edcolas deben \u00a0contar con el apoyo t\u00e9cnico especializado si es que queremos promover el desarrollo rural, as\u00ed lo manifest\u00f3 el diputado Jes\u00fas Alberto Cano V\u00e9lez.<\/p>\n<p>Durante su gira en Ciudad Obreg\u00f3n y el Valle del Yaqui, el legislador priista se reuni\u00f3 con ingenieros \u00a0de la Federaci\u00f3n Agron\u00f3mica de Cajeme \u00a0e integrantes de la CNC, quienes le solicitaron su apoyo para el sector \u201cporque el ejecutivo estatal nos tiene olvidados\u201d.<\/p>\n<p>Por su parte, el secretario de la Comisi\u00f3n de Presupuesto y Cuenta P\u00fablica asever\u00f3 que para el Revolucionario Institucional el desarrollo del campo es un tema prioritario y muestra de ello, es que en el marco de la aprobaci\u00f3n del presupuesto de este a\u00f1o, lograron canalizar recursos\u00a0 a trav\u00e9s del Programa Especial Concurrente (PEC) por 294 mil \u00a0millones de pesos.<\/p>\n<p>\u201cLos diputados priistas incrementamos en cerca de 34 mil millones de pesos al PEC respecto a la propuesta que envi\u00f3 el Ejecutivo, \u00a0porque para nosotros es fundamental el est\u00edmulo al sector agropecuario\u201d asever\u00f3 Cano V\u00e9lez.<\/p>\n<p>Asimismo, los ingenieros agrupados presentaron al legislador el proyecto denominado \u201cAsistencia t\u00e9cnica\u201d, en donde alertan sobre la importancia de que los productores del campo cuenten con el apoyo de agr\u00f3nomos para mejorar el desarrollo y explotaci\u00f3n de sus aguas.<\/p>\n<p>Tras escuchar su exposici\u00f3n, Cano V\u00e9lez respald\u00f3 esta propuesta<a name=\"_GoBack\" target=\"_blank\"><\/a>\u00a0y \u00a0agreg\u00f3 que esta asesor\u00eda, ir\u00eda en concordancia a las recomendaciones emitidas por la FAO (Food and Agriculture Organization) en el sentido de que los pa\u00edses deben producir el 75 por ciento de los alimentos que requiere su poblaci\u00f3n, por lo que si deseamos contar en M\u00e9xico con una seguridad alimentaria, debemos instaurar mecanismos que detonen al campo mexicano, sobre todo al de Sonora.<\/p>\n<p>Por su parte, la l\u00edder estatal de la Confederaci\u00f3n Nacional Campesina (CNC), Mar\u00eda de los \u00c1ngeles Higuera S\u00e1nchez, reconoci\u00f3 no s\u00f3lo el que el legislador los haya recibido, sino la serie de gestiones que ha logrado para el gremio, lo que \u2013subray\u00f3- demuestra el compromiso que tiene Cano V\u00e9lez, no s\u00f3lo con el sector, sino con los sonorenses.<\/p>\n<p>&nbsp;<\/p>\n","protected":false},"excerpt":{"rendered":"<p>En reuni\u00f3n con productores reitera su compromiso de apoyo al campo. Coincide con el apoyo t\u00e9cnico a productores Semi\u00f3tica factual.com Los productores agr\u00edcolas deben \u00a0contar con el apoyo t\u00e9cnico especializado si es que queremos promover el desarrollo rural, as\u00ed lo manifest\u00f3 el diputado Jes\u00fas Alberto Cano V\u00e9lez. Durante su gira en Ciudad Obreg\u00f3n y el [&hellip;]<\/p>\n","protected":false},"author":1,"featured_media":0,"comment_status":"open","ping_status":"open","sticky":false,"template":"","format":"standard","meta":{"jetpack_post_was_ever_published":false,"_jetpack_newsletter_access":"","_jetpack_dont_email_post_to_subs":false,"_jetpack_newsletter_tier_id":0,"_jetpack_memberships_contains_paywalled_content":false,"_jetpack_memberships_contains_paid_content":false,"footnotes":"","jetpack_publicize_message":"","jetpack_publicize_feature_enabled":true,"jetpack_social_post_already_shared":false,"jetpack_social_options":{"image_generator_settings":{"template":"highway","enabled":false},"version":2}},"categories":[1,9,17],"tags":[],"jetpack_publicize_connections":[],"jetpack_featured_media_url":"","jetpack_shortlink":"https:\/\/wp.me\/p2mzaA-lo","jetpack_sharing_enabled":true,"jetpack_likes_enabled":true,"_links":{"self":[{"href":"https:\/\/www.semioticafactual.com\/index.php?rest_route=\/wp\/v2\/posts\/1326"}],"collection":[{"href":"https:\/\/www.semioticafactual.com\/index.php?rest_route=\/wp\/v2\/posts"}],"about":[{"href":"https:\/\/www.semioticafactual.com\/index.php?rest_route=\/wp\/v2\/types\/post"}],"author":[{"embeddable":true,"href":"https:\/\/www.semioticafactual.com\/index.php?rest_route=\/wp\/v2\/users\/1"}],"replies":[{"embeddable":true,"href":"https:\/\/www.semioticafactual.com\/index.php?rest_route=%2Fwp%2Fv2%2Fcomments&post=1326"}],"version-history":[{"count":6,"href":"https:\/\/www.semioticafactual.com\/index.php?rest_route=\/wp\/v2\/posts\/1326\/revisions"}],"predecessor-version":[{"id":1338,"href":"https:\/\/www.semioticafactual.com\/index.php?rest_route=\/wp\/v2\/posts\/1326\/revisions\/1338"}],"wp:attachment":[{"href":"https:\/\/www.semioticafactual.com\/index.php?rest_route=%2Fwp%2Fv2%2Fmedia&parent=1326"}],"wp:term":[{"taxonomy":"category","embeddable":true,"href":"https:\/\/www.semioticafactual.com\/index.php?rest_route=%2Fwp%2Fv2%2Fcategories&post=1326"},{"taxonomy":"post_tag","embeddable":true,"href":"https:\/\/www.semioticafactual.com\/index.php?rest_route=%2Fwp%2Fv2%2Ftags&post=1326"}],"curies":[{"name":"wp","href":"https:\/\/api.w.org\/{rel}","templated":true}]}}