{"id":1308,"date":"2011-07-26T18:41:36","date_gmt":"2011-07-26T18:41:36","guid":{"rendered":"http:\/\/www.semioticafactual.com\/?p=1308"},"modified":"2011-07-26T18:41:36","modified_gmt":"2011-07-26T18:41:36","slug":"hermosillo-crecera-de-forma-ordenada-enrique-torres","status":"publish","type":"post","link":"https:\/\/www.semioticafactual.com\/?p=1308","title":{"rendered":"HERMOSILLO CRECER\u00c1 DE FORMA ORDENADA: ENRIQUE TORRES"},"content":{"rendered":"<div id=\"attachment_1309\" style=\"width: 310px\" class=\"wp-caption alignright\"><a class=\"highslide\" onclick=\"return vz.expand(this)\" href=\"https:\/\/i0.wp.com\/www.semioticafactual.com\/wp-content\/uploads\/2011\/07\/DSC04442.jpg\"><img loading=\"lazy\" decoding=\"async\" aria-describedby=\"caption-attachment-1309\" data-attachment-id=\"1309\" data-permalink=\"https:\/\/www.semioticafactual.com\/?attachment_id=1309\" data-orig-file=\"https:\/\/i0.wp.com\/www.semioticafactual.com\/wp-content\/uploads\/2011\/07\/DSC04442.jpg?fit=640%2C480&amp;ssl=1\" data-orig-size=\"640,480\" data-comments-opened=\"1\" data-image-meta=\"{&quot;aperture&quot;:&quot;0&quot;,&quot;credit&quot;:&quot;&quot;,&quot;camera&quot;:&quot;&quot;,&quot;caption&quot;:&quot;&quot;,&quot;created_timestamp&quot;:&quot;0&quot;,&quot;copyright&quot;:&quot;&quot;,&quot;focal_length&quot;:&quot;0&quot;,&quot;iso&quot;:&quot;0&quot;,&quot;shutter_speed&quot;:&quot;0&quot;,&quot;title&quot;:&quot;&quot;}\" data-image-title=\"DSC04442\" data-image-description=\"\" data-image-caption=\"&lt;p&gt;\u00bb Vasta reserva territorial cuenta Hermosillo\u00bb&lt;\/p&gt;\n\" data-medium-file=\"https:\/\/i0.wp.com\/www.semioticafactual.com\/wp-content\/uploads\/2011\/07\/DSC04442.jpg?fit=300%2C225&amp;ssl=1\" data-large-file=\"https:\/\/i0.wp.com\/www.semioticafactual.com\/wp-content\/uploads\/2011\/07\/DSC04442.jpg?fit=640%2C480&amp;ssl=1\" tabindex=\"0\" role=\"button\" class=\"size-medium wp-image-1309\" title=\"DSC04442\" src=\"https:\/\/i0.wp.com\/www.semioticafactual.com\/wp-content\/uploads\/2011\/07\/DSC04442-300x225.jpg?resize=300%2C225\" alt=\"\" width=\"300\" height=\"225\" srcset=\"https:\/\/i0.wp.com\/www.semioticafactual.com\/wp-content\/uploads\/2011\/07\/DSC04442.jpg?resize=300%2C225&amp;ssl=1 300w, https:\/\/i0.wp.com\/www.semioticafactual.com\/wp-content\/uploads\/2011\/07\/DSC04442.jpg?w=640&amp;ssl=1 640w\" sizes=\"(max-width: 300px) 100vw, 300px\" data-recalc-dims=\"1\" \/><\/a><p id=\"caption-attachment-1309\" class=\"wp-caption-text\">&quot; Vasta reserva territorial cuenta Hermosillo&quot;<\/p><\/div>\n<p><strong>Hermosillo, Sonora 25 de julio 2011.-<\/strong>\u00a0Para que Hermosillo se convierta en la segunda ciudad del pa\u00eds en propiciar el desarrollo urbano integral y ordenado, el diputado federal Enrique Torres impulsa a trav\u00e9s dela Comisi\u00f3n de Desarrollo Social dela C\u00e1mara de Diputados, un proyecto de adquisici\u00f3n de reservas territoriales de150 hect\u00e1reas en el suroriente de la capital sonorense.<\/p>\n<p>El legislador del PAN por Sonora, quien preside la subcomisi\u00f3n de Desarrollo Urbano en el Congreso dela Uni\u00f3n, se\u00f1al\u00f3 que en coordinaci\u00f3n con el Ayuntamiento de Hermosillo se impulsa dicho plan de expansi\u00f3n territorial ubicado sobre la carretera aLa Colorada, a 15 minutos del centro de la ciudad.<\/p>\n<p>Torres Delgado record\u00f3 que actualmente el municipio de Nogales participa en un proyecto similar \u201cenfocado a solucionar el problema del crecimiento desordenado que ha caracterizado a esa ciudad fronteriza (\u2026) como Diputado Federal tuve la oportunidad de hacer las gestiones ante las instancias Federales para que hoy ese programa est\u00e9 en tr\u00e1nsito\u201d, dijo quien tambi\u00e9n integra el Comit\u00e9 Directivo de dicho proyecto.<\/p>\n<p>\u201cEste es el primer esfuerzo a nivel nacional que busca generar las condiciones necesarias para que se propicie el crecimiento urbano integral; y Hermosillo ser\u00eda la segunda ciudad en el pa\u00eds en tener un espacio territorial disponible para planear un crecimiento ordenado\u201d, manifest\u00f3.<\/p>\n<p>Apunt\u00f3 que dicho esquema de crecimiento contempla la venta de predios econ\u00f3micos para la habilitaci\u00f3n de viviendas econ\u00f3micas; y destac\u00f3 que dicha zona cuenta con la ventaja de tener cerca el parque industrial, as\u00ed como diferentes escuelas de todos los niveles educativos, y el nuevo perif\u00e9rico que atravesar\u00eda dicha zona.<\/p>\n<p>\u201cEn general re\u00fane todas las condiciones para que se genere un nuevo centro de desarrollo urbano que nos dar\u00e1 la oportunidad de tener una ciudad mejor planeada, y sobre todo regulada en materia de desarrollo urbano, lo cual le dar\u00e1 mayor plusval\u00eda al lugar\u201d, apunt\u00f3 el pol\u00edtico originario de Magdalena de Kino.<\/p>\n<p>Agreg\u00f3 que en d\u00edas pasados se tuvo la visita de personal dela Secretar\u00edade Desarrollo Social (Sedesol) a Hermosillo, para ver con el Ayuntamiento los detalles de dicho proyecto impulsado por el legislador federal.<\/p>\n<p>&nbsp;<\/p>\n","protected":false},"excerpt":{"rendered":"<p>Hermosillo, Sonora 25 de julio 2011.-\u00a0Para que Hermosillo se convierta en la segunda ciudad del pa\u00eds en propiciar el desarrollo urbano integral y ordenado, el diputado federal Enrique Torres impulsa a trav\u00e9s dela Comisi\u00f3n de Desarrollo Social dela C\u00e1mara de Diputados, un proyecto de adquisici\u00f3n de reservas territoriales de150 hect\u00e1reas en el suroriente de la [&hellip;]<\/p>\n","protected":false},"author":1,"featured_media":0,"comment_status":"open","ping_status":"open","sticky":false,"template":"","format":"standard","meta":{"jetpack_post_was_ever_published":false,"_jetpack_newsletter_access":"","_jetpack_dont_email_post_to_subs":false,"_jetpack_newsletter_tier_id":0,"_jetpack_memberships_contains_paywalled_content":false,"_jetpack_memberships_contains_paid_content":false,"footnotes":"","jetpack_publicize_message":"","jetpack_publicize_feature_enabled":true,"jetpack_social_post_already_shared":false,"jetpack_social_options":{"image_generator_settings":{"template":"highway","enabled":false},"version":2}},"categories":[18],"tags":[],"jetpack_publicize_connections":[],"jetpack_featured_media_url":"","jetpack_shortlink":"https:\/\/wp.me\/p2mzaA-l6","jetpack_sharing_enabled":true,"jetpack_likes_enabled":true,"_links":{"self":[{"href":"https:\/\/www.semioticafactual.com\/index.php?rest_route=\/wp\/v2\/posts\/1308"}],"collection":[{"href":"https:\/\/www.semioticafactual.com\/index.php?rest_route=\/wp\/v2\/posts"}],"about":[{"href":"https:\/\/www.semioticafactual.com\/index.php?rest_route=\/wp\/v2\/types\/post"}],"author":[{"embeddable":true,"href":"https:\/\/www.semioticafactual.com\/index.php?rest_route=\/wp\/v2\/users\/1"}],"replies":[{"embeddable":true,"href":"https:\/\/www.semioticafactual.com\/index.php?rest_route=%2Fwp%2Fv2%2Fcomments&post=1308"}],"version-history":[{"count":1,"href":"https:\/\/www.semioticafactual.com\/index.php?rest_route=\/wp\/v2\/posts\/1308\/revisions"}],"predecessor-version":[{"id":1310,"href":"https:\/\/www.semioticafactual.com\/index.php?rest_route=\/wp\/v2\/posts\/1308\/revisions\/1310"}],"wp:attachment":[{"href":"https:\/\/www.semioticafactual.com\/index.php?rest_route=%2Fwp%2Fv2%2Fmedia&parent=1308"}],"wp:term":[{"taxonomy":"category","embeddable":true,"href":"https:\/\/www.semioticafactual.com\/index.php?rest_route=%2Fwp%2Fv2%2Fcategories&post=1308"},{"taxonomy":"post_tag","embeddable":true,"href":"https:\/\/www.semioticafactual.com\/index.php?rest_route=%2Fwp%2Fv2%2Ftags&post=1308"}],"curies":[{"name":"wp","href":"https:\/\/api.w.org\/{rel}","templated":true}]}}