{"id":1299,"date":"2011-07-25T21:41:09","date_gmt":"2011-07-25T21:41:09","guid":{"rendered":"http:\/\/www.semioticafactual.com\/?p=1299"},"modified":"2011-07-25T21:42:26","modified_gmt":"2011-07-25T21:42:26","slug":"destaca-que-el-pri-gobierna-a-53-millones-de-mexicanos","status":"publish","type":"post","link":"https:\/\/www.semioticafactual.com\/?p=1299","title":{"rendered":"Destaca que el PRI gobierna a 53 millones de mexicanos: Cano V\u00e9lez"},"content":{"rendered":"<p><strong><em>Acude a la sesi\u00f3n del Consejo Pol\u00edtico\u00a0<\/em><\/strong><\/p>\n<div id=\"attachment_1300\" style=\"width: 310px\" class=\"wp-caption alignright\"><a class=\"highslide\" onclick=\"return vz.expand(this)\" href=\"https:\/\/i0.wp.com\/www.semioticafactual.com\/wp-content\/uploads\/2011\/07\/claudia-y-cano.jpg\"><img loading=\"lazy\" decoding=\"async\" aria-describedby=\"caption-attachment-1300\" data-attachment-id=\"1300\" data-permalink=\"https:\/\/www.semioticafactual.com\/?attachment_id=1300\" data-orig-file=\"https:\/\/i0.wp.com\/www.semioticafactual.com\/wp-content\/uploads\/2011\/07\/claudia-y-cano.jpg?fit=1024%2C576&amp;ssl=1\" data-orig-size=\"1024,576\" data-comments-opened=\"1\" data-image-meta=\"{&quot;aperture&quot;:&quot;0&quot;,&quot;credit&quot;:&quot;&quot;,&quot;camera&quot;:&quot;&quot;,&quot;caption&quot;:&quot;&quot;,&quot;created_timestamp&quot;:&quot;0&quot;,&quot;copyright&quot;:&quot;&quot;,&quot;focal_length&quot;:&quot;0&quot;,&quot;iso&quot;:&quot;0&quot;,&quot;shutter_speed&quot;:&quot;0&quot;,&quot;title&quot;:&quot;&quot;}\" data-image-title=\"claudia y cano\" data-image-description=\"\" data-image-caption=\"&lt;p&gt;\u00abEl diputado Federal conversa con a l\u00edder de los pri\u00edstas en Sonora, Claudia Pavlovich\u00bb&lt;\/p&gt;\n\" data-medium-file=\"https:\/\/i0.wp.com\/www.semioticafactual.com\/wp-content\/uploads\/2011\/07\/claudia-y-cano.jpg?fit=300%2C168&amp;ssl=1\" data-large-file=\"https:\/\/i0.wp.com\/www.semioticafactual.com\/wp-content\/uploads\/2011\/07\/claudia-y-cano.jpg?fit=800%2C450&amp;ssl=1\" tabindex=\"0\" role=\"button\" class=\"size-medium wp-image-1300\" title=\"claudia y cano\" src=\"https:\/\/i0.wp.com\/www.semioticafactual.com\/wp-content\/uploads\/2011\/07\/claudia-y-cano-300x168.jpg?resize=300%2C168\" alt=\"\" width=\"300\" height=\"168\" srcset=\"https:\/\/i0.wp.com\/www.semioticafactual.com\/wp-content\/uploads\/2011\/07\/claudia-y-cano.jpg?resize=300%2C168&amp;ssl=1 300w, https:\/\/i0.wp.com\/www.semioticafactual.com\/wp-content\/uploads\/2011\/07\/claudia-y-cano.jpg?w=1024&amp;ssl=1 1024w\" sizes=\"(max-width: 300px) 100vw, 300px\" data-recalc-dims=\"1\" \/><\/a><p id=\"caption-attachment-1300\" class=\"wp-caption-text\">&quot;El diputado Federal conversa con a l\u00edder de los pri\u00edstas en Sonora, Claudia Pavlovich&quot;<\/p><\/div>\n<p><strong>MEXICO D.F., A 25 DE JULIO DEL 2011.-<\/strong> Definitivamente la recuperaci\u00f3n del Partido Revolucionario Institucional va en ascenso y muestra de ello es que hoy por hoy, pri\u00edsstas gobiernan a m\u00e1s de 53 millones de mexicanos, lo que significa casi la mitad de la poblaci\u00f3n destac\u00f3 el diputado Jes\u00fas Alberto Cano V\u00e9lez.<\/p>\n<p>Tras asistir a la LIV reuni\u00f3n ordinaria del Consejo Pol\u00edtico Nacional (CPN), el diputado federal reflexion\u00f3 que si bien es cierto los \u00faltimos resultados en Hidalgo, Nayarit, Coahuila y el Estado de M\u00e9xico confirmaron que los mexicanos est\u00e1n otorg\u00e1ndole su voto al PRI, esto no debe significar divisiones al interior del partido y mucho menos triunfalismos adelantados.<\/p>\n<p>\u201cLos pri\u00edstas estamos contentos porque hemos visto incrementado el \u00a0n\u00famero de cargos de elecci\u00f3n popular a nuestro favor, lo que deja en claro la fuerza del PRI en estos momentos despu\u00e9s de haber perdido la Presidencia de la Rep\u00fablica hace 11 a\u00f1os\u201d asever\u00f3 el diputado de Sonora.<\/p>\n<p>Acompa\u00f1ado de la l\u00edder del PRI en Sonora, Claudia Pavlovich Arellano, Cano V\u00e9lez subray\u00f3 que hoy m\u00e1s que nunca, los pri\u00edstas deben sumarse al llamado del l\u00edder nacional del partido, Humberto Moreira, en el sentido de hacer todo lo necesario \u201cpara que le vaya bien a M\u00e9xico\u201d.<\/p>\n<p>Y en este sentido el tambi\u00e9n secretario de la Comisi\u00f3n de Presupuesto y Cuenta P\u00fablica advirti\u00f3 que en el marco de la aprobaci\u00f3n del pr\u00f3ximo presupuesto, los pri\u00edstas continuar\u00e1n apoyando al campo como al desarrollo de la infraestructura hidr\u00e1ulica y carretera, tal y como lo hicieron el a\u00f1o pasado.<\/p>\n<p>\u201cLos diputados que hemos estado inmersos en la recepci\u00f3n, negociaci\u00f3n y desarrollo del presupuesto, hemos insistido en lo preocupante que resulta esta insistencia del Ejecutivo por enviar proyectos que no fomentan el desarrollo econ\u00f3mico del pa\u00eds, por eso los pri\u00edstas tenemos una gran responsabilidad de enmendar la plana\u201d.<\/p>\n<p>De igual forma, Cano V\u00e9lez destac\u00f3 que los resultados obtenidos por el partido son el resultado del intenso trabajo de todos los pri\u00edstas porque a pesar de los problemas financieros -a los que tambi\u00e9n se hizo referencia en la reuni\u00f3n del Consejo Pol\u00edtico- el PRI obtuvo importantes triunfos gracias a su capacidad de gobernar y de tener claro el rumbo que debe tomar la naci\u00f3n, por ello, la ciudadan\u00eda est\u00e1 otorg\u00e1ndole su confianza de nuevo al partido.<\/p>\n<p>Tras finalizar la sesi\u00f3n en donde se tomaron protesta a los nuevos integrantes del CPN, Cano V\u00e9lez reiter\u00f3 el enorme compromiso que tiene el partido por ofrecer a la ciudadan\u00eda, propuestas viables para mejorar la calidad de vida de los mexicanos.<\/p>\n<p>&nbsp;<\/p>\n","protected":false},"excerpt":{"rendered":"<p>Acude a la sesi\u00f3n del Consejo Pol\u00edtico\u00a0 MEXICO D.F., A 25 DE JULIO DEL 2011.- Definitivamente la recuperaci\u00f3n del Partido Revolucionario Institucional va en ascenso y muestra de ello es que hoy por hoy, pri\u00edsstas gobiernan a m\u00e1s de 53 millones de mexicanos, lo que significa casi la mitad de la poblaci\u00f3n destac\u00f3 el diputado [&hellip;]<\/p>\n","protected":false},"author":1,"featured_media":0,"comment_status":"open","ping_status":"open","sticky":false,"template":"","format":"standard","meta":{"jetpack_post_was_ever_published":false,"_jetpack_newsletter_access":"","_jetpack_dont_email_post_to_subs":false,"_jetpack_newsletter_tier_id":0,"_jetpack_memberships_contains_paywalled_content":false,"_jetpack_memberships_contains_paid_content":false,"footnotes":"","jetpack_publicize_message":"","jetpack_publicize_feature_enabled":true,"jetpack_social_post_already_shared":false,"jetpack_social_options":{"image_generator_settings":{"template":"highway","enabled":false},"version":2}},"categories":[13,1],"tags":[],"jetpack_publicize_connections":[],"jetpack_featured_media_url":"","jetpack_shortlink":"https:\/\/wp.me\/p2mzaA-kX","jetpack_sharing_enabled":true,"jetpack_likes_enabled":true,"_links":{"self":[{"href":"https:\/\/www.semioticafactual.com\/index.php?rest_route=\/wp\/v2\/posts\/1299"}],"collection":[{"href":"https:\/\/www.semioticafactual.com\/index.php?rest_route=\/wp\/v2\/posts"}],"about":[{"href":"https:\/\/www.semioticafactual.com\/index.php?rest_route=\/wp\/v2\/types\/post"}],"author":[{"embeddable":true,"href":"https:\/\/www.semioticafactual.com\/index.php?rest_route=\/wp\/v2\/users\/1"}],"replies":[{"embeddable":true,"href":"https:\/\/www.semioticafactual.com\/index.php?rest_route=%2Fwp%2Fv2%2Fcomments&post=1299"}],"version-history":[{"count":2,"href":"https:\/\/www.semioticafactual.com\/index.php?rest_route=\/wp\/v2\/posts\/1299\/revisions"}],"predecessor-version":[{"id":1303,"href":"https:\/\/www.semioticafactual.com\/index.php?rest_route=\/wp\/v2\/posts\/1299\/revisions\/1303"}],"wp:attachment":[{"href":"https:\/\/www.semioticafactual.com\/index.php?rest_route=%2Fwp%2Fv2%2Fmedia&parent=1299"}],"wp:term":[{"taxonomy":"category","embeddable":true,"href":"https:\/\/www.semioticafactual.com\/index.php?rest_route=%2Fwp%2Fv2%2Fcategories&post=1299"},{"taxonomy":"post_tag","embeddable":true,"href":"https:\/\/www.semioticafactual.com\/index.php?rest_route=%2Fwp%2Fv2%2Ftags&post=1299"}],"curies":[{"name":"wp","href":"https:\/\/api.w.org\/{rel}","templated":true}]}}