{"id":1277,"date":"2011-07-24T22:23:02","date_gmt":"2011-07-24T22:23:02","guid":{"rendered":"http:\/\/www.semioticafactual.com\/?p=1277"},"modified":"2011-07-24T22:31:36","modified_gmt":"2011-07-24T22:31:36","slug":"el-periodico-la-jornada-destaca-la-critica-del-legislador-sonorense-jesus-alberto-cano-velez","status":"publish","type":"post","link":"https:\/\/www.semioticafactual.com\/?p=1277","title":{"rendered":"El peri\u00f3dico La Jornada destaca la cr\u00edtica del Legislador Sonorense: Jes\u00fas Alberto Cano V\u00e9lez"},"content":{"rendered":"<h1><span class=\"Apple-style-span\" style=\"font-size: 13px; font-weight: normal;\"><a class=\"highslide\" onclick=\"return vz.expand(this)\" href=\"https:\/\/i0.wp.com\/www.semioticafactual.com\/wp-content\/uploads\/2011\/07\/cANO-vELEZ.jpg\"><img loading=\"lazy\" decoding=\"async\" data-attachment-id=\"1279\" data-permalink=\"https:\/\/www.semioticafactual.com\/?attachment_id=1279\" data-orig-file=\"https:\/\/i0.wp.com\/www.semioticafactual.com\/wp-content\/uploads\/2011\/07\/cANO-vELEZ.jpg?fit=2816%2C1880&amp;ssl=1\" data-orig-size=\"2816,1880\" data-comments-opened=\"1\" data-image-meta=\"{&quot;aperture&quot;:&quot;0&quot;,&quot;credit&quot;:&quot;&quot;,&quot;camera&quot;:&quot;&quot;,&quot;caption&quot;:&quot;&quot;,&quot;created_timestamp&quot;:&quot;0&quot;,&quot;copyright&quot;:&quot;&quot;,&quot;focal_length&quot;:&quot;0&quot;,&quot;iso&quot;:&quot;0&quot;,&quot;shutter_speed&quot;:&quot;0&quot;,&quot;title&quot;:&quot;&quot;}\" data-image-title=\"cANO vELEZ\" data-image-description=\"\" data-image-caption=\"\" data-medium-file=\"https:\/\/i0.wp.com\/www.semioticafactual.com\/wp-content\/uploads\/2011\/07\/cANO-vELEZ.jpg?fit=300%2C200&amp;ssl=1\" data-large-file=\"https:\/\/i0.wp.com\/www.semioticafactual.com\/wp-content\/uploads\/2011\/07\/cANO-vELEZ.jpg?fit=800%2C534&amp;ssl=1\" tabindex=\"0\" role=\"button\" class=\"alignright size-medium wp-image-1279\" title=\"cANO vELEZ\" src=\"https:\/\/i0.wp.com\/www.semioticafactual.com\/wp-content\/uploads\/2011\/07\/cANO-vELEZ-300x200.jpg?resize=300%2C200\" alt=\"\" width=\"300\" height=\"200\" srcset=\"https:\/\/i0.wp.com\/www.semioticafactual.com\/wp-content\/uploads\/2011\/07\/cANO-vELEZ.jpg?resize=300%2C200&amp;ssl=1 300w, https:\/\/i0.wp.com\/www.semioticafactual.com\/wp-content\/uploads\/2011\/07\/cANO-vELEZ.jpg?resize=1024%2C683&amp;ssl=1 1024w, https:\/\/i0.wp.com\/www.semioticafactual.com\/wp-content\/uploads\/2011\/07\/cANO-vELEZ.jpg?w=1600 1600w, https:\/\/i0.wp.com\/www.semioticafactual.com\/wp-content\/uploads\/2011\/07\/cANO-vELEZ.jpg?w=2400 2400w\" sizes=\"(max-width: 300px) 100vw, 300px\" data-recalc-dims=\"1\" \/><\/a>\u00abCalder\u00f3n ha remitido al poder Legislativo presupuestos \u201cminis\u201d que no generan crecimiento econ\u00f3mico ni combaten la pobreza, dijo el pri\u00edsta Jes\u00fas Alberto Cano V\u00e9lez.\u00a0<\/span><\/h1>\n<p><strong>tomado de\u00a0Internet\/\u00a0La Jornada\/Elizabeth Velasco<\/strong><\/p>\n<p id=\"byline\">Publicado: 24\/07\/2011<\/p>\n<div><em>M\u00e9xico, DF.\u00a0<\/em>El diputado federal del PRI, Jes\u00fas Alberto Cano V\u00e9lez, afirm\u00f3 que en los \u00faltimos a\u00f1os el Ejecutivo renunci\u00f3 a la tarea de implementar pol\u00edticas orientadas al desarrollo econ\u00f3mico y social del pa\u00eds y como muestra de ello ha remitido al poder Legislativo presupuestos \u201cminis\u201d que, ni generan crecimiento econ\u00f3mico ni combaten la pobreza.Durante el encuentro que la Fundaci\u00f3n Colosio sostuvo con el Consejo T\u00e9cnico de asuntos econ\u00f3micos del PRI en lo que fue el octavo foro de consulta del Programa para M\u00e9xico, el presidente de esa fundaci\u00f3n, Marco Antonio Bernal, indic\u00f3 que las propuestas que presenta la sociedad mexicana para dar rumbo a la econom\u00eda del pa\u00eds se integrar\u00e1n a la plataforma electoral del partido y se convertir\u00e1n en la tesis del pr\u00f3ximo candidato del tricolor a la presidencia de la Rep\u00fablica.Destac\u00f3 que el discurso para la unidad al cual ha convocado el Revolucionario Institucional, debe tener un contenido y \u00e9ste se construir\u00e1 entorno a las propuestas que plantean los mexicanos. \u201cRecordemos que la unidad es un punto de llegada, no es un punto de partida\u201d, dijo.Cano V\u00e9lez agreg\u00f3 que es indispensable que, \u201cquienes integramos el Consejo Econ\u00f3mico del PRI privilegiemos temas referentes a las pol\u00edticas de fomento del Estado mexicano que permitan el desarrollo del campo, la industria y los sectores productivos, m\u00e1xime cuando el Ejecutivo ha claudicado en el fomento de esa clase de mecanismos.Por su lado, Samuel Aguilar Sol\u00eds, vicepresidente de la fundaci\u00f3n Colosio, manifest\u00f3 que \u201clos pri\u00edstas queremos, con los mexicanos, dar un golpe de tim\u00f3n, cambiar el rumbo del pa\u00eds de una manera seria, responsable, en la que podamos encontrar de nuevo la ruta del crecimiento y podamos crecer por lo menos al 6 por ciento, a fin de que la econom\u00eda nacional ingrese nuevamente a la ruta de la globalizaci\u00f3n, nos permita ser competitivos y podamos salir a la calle de manera tranquila con nuestras familias\u201d.<\/p>\n<p>Al encuentro con el Consejo, celebrado en Michoac\u00e1n, asistieron tambi\u00e9n Oscar Pimentel, Vicente Guti\u00e9rrez y Lilia Merodio, entre otros.<\/p>\n<\/div>\n","protected":false},"excerpt":{"rendered":"<p>\u00abCalder\u00f3n ha remitido al poder Legislativo presupuestos \u201cminis\u201d que no generan crecimiento econ\u00f3mico ni combaten la pobreza, dijo el pri\u00edsta Jes\u00fas Alberto Cano V\u00e9lez.\u00a0 tomado de\u00a0Internet\/\u00a0La Jornada\/Elizabeth Velasco Publicado: 24\/07\/2011 M\u00e9xico, DF.\u00a0El diputado federal del PRI, Jes\u00fas Alberto Cano V\u00e9lez, afirm\u00f3 que en los \u00faltimos a\u00f1os el Ejecutivo renunci\u00f3 a la tarea de implementar pol\u00edticas [&hellip;]<\/p>\n","protected":false},"author":1,"featured_media":0,"comment_status":"open","ping_status":"open","sticky":false,"template":"","format":"standard","meta":{"jetpack_post_was_ever_published":false,"_jetpack_newsletter_access":"","_jetpack_dont_email_post_to_subs":false,"_jetpack_newsletter_tier_id":0,"_jetpack_memberships_contains_paywalled_content":false,"_jetpack_memberships_contains_paid_content":false,"footnotes":"","jetpack_publicize_message":"","jetpack_publicize_feature_enabled":true,"jetpack_social_post_already_shared":false,"jetpack_social_options":{"image_generator_settings":{"template":"highway","enabled":false},"version":2}},"categories":[13,1],"tags":[],"jetpack_publicize_connections":[],"jetpack_featured_media_url":"","jetpack_shortlink":"https:\/\/wp.me\/p2mzaA-kB","jetpack_sharing_enabled":true,"jetpack_likes_enabled":true,"_links":{"self":[{"href":"https:\/\/www.semioticafactual.com\/index.php?rest_route=\/wp\/v2\/posts\/1277"}],"collection":[{"href":"https:\/\/www.semioticafactual.com\/index.php?rest_route=\/wp\/v2\/posts"}],"about":[{"href":"https:\/\/www.semioticafactual.com\/index.php?rest_route=\/wp\/v2\/types\/post"}],"author":[{"embeddable":true,"href":"https:\/\/www.semioticafactual.com\/index.php?rest_route=\/wp\/v2\/users\/1"}],"replies":[{"embeddable":true,"href":"https:\/\/www.semioticafactual.com\/index.php?rest_route=%2Fwp%2Fv2%2Fcomments&post=1277"}],"version-history":[{"count":4,"href":"https:\/\/www.semioticafactual.com\/index.php?rest_route=\/wp\/v2\/posts\/1277\/revisions"}],"predecessor-version":[{"id":1281,"href":"https:\/\/www.semioticafactual.com\/index.php?rest_route=\/wp\/v2\/posts\/1277\/revisions\/1281"}],"wp:attachment":[{"href":"https:\/\/www.semioticafactual.com\/index.php?rest_route=%2Fwp%2Fv2%2Fmedia&parent=1277"}],"wp:term":[{"taxonomy":"category","embeddable":true,"href":"https:\/\/www.semioticafactual.com\/index.php?rest_route=%2Fwp%2Fv2%2Fcategories&post=1277"},{"taxonomy":"post_tag","embeddable":true,"href":"https:\/\/www.semioticafactual.com\/index.php?rest_route=%2Fwp%2Fv2%2Ftags&post=1277"}],"curies":[{"name":"wp","href":"https:\/\/api.w.org\/{rel}","templated":true}]}}