{"id":1269,"date":"2011-07-24T19:41:49","date_gmt":"2011-07-24T19:41:49","guid":{"rendered":"http:\/\/www.semioticafactual.com\/?p=1269"},"modified":"2011-07-24T19:41:49","modified_gmt":"2011-07-24T19:41:49","slug":"destacan-constructores-de-sonora-a-nivel-nacional","status":"publish","type":"post","link":"https:\/\/www.semioticafactual.com\/?p=1269","title":{"rendered":"Destacan constructores de Sonora a nivel nacional"},"content":{"rendered":"<p><strong>HERMOSILLO, SONORA A 24 DE JULIO DEL 2011<\/strong>.- Los programas de vanguardia en capacitaci\u00f3n que impulsa la C\u00e1mara Mexicana de la Industria de la Construcci\u00f3n (CMIC), han valido para que las empresas sonorenses destaquen a nivel nacional, expres\u00f3 Jes\u00fas Roberto Sitten Ayala.<\/p>\n<p><a class=\"highslide\" onclick=\"return vz.expand(this)\" href=\"https:\/\/i0.wp.com\/www.semioticafactual.com\/wp-content\/uploads\/2011\/07\/cmic-sitten-capacitacion1.jpg\"><img loading=\"lazy\" decoding=\"async\" data-attachment-id=\"1270\" data-permalink=\"https:\/\/www.semioticafactual.com\/?attachment_id=1270\" data-orig-file=\"https:\/\/i0.wp.com\/www.semioticafactual.com\/wp-content\/uploads\/2011\/07\/cmic-sitten-capacitacion1.jpg?fit=800%2C600&amp;ssl=1\" data-orig-size=\"800,600\" data-comments-opened=\"1\" data-image-meta=\"{&quot;aperture&quot;:&quot;0&quot;,&quot;credit&quot;:&quot;&quot;,&quot;camera&quot;:&quot;&quot;,&quot;caption&quot;:&quot;&quot;,&quot;created_timestamp&quot;:&quot;0&quot;,&quot;copyright&quot;:&quot;&quot;,&quot;focal_length&quot;:&quot;0&quot;,&quot;iso&quot;:&quot;0&quot;,&quot;shutter_speed&quot;:&quot;0&quot;,&quot;title&quot;:&quot;&quot;}\" data-image-title=\"cmic-sitten-capacitacion1\" data-image-description=\"\" data-image-caption=\"\" data-medium-file=\"https:\/\/i0.wp.com\/www.semioticafactual.com\/wp-content\/uploads\/2011\/07\/cmic-sitten-capacitacion1.jpg?fit=300%2C225&amp;ssl=1\" data-large-file=\"https:\/\/i0.wp.com\/www.semioticafactual.com\/wp-content\/uploads\/2011\/07\/cmic-sitten-capacitacion1.jpg?fit=800%2C600&amp;ssl=1\" tabindex=\"0\" role=\"button\" class=\"alignleft size-medium wp-image-1270\" title=\"cmic-sitten-capacitacion1\" src=\"https:\/\/i0.wp.com\/www.semioticafactual.com\/wp-content\/uploads\/2011\/07\/cmic-sitten-capacitacion1-300x225.jpg?resize=300%2C225\" alt=\"\" width=\"300\" height=\"225\" srcset=\"https:\/\/i0.wp.com\/www.semioticafactual.com\/wp-content\/uploads\/2011\/07\/cmic-sitten-capacitacion1.jpg?resize=300%2C225&amp;ssl=1 300w, https:\/\/i0.wp.com\/www.semioticafactual.com\/wp-content\/uploads\/2011\/07\/cmic-sitten-capacitacion1.jpg?w=800&amp;ssl=1 800w\" sizes=\"(max-width: 300px) 100vw, 300px\" data-recalc-dims=\"1\" \/><\/a>El Presidente de la C\u00e1mara empresarial destac\u00f3 que las grandes obras en el estado se desarrollan con el sello de calidad de la CMIC, en virtud de que se capacita a los trabajadores y se les supervisa hasta el t\u00e9rmino de la misma para que sean entregadas en tiempo y forma.<\/p>\n<p>Los empresarios del ramo son altamente reconocidos tanto por la calidad de los materiales que utilizan como por sus trabajadores, es por ello que compiten y se adjudican obras en otros estados de la Rep\u00fablica.<\/p>\n<p>\u201cMuchas empresas sonorenses que compiten por obras en otras entidades, logran adjudic\u00e1rselas, gracias al alto reconocimiento que tienen a nivel nacional\u201d, destac\u00f3 el Presidente de la CMIC delegaci\u00f3n Sonora.<\/p>\n<p>Hizo un reconocimiento a los empresarios que se preocupan por capacitar a sus trabajadores en todos los ramos de la construcci\u00f3n, ya que cada vez son m\u00e1s los cursos y talleres que se les imparten.<\/p>\n<p>Las empresas sonorenses cada vez son m\u00e1s competitivas, tienen buena calidad\u00a0 en las construcciones y eso les permite ingresar a otros mercados<br \/>\n\u201cEn Sonora somos los principales generadores de mano de obra, tanto en vivienda como en desarrollo de infraestructura, porque les damos capacitaciones constantes a los ingenieros, trabajadores, empresarios, contadores y administradores\u201d, dijo.<\/p>\n<p>Jes\u00fas Roberto Sitten Ayala invit\u00f3 a todas las empresas que requieran de capacitaci\u00f3n para que las obras se construyan con la calidad y el tiempo proyectado acudan a la CMIC delegaci\u00f3n Sonora, ubicada en Perif\u00e9rico Poniente 104, Colonia Raquet Club; tel\u00e9fono (662) 218 9457, Hermosillo, Sonora.\u00a0\u00a0 <a href=\"http:\/\/www.cmicsonora.org\/\">www.cmicsonora.org<\/a><\/p>\n<p>&nbsp;<\/p>\n<p>&nbsp;<\/p>\n","protected":false},"excerpt":{"rendered":"<p>HERMOSILLO, SONORA A 24 DE JULIO DEL 2011.- Los programas de vanguardia en capacitaci\u00f3n que impulsa la C\u00e1mara Mexicana de la Industria de la Construcci\u00f3n (CMIC), han valido para que las empresas sonorenses destaquen a nivel nacional, expres\u00f3 Jes\u00fas Roberto Sitten Ayala. El Presidente de la C\u00e1mara empresarial destac\u00f3 que las grandes obras en el [&hellip;]<\/p>\n","protected":false},"author":1,"featured_media":0,"comment_status":"open","ping_status":"open","sticky":false,"template":"","format":"standard","meta":{"jetpack_post_was_ever_published":false,"_jetpack_newsletter_access":"","_jetpack_dont_email_post_to_subs":false,"_jetpack_newsletter_tier_id":0,"_jetpack_memberships_contains_paywalled_content":false,"_jetpack_memberships_contains_paid_content":false,"footnotes":"","jetpack_publicize_message":"","jetpack_publicize_feature_enabled":true,"jetpack_social_post_already_shared":false,"jetpack_social_options":{"image_generator_settings":{"template":"highway","enabled":false},"version":2}},"categories":[9],"tags":[],"jetpack_publicize_connections":[],"jetpack_featured_media_url":"","jetpack_shortlink":"https:\/\/wp.me\/p2mzaA-kt","jetpack_sharing_enabled":true,"jetpack_likes_enabled":true,"_links":{"self":[{"href":"https:\/\/www.semioticafactual.com\/index.php?rest_route=\/wp\/v2\/posts\/1269"}],"collection":[{"href":"https:\/\/www.semioticafactual.com\/index.php?rest_route=\/wp\/v2\/posts"}],"about":[{"href":"https:\/\/www.semioticafactual.com\/index.php?rest_route=\/wp\/v2\/types\/post"}],"author":[{"embeddable":true,"href":"https:\/\/www.semioticafactual.com\/index.php?rest_route=\/wp\/v2\/users\/1"}],"replies":[{"embeddable":true,"href":"https:\/\/www.semioticafactual.com\/index.php?rest_route=%2Fwp%2Fv2%2Fcomments&post=1269"}],"version-history":[{"count":1,"href":"https:\/\/www.semioticafactual.com\/index.php?rest_route=\/wp\/v2\/posts\/1269\/revisions"}],"predecessor-version":[{"id":1271,"href":"https:\/\/www.semioticafactual.com\/index.php?rest_route=\/wp\/v2\/posts\/1269\/revisions\/1271"}],"wp:attachment":[{"href":"https:\/\/www.semioticafactual.com\/index.php?rest_route=%2Fwp%2Fv2%2Fmedia&parent=1269"}],"wp:term":[{"taxonomy":"category","embeddable":true,"href":"https:\/\/www.semioticafactual.com\/index.php?rest_route=%2Fwp%2Fv2%2Fcategories&post=1269"},{"taxonomy":"post_tag","embeddable":true,"href":"https:\/\/www.semioticafactual.com\/index.php?rest_route=%2Fwp%2Fv2%2Ftags&post=1269"}],"curies":[{"name":"wp","href":"https:\/\/api.w.org\/{rel}","templated":true}]}}