{"id":1266,"date":"2011-07-23T23:33:53","date_gmt":"2011-07-23T23:33:53","guid":{"rendered":"http:\/\/www.semioticafactual.com\/?p=1266"},"modified":"2011-07-23T23:33:53","modified_gmt":"2011-07-23T23:33:53","slug":"ratifica-beltrones-que-primero-va-el-programa-y-luego-el-candidato","status":"publish","type":"post","link":"https:\/\/www.semioticafactual.com\/?p=1266","title":{"rendered":"Ratifica Beltrones que primero va el programa y luego el candidato"},"content":{"rendered":"<p><a class=\"highslide\" onclick=\"return vz.expand(this)\" href=\"https:\/\/i0.wp.com\/www.semioticafactual.com\/wp-content\/uploads\/2011\/07\/Manlio.jpg\"><img loading=\"lazy\" decoding=\"async\" data-attachment-id=\"1267\" data-permalink=\"https:\/\/www.semioticafactual.com\/?attachment_id=1267\" data-orig-file=\"https:\/\/i0.wp.com\/www.semioticafactual.com\/wp-content\/uploads\/2011\/07\/Manlio.jpg?fit=479%2C720&amp;ssl=1\" data-orig-size=\"479,720\" data-comments-opened=\"1\" data-image-meta=\"{&quot;aperture&quot;:&quot;0&quot;,&quot;credit&quot;:&quot;&quot;,&quot;camera&quot;:&quot;&quot;,&quot;caption&quot;:&quot;&quot;,&quot;created_timestamp&quot;:&quot;0&quot;,&quot;copyright&quot;:&quot;&quot;,&quot;focal_length&quot;:&quot;0&quot;,&quot;iso&quot;:&quot;0&quot;,&quot;shutter_speed&quot;:&quot;0&quot;,&quot;title&quot;:&quot;&quot;}\" data-image-title=\"Manlio\" data-image-description=\"\" data-image-caption=\"\" data-medium-file=\"https:\/\/i0.wp.com\/www.semioticafactual.com\/wp-content\/uploads\/2011\/07\/Manlio.jpg?fit=199%2C300&amp;ssl=1\" data-large-file=\"https:\/\/i0.wp.com\/www.semioticafactual.com\/wp-content\/uploads\/2011\/07\/Manlio.jpg?fit=479%2C720&amp;ssl=1\" tabindex=\"0\" role=\"button\" class=\"alignleft size-medium wp-image-1267\" title=\"Manlio\" src=\"https:\/\/i0.wp.com\/www.semioticafactual.com\/wp-content\/uploads\/2011\/07\/Manlio-199x300.jpg?resize=199%2C300\" alt=\"\u201choy la cohesi\u00f3n y la coherencia son indispensables para llegar a las elecciones\u201d\" width=\"199\" height=\"300\" srcset=\"https:\/\/i0.wp.com\/www.semioticafactual.com\/wp-content\/uploads\/2011\/07\/Manlio.jpg?resize=199%2C300&amp;ssl=1 199w, https:\/\/i0.wp.com\/www.semioticafactual.com\/wp-content\/uploads\/2011\/07\/Manlio.jpg?w=479&amp;ssl=1 479w\" sizes=\"(max-width: 199px) 100vw, 199px\" data-recalc-dims=\"1\" \/><\/a><em>M\u00e9xico, DF.<\/em><em>\u00a0<\/em>El presidente del senado Manlio Fabio Beltrones marc\u00f3 los lineamientos que habr\u00e1 de seguir el PRI para elegir al candidato presidencial al 2012, al referirse que su partido deber\u00e1 elaborar un proyecto de pa\u00eds, plasmarlo a un documento, darlo a conocer a la ciudadan\u00eda y despu\u00e9s encontrar a quien conduzca a la victoria electoral.<\/p>\n<p>Al concluir el Consejo Pol\u00edtico Nacional del PRI en el auditorio Plutarco El\u00edas Calles de la sede de ese partido, Beltrones adujo que el proyecto para resolver los grandes problemas nacionales ser\u00e1 el paso previo a la elaboraci\u00f3n de las reglas para elegir un candidato que cumpla con el proyecto, \u201choy la cohesi\u00f3n y la coherencia son indispensables para llegar a las elecciones\u201d.<\/p>\n<p>El legislador rechaz\u00f3 las preguntas en torno si estar\u00eda dispuesto a declinar por otro candidato: \u201cpor qu\u00e9 anda usted adelantando v\u00edsperas\u201d, replic\u00f3. Insisti\u00f3 en que \u00e9l estar\u00e1 presente en cada unos de los eventos en donde se est\u00e9n delineando las reglas para elegir candidato y el proyecto de pa\u00eds que debemos cumplir, s\u00ed los electores en el 2012 nos vuelven a entregar su confianza.<\/p>\n<p>Al preguntarle si los pri\u00edstas se han preparado para evitar la fractura en torno a un candidato presidencial, refiri\u00f3 que los integrantes de su partido, \u201cestamos hoy trabajando por construir todo un proyecto de pa\u00eds, a fin de que los mexicanos se sientan conformes y sobre todo, tranquilos de que hay un partido pol\u00edtico con pol\u00edticos maduros, quienes est\u00e1n buscando que les vaya bien a los mexicanos, no el propio beneficio del que resulte candidato.<\/p>\n<p>Esto es un prop\u00f3sito que nos puede llegar f\u00e1cilmente a la concepci\u00f3n de la unidad, pero una unidad alrededor de la sociedad, un proyecto que eso es lo que vale en el futuro<strong>\u201d.<\/strong><\/p>\n<p>Tomado de Internet. La Jornada\/<strong>Roberto Gardu\u00f1o\/<strong>23\/07\/2011 15:55<\/strong><\/strong><\/p>\n<p>&nbsp;<\/p>\n","protected":false},"excerpt":{"rendered":"<p>M\u00e9xico, DF.\u00a0El presidente del senado Manlio Fabio Beltrones marc\u00f3 los lineamientos que habr\u00e1 de seguir el PRI para elegir al candidato presidencial al 2012, al referirse que su partido deber\u00e1 elaborar un proyecto de pa\u00eds, plasmarlo a un documento, darlo a conocer a la ciudadan\u00eda y despu\u00e9s encontrar a quien conduzca a la victoria electoral. [&hellip;]<\/p>\n","protected":false},"author":1,"featured_media":0,"comment_status":"open","ping_status":"open","sticky":false,"template":"","format":"standard","meta":{"jetpack_post_was_ever_published":false,"_jetpack_newsletter_access":"","_jetpack_dont_email_post_to_subs":false,"_jetpack_newsletter_tier_id":0,"_jetpack_memberships_contains_paywalled_content":false,"_jetpack_memberships_contains_paid_content":false,"footnotes":"","jetpack_publicize_message":"","jetpack_publicize_feature_enabled":true,"jetpack_social_post_already_shared":false,"jetpack_social_options":{"image_generator_settings":{"template":"highway","enabled":false},"version":2}},"categories":[13],"tags":[],"jetpack_publicize_connections":[],"jetpack_featured_media_url":"","jetpack_shortlink":"https:\/\/wp.me\/p2mzaA-kq","jetpack_sharing_enabled":true,"jetpack_likes_enabled":true,"_links":{"self":[{"href":"https:\/\/www.semioticafactual.com\/index.php?rest_route=\/wp\/v2\/posts\/1266"}],"collection":[{"href":"https:\/\/www.semioticafactual.com\/index.php?rest_route=\/wp\/v2\/posts"}],"about":[{"href":"https:\/\/www.semioticafactual.com\/index.php?rest_route=\/wp\/v2\/types\/post"}],"author":[{"embeddable":true,"href":"https:\/\/www.semioticafactual.com\/index.php?rest_route=\/wp\/v2\/users\/1"}],"replies":[{"embeddable":true,"href":"https:\/\/www.semioticafactual.com\/index.php?rest_route=%2Fwp%2Fv2%2Fcomments&post=1266"}],"version-history":[{"count":1,"href":"https:\/\/www.semioticafactual.com\/index.php?rest_route=\/wp\/v2\/posts\/1266\/revisions"}],"predecessor-version":[{"id":1268,"href":"https:\/\/www.semioticafactual.com\/index.php?rest_route=\/wp\/v2\/posts\/1266\/revisions\/1268"}],"wp:attachment":[{"href":"https:\/\/www.semioticafactual.com\/index.php?rest_route=%2Fwp%2Fv2%2Fmedia&parent=1266"}],"wp:term":[{"taxonomy":"category","embeddable":true,"href":"https:\/\/www.semioticafactual.com\/index.php?rest_route=%2Fwp%2Fv2%2Fcategories&post=1266"},{"taxonomy":"post_tag","embeddable":true,"href":"https:\/\/www.semioticafactual.com\/index.php?rest_route=%2Fwp%2Fv2%2Ftags&post=1266"}],"curies":[{"name":"wp","href":"https:\/\/api.w.org\/{rel}","templated":true}]}}