{"id":1263,"date":"2011-07-23T23:10:50","date_gmt":"2011-07-23T23:10:50","guid":{"rendered":"http:\/\/www.semioticafactual.com\/?p=1263"},"modified":"2011-07-23T23:10:50","modified_gmt":"2011-07-23T23:10:50","slug":"el-zancudo-no-mata-pero-hace-roncha-4","status":"publish","type":"post","link":"https:\/\/www.semioticafactual.com\/?p=1263","title":{"rendered":"EL ZANCUDO, \u00abNo mata pero hace roncha\u00bb"},"content":{"rendered":"<div>\n<p>Arturo Soto Mungu\u00eda<\/p>\n<p>Un mundo fel\u00edz \/\u00a0<strong>chaposoto67@hotmail.com<\/strong><\/p>\n<\/div>\n<div>\n<p>23\/Julio\/2011<\/p>\n<\/div>\n<p>Muy bonito amaneci\u00f3 el d\u00eda de hoy, con un cielo nublado que hac\u00eda verse m\u00e1s hermosas las gotas de roc\u00edo sobre las plantas del jard\u00edn, que agradecidas por la amabilidad de la naturaleza, regalaban sus v\u00edvidos colores a la vista de los transe\u00fantes.<\/p>\n<p>El aire fresco de la madrugada jugueteaba entre las orejas de\u00a0<em>Camelia<\/em>, la perrita chihuahue\u00f1a que reci\u00e9n acaba de ingresar al seno familiar, y que alegra con sus peque\u00f1os saltitos la ma\u00f1ana que anticipa un d\u00eda menos inclemente que los anteriores de este verano.<\/p>\n<p>El astro rey se asoma en el oriente y comienza a poner tibio el aire, mientras uno se despereza frente a una taza de caf\u00e9 humeante y arom\u00e1tico, prepar\u00e1ndose para un nuevo y maravilloso d\u00eda lleno de logros y bendiciones, sin carencias, aunque sin excesos;\u00a0 con vecinos sonrientes y llenos de energ\u00eda positiva, muy contentos tambi\u00e9n de vivir en este lugar y en este momento donde la paz, la tranquilidad y la abundancia son la cotidianeidad de todos.<\/p>\n<p>Rumbo al trabajo, casi nadie espera en las paradas de camiones, porque atr\u00e1s han quedado aquellos d\u00edas en que el servicio del transporte urbano era desorganizado, de baj\u00edsima calidad y muy caro. No, ahora se ven rostros felices y sonrientes dentro de las unidades refrigeradas, algunas de las cuales lucen un letrero con la leyenda: \u201cNo olvide su chamarra, prot\u00e9jase de las bajas temperaturas del aire acondicionado\u201d.<\/p>\n<p>Las amplias y limpias avenidas de Hermosillo, lucen casi desiertas, no por el periodo de vacaciones, sino porque los programas de modernizaci\u00f3n urbana -sincronizaci\u00f3n de sem\u00e1foros incluida-, hacen que al desplazarse de un extremo de la ciudad al otro, uno siente que conduce por autopistas gringas.<\/p>\n<p>Y mientras conduce, uno se convence de que todo es bien bonito y maravilloso en Sonora: los polic\u00edas sonrientes cuidan a los ciudadanos; los ciudadanos sonrientes agradecen y corren a pagar sus impuestos para que los sigan cuidando bien; el agua sale abundante de las llaves; la pobreza es un mito genial, todo mundo tiene trabajo, y el que no lo tiene es porque est\u00e1 estudiando por lo menos un posgrado.<\/p>\n<p>Yo pens\u00e9 que jam\u00e1s llegar\u00eda a ver tanto progreso, tanto desarrollo, tanta abundancia y tanta tranquilidad en Hermosillo y en general, en las ciudades y pueblos de Sonora, como se est\u00e1 viendo por estos d\u00edas en que, salvo por uno que otro desadaptado social que nunca falta, el resto de los sonorenses estamos encantados de vivir aqu\u00ed.<\/p>\n<p>Es cierto que hay detallitos y fallas en algunos programas de gobierno, pero eso son los dolores de parto, normales en toda transici\u00f3n a la democracia, un poco molestos, s\u00ed, pero valen la pena porque a la vuelta de unos meses o unos a\u00f1os, estaremos todav\u00eda mejor que como estamos actualmente.<\/p>\n<p>Habr\u00e1 m\u00e1s flores en los jardines de las casas, ansiosas de recibir el roc\u00edo de la ma\u00f1ana, y generosas en su perfumar la vida tan bonita que se nos ha regalado.<\/p>\n<p>Ten\u00eda pensado escribir sobre el asesinato de Ernesto Cornejo Valenzuela, pero al consultar la prensa diaria me encontr\u00e9 con la declaraci\u00f3n del Secretario del Ayuntamiento de Benito Ju\u00e1rez, Ricardo Arag\u00f3n Valenzuela, quien calific\u00f3 el suceso como un hecho aislado, y entonces me dije: \u201cpara qu\u00e9 Zancudito loco, vas a darle vuelo a tus febriles fantas\u00edas; para qu\u00e9 insistir en que la cosa est\u00e1 que arde, si todo es una maravilla\u201d.<\/p>\n<p>Adem\u00e1s, ya pr\u00e1cticamente todo est\u00e1 dicho en torno a esos sucesos lamentables, pero por si algo faltara, tambi\u00e9n el Comit\u00e9 Directivo Estatal del PAN puntualiz\u00f3 las cosas y dej\u00f3 claro c\u00f3mo est\u00e1 el asunto, con lo cual, no queda sino transcribir aqu\u00ed un par de p\u00e1rrafos, de los cuatro enviados en un bolet\u00edn de prensa de ese instituto pol\u00edtico, que todo lo explica.<\/p>\n<p>Respecto a la ejecuci\u00f3n del ex delegado del PAN para el sur del estado, ex alcalde de Benito Ju\u00e1rez por el Partido Fuerza Ciudadana, ex candidato a diputado federal por el PAN y ex priista Ernesto Cornejo Valenzuela, s\u00f3lo queda rescatar la posici\u00f3n institucional del Partido Acci\u00f3n Nacional al respecto.<br \/>\n\u201cSe trata de hechos por dem\u00e1s terribles que consternan al panismo de Sonora, por lo que Acci\u00f3n Nacional expresa sus m\u00e1s profundas condolencias y se suma al dolor que embarga a la familia de Cornejo Valenzuela.<\/p>\n<p>\u201cY es que se trata de un compa\u00f1ero de partido, de un amigo que siempre se caracteriz\u00f3 por sus constantes luchas por las causas m\u00e1s nobles y el bien com\u00fan, y por ello ser\u00e1 recordado\u201d.<\/p>\n<p><strong>PD de pena ajena<\/strong><\/p>\n<p>Una verdadera l\u00e1stima que las fobias, las limitaciones intelectuales y las envidias sean el eje de las pol\u00edticas p\u00fablicas en materia de deporte en Sonora. Este s\u00e1bado, vuelan a Europa los atletas Celia Karina Olea y Al\u00ed Soto Mac\u00edas, para competir en el Campeonato Mundial Juvenil de Luchas Asociadas, que se llevar\u00e1 a cabo en Rumania.<\/p>\n<p>Es un torneo important\u00edsimo donde algunos atletas disputar\u00e1n un boleto a los Juegos Ol\u00edmpicos de Londres 2012, y otros acumular\u00e1n puntos en su ranking para posteriores justas internacionales. Por eso, los institutos del deporte de Chihuahua, Nayarit, Chiapas y otros, difundieron ampliamente la participaci\u00f3n de sus atletas en el Mundial Juvenil a celebrarse la pr\u00f3xima semana en Bucarest, una ciudad de la que por cierto, El Zancudo guarda grat\u00edsimos recuerdos.<\/p>\n<p>Pero bueno, los dos peleadores sonorenses participaron recientemente en el Campeonato Panamericano Juvenil que se llev\u00f3 a cabo en Sao Paulo, Brasil, como parte del seleccionado nacional. Celia Karina consigui\u00f3 la medalla de plata y Al\u00ed la de oro, convirti\u00e9ndose en el \u00fanico atleta mexicano que repite en Panamericano con la presea dorada.<\/p>\n<p>Este s\u00e1bado por la noche, cruzar\u00e1n el Atl\u00e1ntico para medirse con los mejores del mundo; hoy que necesitan todo el apoyo, la Comisi\u00f3n del Deporte de Sonora los ignora ol\u00edmpicamente -vaya paradoja-, y su mezquindad no le permite siquiera emitir un bolet\u00edn de prensa.<\/p>\n<p>Celia y Al\u00ed cuentan, sin embargo, con todo el apoyo de sus familias, sus amigos, entrenadores y gente cercana, que somos un chingo y que estamos viendo c\u00f3mo es que lastimosamente, los berrinches del director de Codeson, en su infinita soberbia, lo llevan a ignorar a dos de los mejores atletas sonorenses, uno de ellos el que m\u00e1s y mejores resultados internacionales ha tra\u00eddo para su pa\u00eds y su estado, en su disciplina.<\/p>\n<p>Desde la gente que los quiere, todas las bendiciones, todos los rezos, todas las buenas vibras para este par de gladiadores sonorenses, con el deseo de que suban al podio y demuestren de qu\u00e9 est\u00e1n hechos ellos, y de paso, prueben de qu\u00e9 est\u00e1n hechos los otros.<\/p>\n<p>&nbsp;<\/p>\n<p>\u00a1\u00a1Vamos, campeones!!<\/p>\n<p>&nbsp;<\/p>\n","protected":false},"excerpt":{"rendered":"<p>Arturo Soto Mungu\u00eda Un mundo fel\u00edz \/\u00a0chaposoto67@hotmail.com 23\/Julio\/2011 Muy bonito amaneci\u00f3 el d\u00eda de hoy, con un cielo nublado que hac\u00eda verse m\u00e1s hermosas las gotas de roc\u00edo sobre las plantas del jard\u00edn, que agradecidas por la amabilidad de la naturaleza, regalaban sus v\u00edvidos colores a la vista de los transe\u00fantes. El aire fresco de [&hellip;]<\/p>\n","protected":false},"author":1,"featured_media":0,"comment_status":"open","ping_status":"open","sticky":false,"template":"","format":"standard","meta":{"jetpack_post_was_ever_published":false,"_jetpack_newsletter_access":"","_jetpack_dont_email_post_to_subs":false,"_jetpack_newsletter_tier_id":0,"_jetpack_memberships_contains_paywalled_content":false,"_jetpack_memberships_contains_paid_content":false,"footnotes":"","jetpack_publicize_message":"","jetpack_publicize_feature_enabled":true,"jetpack_social_post_already_shared":false,"jetpack_social_options":{"image_generator_settings":{"template":"highway","enabled":false},"version":2}},"categories":[21,14],"tags":[],"jetpack_publicize_connections":[],"jetpack_featured_media_url":"","jetpack_shortlink":"https:\/\/wp.me\/p2mzaA-kn","jetpack_sharing_enabled":true,"jetpack_likes_enabled":true,"_links":{"self":[{"href":"https:\/\/www.semioticafactual.com\/index.php?rest_route=\/wp\/v2\/posts\/1263"}],"collection":[{"href":"https:\/\/www.semioticafactual.com\/index.php?rest_route=\/wp\/v2\/posts"}],"about":[{"href":"https:\/\/www.semioticafactual.com\/index.php?rest_route=\/wp\/v2\/types\/post"}],"author":[{"embeddable":true,"href":"https:\/\/www.semioticafactual.com\/index.php?rest_route=\/wp\/v2\/users\/1"}],"replies":[{"embeddable":true,"href":"https:\/\/www.semioticafactual.com\/index.php?rest_route=%2Fwp%2Fv2%2Fcomments&post=1263"}],"version-history":[{"count":1,"href":"https:\/\/www.semioticafactual.com\/index.php?rest_route=\/wp\/v2\/posts\/1263\/revisions"}],"predecessor-version":[{"id":1265,"href":"https:\/\/www.semioticafactual.com\/index.php?rest_route=\/wp\/v2\/posts\/1263\/revisions\/1265"}],"wp:attachment":[{"href":"https:\/\/www.semioticafactual.com\/index.php?rest_route=%2Fwp%2Fv2%2Fmedia&parent=1263"}],"wp:term":[{"taxonomy":"category","embeddable":true,"href":"https:\/\/www.semioticafactual.com\/index.php?rest_route=%2Fwp%2Fv2%2Fcategories&post=1263"},{"taxonomy":"post_tag","embeddable":true,"href":"https:\/\/www.semioticafactual.com\/index.php?rest_route=%2Fwp%2Fv2%2Ftags&post=1263"}],"curies":[{"name":"wp","href":"https:\/\/api.w.org\/{rel}","templated":true}]}}