{"id":1260,"date":"2011-07-23T22:40:18","date_gmt":"2011-07-23T22:40:18","guid":{"rendered":"http:\/\/www.semioticafactual.com\/?p=1260"},"modified":"2011-07-23T22:40:18","modified_gmt":"2011-07-23T22:40:18","slug":"acude-claudia-pavlovich-arellano-a-la-asamblea-del-consejo-politico-nacional-del-pri","status":"publish","type":"post","link":"https:\/\/www.semioticafactual.com\/?p=1260","title":{"rendered":"Acude Claudia Pavlovich Arellano a la asamblea del Consejo Pol\u00edtico Nacional del PRI"},"content":{"rendered":"<p><strong>Distrito Federal, 23 de Julio, 2011.-<\/strong><\/p>\n<div id=\"attachment_1261\" style=\"width: 310px\" class=\"wp-caption alignright\"><a class=\"highslide\" onclick=\"return vz.expand(this)\" href=\"https:\/\/i0.wp.com\/www.semioticafactual.com\/wp-content\/uploads\/2011\/07\/Claudia-y-Moreira.jpg\"><img loading=\"lazy\" decoding=\"async\" aria-describedby=\"caption-attachment-1261\" data-attachment-id=\"1261\" data-permalink=\"https:\/\/www.semioticafactual.com\/?attachment_id=1261\" data-orig-file=\"https:\/\/i0.wp.com\/www.semioticafactual.com\/wp-content\/uploads\/2011\/07\/Claudia-y-Moreira.jpg?fit=1500%2C1000&amp;ssl=1\" data-orig-size=\"1500,1000\" data-comments-opened=\"1\" data-image-meta=\"{&quot;aperture&quot;:&quot;0&quot;,&quot;credit&quot;:&quot;&quot;,&quot;camera&quot;:&quot;&quot;,&quot;caption&quot;:&quot;&quot;,&quot;created_timestamp&quot;:&quot;0&quot;,&quot;copyright&quot;:&quot;&quot;,&quot;focal_length&quot;:&quot;0&quot;,&quot;iso&quot;:&quot;0&quot;,&quot;shutter_speed&quot;:&quot;0&quot;,&quot;title&quot;:&quot;&quot;}\" data-image-title=\"_Claudia y Moreira\" data-image-description=\"\" data-image-caption=\"&lt;p&gt;\u00abAsume el compromiso de fortalecer la unidad de los pri\u00edstas cerr\u00e1ndole el paso a la divisi\u00f3n y a las traiciones\u00bb&lt;\/p&gt;\n\" data-medium-file=\"https:\/\/i0.wp.com\/www.semioticafactual.com\/wp-content\/uploads\/2011\/07\/Claudia-y-Moreira.jpg?fit=300%2C200&amp;ssl=1\" data-large-file=\"https:\/\/i0.wp.com\/www.semioticafactual.com\/wp-content\/uploads\/2011\/07\/Claudia-y-Moreira.jpg?fit=800%2C533&amp;ssl=1\" tabindex=\"0\" role=\"button\" class=\"size-medium wp-image-1261\" title=\"_Claudia y Moreira\" src=\"https:\/\/i0.wp.com\/www.semioticafactual.com\/wp-content\/uploads\/2011\/07\/Claudia-y-Moreira-300x200.jpg?resize=300%2C200\" alt=\"\" width=\"300\" height=\"200\" srcset=\"https:\/\/i0.wp.com\/www.semioticafactual.com\/wp-content\/uploads\/2011\/07\/Claudia-y-Moreira.jpg?resize=300%2C200&amp;ssl=1 300w, https:\/\/i0.wp.com\/www.semioticafactual.com\/wp-content\/uploads\/2011\/07\/Claudia-y-Moreira.jpg?resize=1024%2C682&amp;ssl=1 1024w, https:\/\/i0.wp.com\/www.semioticafactual.com\/wp-content\/uploads\/2011\/07\/Claudia-y-Moreira.jpg?w=1500&amp;ssl=1 1500w\" sizes=\"(max-width: 300px) 100vw, 300px\" data-recalc-dims=\"1\" \/><\/a><p id=\"caption-attachment-1261\" class=\"wp-caption-text\">&quot;Asume el compromiso de fortalecer la unidad de los pri\u00edstas cerr\u00e1ndole el paso a la divisi\u00f3n y a las traiciones&quot;<\/p><\/div>\n<p>Ante el llamado del dirigente nacional, Humberto Moreira, de fortalecer la unidad, Claudia Pavlovich Arellano resalt\u00f3 que en Sonora a los pri\u00edstas los ocupa el trabajar en conjunto que conlleve ala recuperaci\u00f3n de la Presidencia de la Rep\u00fablica, pues en el PRI ya no caben las rupturas ni las traiciones.<\/p>\n<p>Tras concluir la asamblea del Consejo Pol\u00edtico Nacional, en la que la Presidenta del PRI en Sonora, acompa\u00f1ada de la comitiva sonorense, atendi\u00f3 el mensaje del dirigente nacional, quien destac\u00f3 que dado el fortalecimiento del partido tras los recientes triunfos coronados con significativos puntos de ventaja sobre sus adversarios, es tiempo de cerrarle el paso a la divisi\u00f3n.<\/p>\n<p>Pavlovich Arellano destac\u00f3 que es justo en este momento cuando los grupos opositores tratar\u00e1n de generar enconos en la b\u00fasqueda de debilitar al PRI, pues hasta el momento han fallado en el intento de proyectar perfiles ganadores para retener o contender por la Presidencia de la Rep\u00fablica.<\/p>\n<p>Con la mayor\u00eda de los comit\u00e9s municipales renovados y en la antesala de la renovaci\u00f3n del Consejo Pol\u00edtico Estatal, la dirigente sonorense destac\u00f3 que hoy es tiempo de fortalecer las estrategias territoriales, ponderando siempre el trabajo que le d\u00e9 respuesta a la gente en sus demandas.<\/p>\n<p>Tras la toma de protesta a nuevos consejeros, la aprobaci\u00f3n del programa e informe financiero anual, as\u00ed como la aprobaci\u00f3n del plan anual de operaci\u00f3n pol\u00edtica y el plan nacional de elecciones, los consejeros nacionales sonorenses admitieron la propuesta de acuerdo para aplazar celebraci\u00f3n se la 21 Asamblea Nacional, donde el PRI habr\u00e1 de definir el m\u00e9todo de selecci\u00f3n de candidato a la Presidencia de la Rep\u00fablica.<\/p>\n<p>&nbsp;<\/p>\n<p>&nbsp;<\/p>\n","protected":false},"excerpt":{"rendered":"<p>Distrito Federal, 23 de Julio, 2011.- Ante el llamado del dirigente nacional, Humberto Moreira, de fortalecer la unidad, Claudia Pavlovich Arellano resalt\u00f3 que en Sonora a los pri\u00edstas los ocupa el trabajar en conjunto que conlleve ala recuperaci\u00f3n de la Presidencia de la Rep\u00fablica, pues en el PRI ya no caben las rupturas ni las [&hellip;]<\/p>\n","protected":false},"author":1,"featured_media":0,"comment_status":"open","ping_status":"open","sticky":false,"template":"","format":"standard","meta":{"jetpack_post_was_ever_published":false,"_jetpack_newsletter_access":"","_jetpack_dont_email_post_to_subs":false,"_jetpack_newsletter_tier_id":0,"_jetpack_memberships_contains_paywalled_content":false,"_jetpack_memberships_contains_paid_content":false,"footnotes":"","jetpack_publicize_message":"","jetpack_publicize_feature_enabled":true,"jetpack_social_post_already_shared":false,"jetpack_social_options":{"image_generator_settings":{"template":"highway","enabled":false},"version":2}},"categories":[14],"tags":[],"jetpack_publicize_connections":[],"jetpack_featured_media_url":"","jetpack_shortlink":"https:\/\/wp.me\/p2mzaA-kk","jetpack_sharing_enabled":true,"jetpack_likes_enabled":true,"_links":{"self":[{"href":"https:\/\/www.semioticafactual.com\/index.php?rest_route=\/wp\/v2\/posts\/1260"}],"collection":[{"href":"https:\/\/www.semioticafactual.com\/index.php?rest_route=\/wp\/v2\/posts"}],"about":[{"href":"https:\/\/www.semioticafactual.com\/index.php?rest_route=\/wp\/v2\/types\/post"}],"author":[{"embeddable":true,"href":"https:\/\/www.semioticafactual.com\/index.php?rest_route=\/wp\/v2\/users\/1"}],"replies":[{"embeddable":true,"href":"https:\/\/www.semioticafactual.com\/index.php?rest_route=%2Fwp%2Fv2%2Fcomments&post=1260"}],"version-history":[{"count":1,"href":"https:\/\/www.semioticafactual.com\/index.php?rest_route=\/wp\/v2\/posts\/1260\/revisions"}],"predecessor-version":[{"id":1262,"href":"https:\/\/www.semioticafactual.com\/index.php?rest_route=\/wp\/v2\/posts\/1260\/revisions\/1262"}],"wp:attachment":[{"href":"https:\/\/www.semioticafactual.com\/index.php?rest_route=%2Fwp%2Fv2%2Fmedia&parent=1260"}],"wp:term":[{"taxonomy":"category","embeddable":true,"href":"https:\/\/www.semioticafactual.com\/index.php?rest_route=%2Fwp%2Fv2%2Fcategories&post=1260"},{"taxonomy":"post_tag","embeddable":true,"href":"https:\/\/www.semioticafactual.com\/index.php?rest_route=%2Fwp%2Fv2%2Ftags&post=1260"}],"curies":[{"name":"wp","href":"https:\/\/api.w.org\/{rel}","templated":true}]}}