{"id":1255,"date":"2011-07-23T21:48:41","date_gmt":"2011-07-23T21:48:41","guid":{"rendered":"http:\/\/www.semioticafactual.com\/?p=1255"},"modified":"2011-07-23T21:48:41","modified_gmt":"2011-07-23T21:48:41","slug":"el-deporte-debe-ser-una-politica-de-estado-cano-velez","status":"publish","type":"post","link":"https:\/\/www.semioticafactual.com\/?p=1255","title":{"rendered":"El deporte debe ser una pol\u00edtica de Estado: Cano V\u00e9lez"},"content":{"rendered":"<p><a class=\"highslide\" onclick=\"return vz.expand(this)\" href=\"https:\/\/i0.wp.com\/www.semioticafactual.com\/wp-content\/uploads\/2011\/07\/ciclismo-3.jpg\"><img loading=\"lazy\" decoding=\"async\" data-attachment-id=\"1256\" data-permalink=\"https:\/\/www.semioticafactual.com\/?attachment_id=1256\" data-orig-file=\"https:\/\/i0.wp.com\/www.semioticafactual.com\/wp-content\/uploads\/2011\/07\/ciclismo-3.jpg?fit=1024%2C684&amp;ssl=1\" data-orig-size=\"1024,684\" data-comments-opened=\"1\" data-image-meta=\"{&quot;aperture&quot;:&quot;0&quot;,&quot;credit&quot;:&quot;&quot;,&quot;camera&quot;:&quot;&quot;,&quot;caption&quot;:&quot;&quot;,&quot;created_timestamp&quot;:&quot;0&quot;,&quot;copyright&quot;:&quot;&quot;,&quot;focal_length&quot;:&quot;0&quot;,&quot;iso&quot;:&quot;0&quot;,&quot;shutter_speed&quot;:&quot;0&quot;,&quot;title&quot;:&quot;&quot;}\" data-image-title=\"ciclismo 3\" data-image-description=\"\" data-image-caption=\"\" data-medium-file=\"https:\/\/i0.wp.com\/www.semioticafactual.com\/wp-content\/uploads\/2011\/07\/ciclismo-3.jpg?fit=300%2C200&amp;ssl=1\" data-large-file=\"https:\/\/i0.wp.com\/www.semioticafactual.com\/wp-content\/uploads\/2011\/07\/ciclismo-3.jpg?fit=800%2C534&amp;ssl=1\" tabindex=\"0\" role=\"button\" class=\"alignright size-medium wp-image-1256\" title=\"ciclismo 3\" src=\"https:\/\/i0.wp.com\/www.semioticafactual.com\/wp-content\/uploads\/2011\/07\/ciclismo-3-300x200.jpg?resize=300%2C200\" alt=\"&quot;EL DEPORTE DEBE SER UNA POLITICA DE ESTADO: CANO V\u00c9LEZ&quot;\" width=\"300\" height=\"200\" srcset=\"https:\/\/i0.wp.com\/www.semioticafactual.com\/wp-content\/uploads\/2011\/07\/ciclismo-3.jpg?resize=300%2C200&amp;ssl=1 300w, https:\/\/i0.wp.com\/www.semioticafactual.com\/wp-content\/uploads\/2011\/07\/ciclismo-3.jpg?w=1024&amp;ssl=1 1024w\" sizes=\"(max-width: 300px) 100vw, 300px\" data-recalc-dims=\"1\" \/><\/a>Hermosillo, Sonora. Con el objetivo de que la actividad f\u00edsica sea parte de la pol\u00edtica del Estado mexicano, los diputados aprobamos diversas modificaciones a la Ley General de Cultura F\u00edsica y Deporte, as\u00ed lo manifest\u00f3 el diputado Jes\u00fas Alberto Cano V\u00e9lez.<\/p>\n<p>Y en este sentido, el priista agreg\u00f3 que a pesar de que se han disparado de forma alarmante en el pa\u00eds los \u00edndices de enfermedades y muertes a consecuencia de padecimientos contra\u00eddos por la falta de ejercicio, el Estado mexicano no contaba \u00a0en su legislaci\u00f3n con mecanismos que fomentaran a la cultura f\u00edsica y al deporte a pesar de que con ello, tambi\u00e9n estar\u00edamos atendiendo el combate a las adicciones.<\/p>\n<p>\u201cLa Organizaci\u00f3n Panamericana de la Salud, se\u00f1ala que en pa\u00edses como M\u00e9xico, hasta el momento son insuficientes e inadecuados los programas encaminados a atender los problemas de salud de sus j\u00f3venes, situaci\u00f3n que adem\u00e1s contribuye a que se incrementen problemas de alcoholismo y drogadicci\u00f3n entre los adolescentes\u201d recalc\u00f3 el diputado de Sonora.<\/p>\n<p>De igual forma, asever\u00f3 que si el deporte mejora la calidad de vida de los individuos, previene una serie de enfermedades, \u00a0inhibe la comisi\u00f3n de delitos, fomenta el sano esparcimiento y la cohesi\u00f3n familiar, entonces deber\u00eda de ejecutarse una serie de pol\u00edticas para que la poblaci\u00f3n realice alg\u00fan ejercicio de manera regular y sistem\u00e1tica.<\/p>\n<p>Por ello, los cambios realizados a la legislaci\u00f3n tienen como objetivo establecer las bases de coordinaci\u00f3n y colaboraci\u00f3n entre la federaci\u00f3n, los estados y los Municipios para el fomento y desarrollo del deporte en sus diversas modalidades a trav\u00e9s del Sistema Nacional de Cultura F\u00edsica y Deporte, que ser\u00e1 el organismo encargado de desarrollar los programas en la materia.<\/p>\n<p>\u201cEn lo que se refiere a la materia de activaci\u00f3n f\u00edsica, de acuerdo con la Encuesta Nacional de Nutrici\u00f3n, s\u00f3lo la tercera parte de los adolescentes mexicanos realiza el tiempo recomendado de actividad f\u00edsica y los restantes prefieren ver la televisi\u00f3n, situaci\u00f3n que nos explica porque comienzan a ser alarmantes el nivel de las adicciones entre la juventud mexicana\u201d recalc\u00f3 \u00a0Cano V\u00e9lez.<\/p>\n<p>Adem\u00e1s, el fomento de una cultura f\u00edsica y deporte adem\u00e1s de los beneficios en salu<a name=\"_GoBack\" target=\"_blank\"><\/a>d, cuenta con la virtud de integrar y socializar a los individuos, controlar y prevenir adicciones, pero sobre todo que nuestros j\u00f3venes se enrolen en las filas del crimen, por ello, son tan importantes las modificaciones que los legisladores aprobamos, concluy\u00f3 el diputado.<\/p>\n","protected":false},"excerpt":{"rendered":"<p>Hermosillo, Sonora. Con el objetivo de que la actividad f\u00edsica sea parte de la pol\u00edtica del Estado mexicano, los diputados aprobamos diversas modificaciones a la Ley General de Cultura F\u00edsica y Deporte, as\u00ed lo manifest\u00f3 el diputado Jes\u00fas Alberto Cano V\u00e9lez. Y en este sentido, el priista agreg\u00f3 que a pesar de que se han [&hellip;]<\/p>\n","protected":false},"author":1,"featured_media":0,"comment_status":"open","ping_status":"open","sticky":false,"template":"","format":"standard","meta":{"jetpack_post_was_ever_published":false,"_jetpack_newsletter_access":"","_jetpack_dont_email_post_to_subs":false,"_jetpack_newsletter_tier_id":0,"_jetpack_memberships_contains_paywalled_content":false,"_jetpack_memberships_contains_paid_content":false,"footnotes":"","jetpack_publicize_message":"","jetpack_publicize_feature_enabled":true,"jetpack_social_post_already_shared":false,"jetpack_social_options":{"image_generator_settings":{"template":"highway","enabled":false},"version":2}},"categories":[6],"tags":[],"jetpack_publicize_connections":[],"jetpack_featured_media_url":"","jetpack_shortlink":"https:\/\/wp.me\/p2mzaA-kf","jetpack_sharing_enabled":true,"jetpack_likes_enabled":true,"_links":{"self":[{"href":"https:\/\/www.semioticafactual.com\/index.php?rest_route=\/wp\/v2\/posts\/1255"}],"collection":[{"href":"https:\/\/www.semioticafactual.com\/index.php?rest_route=\/wp\/v2\/posts"}],"about":[{"href":"https:\/\/www.semioticafactual.com\/index.php?rest_route=\/wp\/v2\/types\/post"}],"author":[{"embeddable":true,"href":"https:\/\/www.semioticafactual.com\/index.php?rest_route=\/wp\/v2\/users\/1"}],"replies":[{"embeddable":true,"href":"https:\/\/www.semioticafactual.com\/index.php?rest_route=%2Fwp%2Fv2%2Fcomments&post=1255"}],"version-history":[{"count":3,"href":"https:\/\/www.semioticafactual.com\/index.php?rest_route=\/wp\/v2\/posts\/1255\/revisions"}],"predecessor-version":[{"id":1259,"href":"https:\/\/www.semioticafactual.com\/index.php?rest_route=\/wp\/v2\/posts\/1255\/revisions\/1259"}],"wp:attachment":[{"href":"https:\/\/www.semioticafactual.com\/index.php?rest_route=%2Fwp%2Fv2%2Fmedia&parent=1255"}],"wp:term":[{"taxonomy":"category","embeddable":true,"href":"https:\/\/www.semioticafactual.com\/index.php?rest_route=%2Fwp%2Fv2%2Fcategories&post=1255"},{"taxonomy":"post_tag","embeddable":true,"href":"https:\/\/www.semioticafactual.com\/index.php?rest_route=%2Fwp%2Fv2%2Ftags&post=1255"}],"curies":[{"name":"wp","href":"https:\/\/api.w.org\/{rel}","templated":true}]}}