{"id":1248,"date":"2011-07-23T20:37:08","date_gmt":"2011-07-23T20:37:08","guid":{"rendered":"http:\/\/www.semioticafactual.com\/?p=1248"},"modified":"2011-07-23T20:43:31","modified_gmt":"2011-07-23T20:43:31","slug":"voz-sport-%e2%80%9cse-perdio-un-gran-proceso-en-el-atletismo-ana-gabriela-guevara%e2%80%9d","status":"publish","type":"post","link":"https:\/\/www.semioticafactual.com\/?p=1248","title":{"rendered":"VOZ SPORT \u201cSe perdi\u00f3 un gran proceso en el Atletismo: Ana Gabriela Guevara\u201d"},"content":{"rendered":"<p><strong>Por Rafael Renter\u00eda<\/strong><\/p>\n<p><a href=\"mailto:renteria_rafael@hotmail.com\"><strong>renteria_rafael@hotmail.com<\/strong><\/a><\/p>\n<p>&nbsp;<\/p>\n<div id=\"attachment_1249\" style=\"width: 310px\" class=\"wp-caption alignright\"><a class=\"highslide\" onclick=\"return vz.expand(this)\" href=\"https:\/\/i0.wp.com\/www.semioticafactual.com\/wp-content\/uploads\/2011\/07\/ANA-GABRIELA-GUEVARA.jpg\"><img loading=\"lazy\" decoding=\"async\" aria-describedby=\"caption-attachment-1249\" data-attachment-id=\"1249\" data-permalink=\"https:\/\/www.semioticafactual.com\/?attachment_id=1249\" data-orig-file=\"https:\/\/i0.wp.com\/www.semioticafactual.com\/wp-content\/uploads\/2011\/07\/ANA-GABRIELA-GUEVARA.jpg?fit=640%2C480&amp;ssl=1\" data-orig-size=\"640,480\" data-comments-opened=\"1\" data-image-meta=\"{&quot;aperture&quot;:&quot;0&quot;,&quot;credit&quot;:&quot;&quot;,&quot;camera&quot;:&quot;&quot;,&quot;caption&quot;:&quot;&quot;,&quot;created_timestamp&quot;:&quot;0&quot;,&quot;copyright&quot;:&quot;&quot;,&quot;focal_length&quot;:&quot;0&quot;,&quot;iso&quot;:&quot;0&quot;,&quot;shutter_speed&quot;:&quot;0&quot;,&quot;title&quot;:&quot;&quot;}\" data-image-title=\"ANA GABRIELA GUEVARA\" data-image-description=\"\" data-image-caption=\"&lt;p&gt;\u00abNo se anduvo por las ramas falta apoyo para el atletismo en Sonora y el Pa\u00ecs\u00bb&lt;\/p&gt;\n\" data-medium-file=\"https:\/\/i0.wp.com\/www.semioticafactual.com\/wp-content\/uploads\/2011\/07\/ANA-GABRIELA-GUEVARA.jpg?fit=300%2C225&amp;ssl=1\" data-large-file=\"https:\/\/i0.wp.com\/www.semioticafactual.com\/wp-content\/uploads\/2011\/07\/ANA-GABRIELA-GUEVARA.jpg?fit=640%2C480&amp;ssl=1\" tabindex=\"0\" role=\"button\" class=\"size-medium wp-image-1249\" title=\"ANA GABRIELA GUEVARA\" src=\"https:\/\/i0.wp.com\/www.semioticafactual.com\/wp-content\/uploads\/2011\/07\/ANA-GABRIELA-GUEVARA-300x225.jpg?resize=300%2C225\" alt=\"\" width=\"300\" height=\"225\" srcset=\"https:\/\/i0.wp.com\/www.semioticafactual.com\/wp-content\/uploads\/2011\/07\/ANA-GABRIELA-GUEVARA.jpg?resize=300%2C225&amp;ssl=1 300w, https:\/\/i0.wp.com\/www.semioticafactual.com\/wp-content\/uploads\/2011\/07\/ANA-GABRIELA-GUEVARA.jpg?w=640&amp;ssl=1 640w\" sizes=\"(max-width: 300px) 100vw, 300px\" data-recalc-dims=\"1\" \/><\/a><p id=\"caption-attachment-1249\" class=\"wp-caption-text\">&quot;No se anduvo por las ramas falta apoyo para el atletismo en Sonora y el Pa\u00ecs&quot;Vestida con vestimenta deportiva totalmente de negro fue como Ana Gabriela Guevara lleg\u00f3 a una cita para participar en la clausura de unos campamentos de verano donde fue la invitada de honor.<\/p><\/div>\n<p>Desde su llegada a la primaria de la colonia el Fovissste Sor Juana In\u00e9s de la Cruz, acompa\u00f1ada por el secretario de Hacienda <strong>Alejandro<\/strong> <strong>L\u00f3pez<\/strong> <strong>Caballero<\/strong>, el campe\u00f3n mundial mosca de box <strong>Hern\u00e1n<\/strong> <strong>Tyson<\/strong> <strong>Marquez<\/strong> y de <strong>David<\/strong> \u201c<strong>Tornado\u201d<\/strong> <strong>S\u00e1nchez<\/strong>, pudimos observar como la medallista ol\u00edmpica en Atenas 2004 pisaba de nuevo tierras sonorenses ya que lleva a\u00f1os residiendo en el DF.<\/p>\n<p>El calor estaba a todo lo que daba y la <strong>Guevara<\/strong> realmente la estaba pasando mal al no estar ya acostumbrada a tal clima. Posterior al evento de clausura de unos campamentos de la Fundaci\u00f3n Mi Ciudad se realizo una conferencia de prensa, eso s\u00ed, en un sal\u00f3n refrigerado ya que las condiciones ped\u00edan a gritos un sitio fresco y acorde para poder llevar a cabo la serie de preguntas y respuesta.<\/p>\n<p>Ah\u00ed claramente la m\u00e1s solicitada fue <strong>Ana<\/strong> <strong>Guevara, <\/strong>quien se fue duro y directo ante las autoridades del atletismo en Sonora porque simple y sencillamente no continuaron con el paso que ya hab\u00edan labrado tanto ella como <strong>Juan<\/strong> <strong>Pedro<\/strong> <strong>Toledo<\/strong>. Inclusive manifest\u00f3 que para muestra, Sonora no enviar\u00e1 a ning\u00fan representante al Campeonato Mundial de Atletismo en Corea del Sur y donde M\u00e9xico tambi\u00e9n participar\u00e1, situaci\u00f3n que viene a ser la segunda de manera consecutiva donde pasa eso.<\/p>\n<p>Sin lugar a dudas la <strong>Ana<\/strong> <strong>Guevara<\/strong> no se anduvo con contemplaciones y mostr\u00f3 la realidad que no solo se vive en ese deporte sino en otros tambi\u00e9n, aspecto que no solo compete a nuestra entidad sino a nivel nacional donde a\u00fan se continua en esa etapa donde no salen nueva figuras que puedan participar en campeonatos mundiales e inclusive en Olimpiadas. La cuesti\u00f3n no es de talentos, porque si algo nos caracteriza es que si los hay, pero ante la falta de programas eficientes las condiciones para generar m\u00e1s casos como el de <strong>Ana<\/strong> <strong>Guevara<\/strong>, <strong>Juan<\/strong> <strong>Pedro<\/strong> <strong>Toledo<\/strong>, <strong>Paola<\/strong> <strong>Espinoza<\/strong>, <strong>Oscar<\/strong> <strong>Valdez<\/strong>,\u00a0 solo por mencionar algunos.<\/p>\n<p>Esperemos que esas declaraciones no sean dejadas al vacio, ya que aunque lo dicho por la medallista ol\u00edmpica no es que venga a descubrir el hilo negro de las cosas del deporte en Sonora y M\u00e9xico, si podr\u00eda marcar una pauta para que m\u00e1s personas e inclusive deportistas y ex deportistas levantar\u00e1n la voz para exigir mejores condiciones que generen mejores atletas mexicanos y que los encargados de manejar el deporte y las asociaciones realicen programas con mayores proyecciones y sobre todo que sean exitosos\u2026\u2026\u2026\u2026\u2026\u2026\u2026\u2026\u2026<\/p>\n<p><strong><a class=\"highslide\" onclick=\"return vz.expand(this)\" href=\"https:\/\/i0.wp.com\/www.semioticafactual.com\/wp-content\/uploads\/2011\/07\/hespino-panoram-1024x281-1.jpg\"><img loading=\"lazy\" decoding=\"async\" data-attachment-id=\"1252\" data-permalink=\"https:\/\/www.semioticafactual.com\/?attachment_id=1252\" data-orig-file=\"https:\/\/i0.wp.com\/www.semioticafactual.com\/wp-content\/uploads\/2011\/07\/hespino-panoram-1024x281-1.jpg?fit=1024%2C281&amp;ssl=1\" data-orig-size=\"1024,281\" data-comments-opened=\"1\" data-image-meta=\"{&quot;aperture&quot;:&quot;0&quot;,&quot;credit&quot;:&quot;&quot;,&quot;camera&quot;:&quot;&quot;,&quot;caption&quot;:&quot;&quot;,&quot;created_timestamp&quot;:&quot;0&quot;,&quot;copyright&quot;:&quot;&quot;,&quot;focal_length&quot;:&quot;0&quot;,&quot;iso&quot;:&quot;0&quot;,&quot;shutter_speed&quot;:&quot;0&quot;,&quot;title&quot;:&quot;&quot;}\" data-image-title=\"hespino-panoram-1024&#215;281 (1)\" data-image-description=\"\" data-image-caption=\"\" data-medium-file=\"https:\/\/i0.wp.com\/www.semioticafactual.com\/wp-content\/uploads\/2011\/07\/hespino-panoram-1024x281-1.jpg?fit=300%2C82&amp;ssl=1\" data-large-file=\"https:\/\/i0.wp.com\/www.semioticafactual.com\/wp-content\/uploads\/2011\/07\/hespino-panoram-1024x281-1.jpg?fit=800%2C220&amp;ssl=1\" tabindex=\"0\" role=\"button\" class=\"alignright size-medium wp-image-1252\" title=\"hespino-panoram-1024x281 (1)\" src=\"https:\/\/i0.wp.com\/www.semioticafactual.com\/wp-content\/uploads\/2011\/07\/hespino-panoram-1024x281-1-300x82.jpg?resize=300%2C82\" alt=\"\" width=\"300\" height=\"82\" srcset=\"https:\/\/i0.wp.com\/www.semioticafactual.com\/wp-content\/uploads\/2011\/07\/hespino-panoram-1024x281-1.jpg?resize=300%2C82&amp;ssl=1 300w, https:\/\/i0.wp.com\/www.semioticafactual.com\/wp-content\/uploads\/2011\/07\/hespino-panoram-1024x281-1.jpg?w=1024&amp;ssl=1 1024w\" sizes=\"(max-width: 300px) 100vw, 300px\" data-recalc-dims=\"1\" \/><\/a>Hace unos d\u00edas apenas les comentaba de la situaci\u00f3n que podr\u00eda darse sobre el complejo deportivo <\/strong>donde est\u00e1 ubicado el estadio H\u00e9ctor Espino y el resto de sus \u00e1reas utilizadas para la pr\u00e1ctica de varias disciplinas.<\/p>\n<p>Y es que resulta que en la edici\u00f3n de ayer del peri\u00f3dico Expreso dieron a conocer una noticia negativa por as\u00ed decirlo ya que algunas \u00e1reas como la alberca y algunos otros puntos estaban llenos de basura o est\u00e1n todos grafiteados, lo cual ha generado bastante molestia entre todas aquellas personas que acuden a ese lugar a hacer ejercicio.<\/p>\n<p>En ese mismo sentido las autoridades de la Comisi\u00f3n del Deporte en voz de <strong>Jorge<\/strong> <strong>Mart\u00ednez<\/strong> <strong>Aboyte<\/strong> quien es el director de desarrollo de esa dependencia coment\u00f3 que el problema se deb\u00eda a la falta de vigilancia y de personal dedicado a ello.<\/p>\n<p>Pero aqu\u00ed debemos tomar en cuenta dos cosas: tanto la Codeson deber\u00eda de tener m\u00e1s personas dedicadas a darle mantenimiento a sus instalaciones y tambi\u00e9n la gente debe de colaborar en mantener esos espacios limpios y presentables. Es verdad que no todo debemos de dej\u00e1rselo a las autoridades pero siempre es recomendable el contar con el soporte de los responsables de ello para poder ofrecerle un mejor producto y servicio a los ciudadano que utilizan regularmente las instalaciones del inmueble que se ubica en la colonia el Choyal.<\/p>\n<p>Vamos a ver qu\u00e9 sucede en los pr\u00f3ximos d\u00edas y observar si la situaci\u00f3n cambia porque si algo queremos las personas son espacios dignos al menos para poder realizar alguna pr\u00e1ctica deportiva pero tambi\u00e9n mandar el mensaje de no ser tan cochinos y colaborar con el buen uso de las mismas\u2026\u2026\u2026\u2026\u2026\u2026\u2026\u2026\u2026.<\/p>\n<p>&nbsp;<\/p>\n<p><strong>Hace unos 9 o 10 a\u00f1os apenas me iniciaba en esto del periodismo <\/strong>y recuerdo haber ido a Empalme a realizar varias entrevistas para el medio donde trabajaba. Me acuerdo haber ido en el mes de diciembre y entreviste tanto a <strong>Tommy<\/strong> <strong>Espinoza<\/strong> reconocido bat boy mexicano y a <strong>Lauro<\/strong> <strong>Espinoza<\/strong> <strong>Urias<\/strong> mejor conocido como el \u201cCangrejo mexicano\u201d (ya que corre hacia atr\u00e1s).<\/p>\n<p>Ya ten\u00eda a\u00f1os sin saber nada de \u00e9l pero me entere que para el pr\u00f3ximo mes de diciembre realizar\u00e1 un nuevo reto y que consistir\u00e1 en bajar corriendo hacia atr\u00e1s m\u00e1s de 3mil escalones que se encuentran dentro de una torre en la ciudad de <strong>Dubai<\/strong>, en los <strong>Emiratos<\/strong> <strong>\u00c1rabes<\/strong>.<\/p>\n<p>Seg\u00fan comenta, ser\u00e1 una acci\u00f3n muy complicada pero de acuerdo a su preparaci\u00f3n estamos seguros que podr\u00e1 hacerlo muy bien, ya que como recordaremos su fama ha llegado a varios pa\u00edses en mundo por haber bajado corriendo hacia atr\u00e1s varios de los edificios m\u00e1s grandes y sitios como las pir\u00e1mides de Teotihuac\u00e1n, la torre latinoamericana en el DF, solo por mencionar algunas. Inclusive me acuerdo haberlo visto en el programa de Don Francisco.<\/p>\n<p>Pero lo que si me causa indignaci\u00f3n y digo: c\u00f3mo es posible que para tonter\u00edas (por no decir m\u00e1s feo) autoridades de todo tipo, no digo solo las dedicadas al deporte en relaci\u00f3n al caso de <strong>Lauro<\/strong> <strong>Espinoza<\/strong>, tengan y gasten dinero a manos llenas y para apoyar a personas como \u00e9l que adem\u00e1s de ser \u00fanico en su disciplina y que pone en alto el nombre de Empalme, de Sonora y de M\u00e9xico casi nadie salga a decirle: oye, yo te apoyo: que es lo que necesitas.<\/p>\n<p>Y luego se quejan que el talento mexicano se vaya a otros pa\u00edses.<\/p>\n<p>Pero bueno, ese es otro tema, aqu\u00ed lo importante es que m\u00e1s personas, empresarios, pol\u00edticos y gobierno en si se sumen y puedan echarle una mano a ese deportista que por m\u00e1s de 25 a\u00f1os ha puesto el ejemplo de practicar una disciplinas bastante complicada pero que para \u00e9l no es nada del otro mundo.<\/p>\n<p>Aqu\u00ed el meollo del asunto supuestamente es que no se le\u00a0 puede apoyar porque su disciplina no es un deporte ol\u00edmpico. Pero haber, aqu\u00ed no se trata de obtener medallas en una olimpiada nacional o mundial, sino de apoyar la pr\u00e1ctica deportiva, incitar a que m\u00e1s ni\u00f1os y ni\u00f1as realicen alguna actividad, que vean como ejemplo el que una persona puede correr y bajar escalones hacia atr\u00e1s (no quiere decir que todos los hagan porque podr\u00eda ser peligroso) y que una actividad rara por as\u00ed decirlo es representada dignamente por un mexicano.<\/p>\n<p>Estamos seguros que el cangrejo mexicano no pretende hacerse millonario en base a los apoyos que podr\u00eda recibir, pero si ser\u00eda bueno el ayudarlo para que sus logros y retos sean cada vez mayores y sobre todo envi\u00e9 el mensaje que un mexicano es el mejor en esa rara especialidad.<\/p>\n<p>Vamos a ver que resulta para este atleta emp\u00e1lmense y ojala de aqu\u00ed a diciembre no sea solo un senador del estado de Guerrero y amigo de \u00e9l desde la primaria y secundaria el \u00fanico que se le una para los patrocinios\u2026\u2026\u2026\u2026..<\/p>\n<p>&nbsp;<\/p>\n<p><strong>Cambiando de tema y como ya es fin de semana, <\/strong>decirles que est\u00e9n muy al pendientes de la pelea de este s\u00e1bado all\u00e1 en Ciudad Obreg\u00f3n donde el campe\u00f3n mundial pluma de la OMB <strong>Orlando<\/strong> \u201c<strong>Siri<\/strong>\u201d <strong>Salido<\/strong> expondr\u00e1 por primera vez su corona ante el japon\u00e9s <strong>Kenichi<\/strong> <strong>Yamaguchi<\/strong>. Si no pueden ir al CUM de Obreg\u00f3n pues podr\u00e1n ver la funci\u00f3n por TV Azteca.<\/p>\n<p>En m\u00e1s de pugilistas sonorenses, los que tambi\u00e9n miran a mejores horizontes son <strong>Hern\u00e1n<\/strong> <strong>Tyson<\/strong> <strong>Marquez<\/strong> y <strong>David<\/strong> <strong>Tornado<\/strong> <strong>S\u00e1nchez. <\/strong>El primero coment\u00f3 ayer en una conferencia junto al <strong>Tornado<\/strong> y <strong>Ana<\/strong> <strong>Guevara<\/strong> que hay muchas posibilidades para que vaya a Jap\u00f3n a exponer su titulo mundial mosca de la AMB quiz\u00e1s a finales de agosto. Sabemos del aguante de los boxeadores asi\u00e1ticos, pero ante la buena racha del Tyson no creemos que haya sorpresas.<\/p>\n<p>En cambio el nacido en la Costa de Hermosillo <strong>David<\/strong> <strong>S\u00e1nchez<\/strong>, dijo que busca elevar m\u00e1s su calidad en el boxeo y que mejor que mediante una pelea de campeonato mundial, aunque en la categor\u00eda supermosca. Las expectativas puestas en el Tornado son muy grandes y las cualidades mostradas por \u00e9l han sido satisfactorias por eso no dudamos que muy pronto Sonora pueda contar con un nuevo campe\u00f3n mundial\u2026\u2026\u2026\u2026\u2026\u2026\u2026\u2026\u2026\u2026\u2026\u2026\u2026\u2026\u2026\u2026\u2026..<\/p>\n<p>&nbsp;<\/p>\n<p><strong>Y finalmente este fin de semana tambi\u00e9n a<\/strong>rrancar\u00e1 oficialmente el nuevo torneo del f\u00fatbol mexicano y donde algunos equipos salen como favoritos para alzarse con el titulo que actualmente es de los Pumas. En lo personal ya saben: voy 100% al <strong>Am\u00e9rica<\/strong>, quien con sus contrataciones como la estelar de <strong>Cristian<\/strong> <strong>Ben\u00edtez<\/strong>, adem\u00e1s del hermosillense <strong>Jes\u00fas<\/strong> <strong>Molina<\/strong> y <strong>Paul<\/strong> <strong>Aguilar<\/strong> deber\u00e1n ser como siempre, dignos aspirantes al t\u00edtulo y m\u00e1s que nada por los millones de americanistas que somos en el pa\u00eds y los cuales queremos ver levantar de nuevo la copa.<\/p>\n<p>Cada quien haga sus apuestas para sus equipos preferidos y ya veremos que sucede de aqu\u00ed a diciembre cuando sepamos quien ser\u00e1 el nuevo campe\u00f3n del f\u00fatbol en M\u00e9xico.<\/p>\n","protected":false},"excerpt":{"rendered":"<p>Por Rafael Renter\u00eda renteria_rafael@hotmail.com &nbsp; Desde su llegada a la primaria de la colonia el Fovissste Sor Juana In\u00e9s de la Cruz, acompa\u00f1ada por el secretario de Hacienda Alejandro L\u00f3pez Caballero, el campe\u00f3n mundial mosca de box Hern\u00e1n Tyson Marquez y de David \u201cTornado\u201d S\u00e1nchez, pudimos observar como la medallista ol\u00edmpica en Atenas 2004 pisaba [&hellip;]<\/p>\n","protected":false},"author":1,"featured_media":0,"comment_status":"open","ping_status":"open","sticky":false,"template":"","format":"standard","meta":{"jetpack_post_was_ever_published":false,"_jetpack_newsletter_access":"","_jetpack_dont_email_post_to_subs":false,"_jetpack_newsletter_tier_id":0,"_jetpack_memberships_contains_paywalled_content":false,"_jetpack_memberships_contains_paid_content":false,"footnotes":"","jetpack_publicize_message":"","jetpack_publicize_feature_enabled":true,"jetpack_social_post_already_shared":false,"jetpack_social_options":{"image_generator_settings":{"template":"highway","enabled":false},"version":2}},"categories":[21,6,1],"tags":[],"jetpack_publicize_connections":[],"jetpack_featured_media_url":"","jetpack_shortlink":"https:\/\/wp.me\/p2mzaA-k8","jetpack_sharing_enabled":true,"jetpack_likes_enabled":true,"_links":{"self":[{"href":"https:\/\/www.semioticafactual.com\/index.php?rest_route=\/wp\/v2\/posts\/1248"}],"collection":[{"href":"https:\/\/www.semioticafactual.com\/index.php?rest_route=\/wp\/v2\/posts"}],"about":[{"href":"https:\/\/www.semioticafactual.com\/index.php?rest_route=\/wp\/v2\/types\/post"}],"author":[{"embeddable":true,"href":"https:\/\/www.semioticafactual.com\/index.php?rest_route=\/wp\/v2\/users\/1"}],"replies":[{"embeddable":true,"href":"https:\/\/www.semioticafactual.com\/index.php?rest_route=%2Fwp%2Fv2%2Fcomments&post=1248"}],"version-history":[{"count":4,"href":"https:\/\/www.semioticafactual.com\/index.php?rest_route=\/wp\/v2\/posts\/1248\/revisions"}],"predecessor-version":[{"id":1251,"href":"https:\/\/www.semioticafactual.com\/index.php?rest_route=\/wp\/v2\/posts\/1248\/revisions\/1251"}],"wp:attachment":[{"href":"https:\/\/www.semioticafactual.com\/index.php?rest_route=%2Fwp%2Fv2%2Fmedia&parent=1248"}],"wp:term":[{"taxonomy":"category","embeddable":true,"href":"https:\/\/www.semioticafactual.com\/index.php?rest_route=%2Fwp%2Fv2%2Fcategories&post=1248"},{"taxonomy":"post_tag","embeddable":true,"href":"https:\/\/www.semioticafactual.com\/index.php?rest_route=%2Fwp%2Fv2%2Ftags&post=1248"}],"curies":[{"name":"wp","href":"https:\/\/api.w.org\/{rel}","templated":true}]}}