{"id":1245,"date":"2011-07-23T20:18:57","date_gmt":"2011-07-23T20:18:57","guid":{"rendered":"http:\/\/www.semioticafactual.com\/?p=1245"},"modified":"2011-07-23T20:18:57","modified_gmt":"2011-07-23T20:18:57","slug":"diputados-roberto-ruibal-y-vicente-solis-entregan-estimulos-economicos-a-los-papas-del-stirt","status":"publish","type":"post","link":"https:\/\/www.semioticafactual.com\/?p=1245","title":{"rendered":"Diputados Roberto Ruibal y Vicente Sol\u00eds entregan est\u00edmulos econ\u00f3micos  a los pap\u00e1s del STIRT"},"content":{"rendered":"<div id=\"attachment_1246\" style=\"width: 310px\" class=\"wp-caption alignright\"><a class=\"highslide\" onclick=\"return vz.expand(this)\" href=\"https:\/\/i0.wp.com\/www.semioticafactual.com\/wp-content\/uploads\/2011\/07\/stirt-diputados2-1.jpg\"><img loading=\"lazy\" decoding=\"async\" aria-describedby=\"caption-attachment-1246\" data-attachment-id=\"1246\" data-permalink=\"https:\/\/www.semioticafactual.com\/?attachment_id=1246\" data-orig-file=\"https:\/\/i0.wp.com\/www.semioticafactual.com\/wp-content\/uploads\/2011\/07\/stirt-diputados2-1.jpg?fit=800%2C576&amp;ssl=1\" data-orig-size=\"800,576\" data-comments-opened=\"1\" data-image-meta=\"{&quot;aperture&quot;:&quot;0&quot;,&quot;credit&quot;:&quot;&quot;,&quot;camera&quot;:&quot;&quot;,&quot;caption&quot;:&quot;&quot;,&quot;created_timestamp&quot;:&quot;0&quot;,&quot;copyright&quot;:&quot;&quot;,&quot;focal_length&quot;:&quot;0&quot;,&quot;iso&quot;:&quot;0&quot;,&quot;shutter_speed&quot;:&quot;0&quot;,&quot;title&quot;:&quot;&quot;}\" data-image-title=\"stirt-diputados2 (1)\" data-image-description=\"\" data-image-caption=\"&lt;p&gt;\u00abStirt Hermosillo Celebra el d\u00eda del padre\u00bb&lt;\/p&gt;\n\" data-medium-file=\"https:\/\/i0.wp.com\/www.semioticafactual.com\/wp-content\/uploads\/2011\/07\/stirt-diputados2-1.jpg?fit=300%2C216&amp;ssl=1\" data-large-file=\"https:\/\/i0.wp.com\/www.semioticafactual.com\/wp-content\/uploads\/2011\/07\/stirt-diputados2-1.jpg?fit=800%2C576&amp;ssl=1\" tabindex=\"0\" role=\"button\" class=\"size-medium wp-image-1246\" title=\"stirt-diputados2 (1)\" src=\"https:\/\/i0.wp.com\/www.semioticafactual.com\/wp-content\/uploads\/2011\/07\/stirt-diputados2-1-300x216.jpg?resize=300%2C216\" alt=\"\" width=\"300\" height=\"216\" srcset=\"https:\/\/i0.wp.com\/www.semioticafactual.com\/wp-content\/uploads\/2011\/07\/stirt-diputados2-1.jpg?resize=300%2C216&amp;ssl=1 300w, https:\/\/i0.wp.com\/www.semioticafactual.com\/wp-content\/uploads\/2011\/07\/stirt-diputados2-1.jpg?w=800&amp;ssl=1 800w\" sizes=\"(max-width: 300px) 100vw, 300px\" data-recalc-dims=\"1\" \/><\/a><p id=\"caption-attachment-1246\" class=\"wp-caption-text\">&quot;Stirt Hermosillo Celebra el d\u00eda del padre&quot;<\/p><\/div>\n<p><strong>El Secretario General del STIRT Secci\u00f3n Hermosillo, Jos\u00e9 Cruz Victor\u00edn celebr\u00f3 a los pap\u00e1s del gremio, donde los legisladores rifaron vales de dinero<\/strong><\/p>\n<p><strong>HERMOSILLO, SON., A 22 DE JULIO DEL 2011<\/strong>.- El pasado viernes 15 de julio los pap\u00e1s trabajadores agremiados al STIRT celebraron su d\u00eda con amena convivencia en el sal\u00f3n de eventos del sindicato.<\/p>\n<p>Quienes se unieron al festejo fueron los diputados Roberto Ruibal Astiazar\u00e1n y Vicente Sol\u00eds Granados, quienes obsequiaron 50 mil pesos en vales de mil, mismos que se rifaron entre los asistentes.<\/p>\n<p>Este viernes 22 de julio en las instalaciones del STIRT, los legisladores locales, entregaron personalmente los recursos en efectivo; ambos coincidieron en que es un incentivo para los pap\u00e1s y reiteraron su apoyo al STIRT y sus agremiados.<\/p>\n<p>Jos\u00e9 Cruz Victor\u00edn Figueroa, l\u00edder del STIRT secci\u00f3n Hermosillo agradeci\u00f3 la presencia de los legisladores y su apoyo incondicional, adem\u00e1s de reconocer a los compa\u00f1eros que asistieron a la entrega y conminarlos a seguir\u00a0 capacit\u00e1ndose y ser mejores trabajadores.<\/p>\n<p>&nbsp;<\/p>\n","protected":false},"excerpt":{"rendered":"<p>El Secretario General del STIRT Secci\u00f3n Hermosillo, Jos\u00e9 Cruz Victor\u00edn celebr\u00f3 a los pap\u00e1s del gremio, donde los legisladores rifaron vales de dinero HERMOSILLO, SON., A 22 DE JULIO DEL 2011.- El pasado viernes 15 de julio los pap\u00e1s trabajadores agremiados al STIRT celebraron su d\u00eda con amena convivencia en el sal\u00f3n de eventos del [&hellip;]<\/p>\n","protected":false},"author":1,"featured_media":0,"comment_status":"open","ping_status":"open","sticky":false,"template":"","format":"standard","meta":{"jetpack_post_was_ever_published":false,"_jetpack_newsletter_access":"","_jetpack_dont_email_post_to_subs":false,"_jetpack_newsletter_tier_id":0,"_jetpack_memberships_contains_paywalled_content":false,"_jetpack_memberships_contains_paid_content":false,"footnotes":"","jetpack_publicize_message":"","jetpack_publicize_feature_enabled":true,"jetpack_social_post_already_shared":false,"jetpack_social_options":{"image_generator_settings":{"template":"highway","enabled":false},"version":2}},"categories":[18],"tags":[],"jetpack_publicize_connections":[],"jetpack_featured_media_url":"","jetpack_shortlink":"https:\/\/wp.me\/p2mzaA-k5","jetpack_sharing_enabled":true,"jetpack_likes_enabled":true,"_links":{"self":[{"href":"https:\/\/www.semioticafactual.com\/index.php?rest_route=\/wp\/v2\/posts\/1245"}],"collection":[{"href":"https:\/\/www.semioticafactual.com\/index.php?rest_route=\/wp\/v2\/posts"}],"about":[{"href":"https:\/\/www.semioticafactual.com\/index.php?rest_route=\/wp\/v2\/types\/post"}],"author":[{"embeddable":true,"href":"https:\/\/www.semioticafactual.com\/index.php?rest_route=\/wp\/v2\/users\/1"}],"replies":[{"embeddable":true,"href":"https:\/\/www.semioticafactual.com\/index.php?rest_route=%2Fwp%2Fv2%2Fcomments&post=1245"}],"version-history":[{"count":1,"href":"https:\/\/www.semioticafactual.com\/index.php?rest_route=\/wp\/v2\/posts\/1245\/revisions"}],"predecessor-version":[{"id":1247,"href":"https:\/\/www.semioticafactual.com\/index.php?rest_route=\/wp\/v2\/posts\/1245\/revisions\/1247"}],"wp:attachment":[{"href":"https:\/\/www.semioticafactual.com\/index.php?rest_route=%2Fwp%2Fv2%2Fmedia&parent=1245"}],"wp:term":[{"taxonomy":"category","embeddable":true,"href":"https:\/\/www.semioticafactual.com\/index.php?rest_route=%2Fwp%2Fv2%2Fcategories&post=1245"},{"taxonomy":"post_tag","embeddable":true,"href":"https:\/\/www.semioticafactual.com\/index.php?rest_route=%2Fwp%2Fv2%2Ftags&post=1245"}],"curies":[{"name":"wp","href":"https:\/\/api.w.org\/{rel}","templated":true}]}}