{"id":1232,"date":"2011-07-23T01:49:18","date_gmt":"2011-07-23T01:49:18","guid":{"rendered":"http:\/\/www.semioticafactual.com\/?p=1232"},"modified":"2011-07-23T01:59:53","modified_gmt":"2011-07-23T01:59:53","slug":"necesaria-investigacion-a-fondo-para-esclarecer-hechos-dip-david-galvan","status":"publish","type":"post","link":"https:\/\/www.semioticafactual.com\/?p=1232","title":{"rendered":"Necesaria investigaci\u00f3n a fondo para esclarecer hechos: Dip. David Galv\u00e1n"},"content":{"rendered":"<p><a class=\"highslide\" onclick=\"return vz.expand(this)\" href=\"https:\/\/i0.wp.com\/www.semioticafactual.com\/wp-content\/uploads\/2011\/07\/DSC_02072.jpg\"><img loading=\"lazy\" decoding=\"async\" data-attachment-id=\"1243\" data-permalink=\"https:\/\/www.semioticafactual.com\/?attachment_id=1243\" data-orig-file=\"https:\/\/i0.wp.com\/www.semioticafactual.com\/wp-content\/uploads\/2011\/07\/DSC_02072.jpg?fit=1568%2C1042&amp;ssl=1\" data-orig-size=\"1568,1042\" data-comments-opened=\"1\" data-image-meta=\"{&quot;aperture&quot;:&quot;0&quot;,&quot;credit&quot;:&quot;&quot;,&quot;camera&quot;:&quot;&quot;,&quot;caption&quot;:&quot;&quot;,&quot;created_timestamp&quot;:&quot;0&quot;,&quot;copyright&quot;:&quot;&quot;,&quot;focal_length&quot;:&quot;0&quot;,&quot;iso&quot;:&quot;0&quot;,&quot;shutter_speed&quot;:&quot;0&quot;,&quot;title&quot;:&quot;&quot;}\" data-image-title=\"DSC_0207\" data-image-description=\"\" data-image-caption=\"\" data-medium-file=\"https:\/\/i0.wp.com\/www.semioticafactual.com\/wp-content\/uploads\/2011\/07\/DSC_02072.jpg?fit=300%2C199&amp;ssl=1\" data-large-file=\"https:\/\/i0.wp.com\/www.semioticafactual.com\/wp-content\/uploads\/2011\/07\/DSC_02072.jpg?fit=800%2C531&amp;ssl=1\" tabindex=\"0\" role=\"button\" class=\"alignright size-medium wp-image-1243\" title=\"DSC_0207\" src=\"https:\/\/i0.wp.com\/www.semioticafactual.com\/wp-content\/uploads\/2011\/07\/DSC_02072-300x199.jpg?resize=300%2C199\" alt=\"\" width=\"300\" height=\"199\" srcset=\"https:\/\/i0.wp.com\/www.semioticafactual.com\/wp-content\/uploads\/2011\/07\/DSC_02072.jpg?resize=300%2C199&amp;ssl=1 300w, https:\/\/i0.wp.com\/www.semioticafactual.com\/wp-content\/uploads\/2011\/07\/DSC_02072.jpg?resize=1024%2C680&amp;ssl=1 1024w, https:\/\/i0.wp.com\/www.semioticafactual.com\/wp-content\/uploads\/2011\/07\/DSC_02072.jpg?w=1568&amp;ssl=1 1568w\" sizes=\"(max-width: 300px) 100vw, 300px\" data-recalc-dims=\"1\" \/><\/a><a href=\"http:\/\/www.semioticafactual.com\/wp-content\/uploads\/2011\/07\/Galv\u00e1n+so..1.mp3\">Galv\u00e1n+so..<\/a>Julio 22, 2011. Hermosillo, Sonora.-<\/p>\n<p>Es necesaria una investigaci\u00f3n a fondo por parte de las autoridades correspondientes para que se esclarezca\u00a0el atentado en contra de Ernesto Cornejo Valenzuela, manifest\u00f3 el Diputado presidente de la Comisi\u00f3n de Seguridad P\u00fablica del Congreso del Estado, David Galv\u00e1n C\u00e1zares.<\/p>\n<p>Los hechos ocurridos la noche del 21 de julio del 2011 en Villa Ju\u00e1rez, dijo, ser\u00e1n atendidos por la Procuradur\u00eda General de Justicia del Estado, instituci\u00f3n de la que se espera resultados pronto.<\/p>\n<p>\u201cEspero que con toda la fuerza de la Procuradur\u00eda investigue,\u00a0\u00a0llegue a fondo y se liberen \u00f3rdenes de aprehensi\u00f3n, no podemos dejar que ni Cornejo ni ning\u00fan ciudadanos sonorense que sufra este tipo de crimen, quede impune, espero y con toda seguridad la Procuradur\u00eda pueda responder y la investigaci\u00f3n arroje, y r\u00e1pido, culpables\u201d, destac\u00f3.<\/p>\n<p>Adem\u00e1s, dijo, los resultados son tambi\u00e9n para los ciudadanos, para que se tenga certeza de que los delincuentes han sido aprehendidos y se esclarezcan los motivos de los hechos.<\/p>\n<p>Record\u00f3 que a pesar de que en el a\u00f1o 2009 sufri\u00f3 una agresi\u00f3n, en fechas recientes Cornejo Valenzuela no mostraba preocupaci\u00f3n alguna, ya que no ten\u00eda un cuerpo de seguridad ni escolta a su disposici\u00f3n.<\/p>\n<p>Ernesto Cornejo fue un gestor muy importante entre los ciudadanos y el Gobierno, actividad que realiz\u00f3\u00a0\u00a0por mucho tiempo, mencion\u00f3.<\/p>\n<p>Este tipo de acontecimientos, dijo,\u00a0\u00a0llama a las autoridades a continuar con el trabajo para garantizar la seguridad de los ciudadanos, no es para echar culpas ni para que se politice el tema.<\/p>\n","protected":false},"excerpt":{"rendered":"<p>Galv\u00e1n+so..Julio 22, 2011. Hermosillo, Sonora.- Es necesaria una investigaci\u00f3n a fondo por parte de las autoridades correspondientes para que se esclarezca\u00a0el atentado en contra de Ernesto Cornejo Valenzuela, manifest\u00f3 el Diputado presidente de la Comisi\u00f3n de Seguridad P\u00fablica del Congreso del Estado, David Galv\u00e1n C\u00e1zares. Los hechos ocurridos la noche del 21 de julio del [&hellip;]<\/p>\n","protected":false},"author":1,"featured_media":0,"comment_status":"open","ping_status":"open","sticky":false,"template":"","format":"standard","meta":{"jetpack_post_was_ever_published":false,"_jetpack_newsletter_access":"","_jetpack_dont_email_post_to_subs":false,"_jetpack_newsletter_tier_id":0,"_jetpack_memberships_contains_paywalled_content":false,"_jetpack_memberships_contains_paid_content":false,"footnotes":"","jetpack_publicize_message":"","jetpack_publicize_feature_enabled":true,"jetpack_social_post_already_shared":false,"jetpack_social_options":{"image_generator_settings":{"template":"highway","enabled":false},"version":2}},"categories":[1,9],"tags":[],"jetpack_publicize_connections":[],"jetpack_featured_media_url":"","jetpack_shortlink":"https:\/\/wp.me\/p2mzaA-jS","jetpack_sharing_enabled":true,"jetpack_likes_enabled":true,"_links":{"self":[{"href":"https:\/\/www.semioticafactual.com\/index.php?rest_route=\/wp\/v2\/posts\/1232"}],"collection":[{"href":"https:\/\/www.semioticafactual.com\/index.php?rest_route=\/wp\/v2\/posts"}],"about":[{"href":"https:\/\/www.semioticafactual.com\/index.php?rest_route=\/wp\/v2\/types\/post"}],"author":[{"embeddable":true,"href":"https:\/\/www.semioticafactual.com\/index.php?rest_route=\/wp\/v2\/users\/1"}],"replies":[{"embeddable":true,"href":"https:\/\/www.semioticafactual.com\/index.php?rest_route=%2Fwp%2Fv2%2Fcomments&post=1232"}],"version-history":[{"count":5,"href":"https:\/\/www.semioticafactual.com\/index.php?rest_route=\/wp\/v2\/posts\/1232\/revisions"}],"predecessor-version":[{"id":1239,"href":"https:\/\/www.semioticafactual.com\/index.php?rest_route=\/wp\/v2\/posts\/1232\/revisions\/1239"}],"wp:attachment":[{"href":"https:\/\/www.semioticafactual.com\/index.php?rest_route=%2Fwp%2Fv2%2Fmedia&parent=1232"}],"wp:term":[{"taxonomy":"category","embeddable":true,"href":"https:\/\/www.semioticafactual.com\/index.php?rest_route=%2Fwp%2Fv2%2Fcategories&post=1232"},{"taxonomy":"post_tag","embeddable":true,"href":"https:\/\/www.semioticafactual.com\/index.php?rest_route=%2Fwp%2Fv2%2Ftags&post=1232"}],"curies":[{"name":"wp","href":"https:\/\/api.w.org\/{rel}","templated":true}]}}