{"id":1228,"date":"2011-07-23T01:37:03","date_gmt":"2011-07-23T01:37:03","guid":{"rendered":"http:\/\/www.semioticafactual.com\/?p=1228"},"modified":"2011-07-23T01:37:03","modified_gmt":"2011-07-23T01:37:03","slug":"asesinan-a-ernesto-cornejo-valenzuela-coordinador-del-pan-en-el-sur-de-sonora","status":"publish","type":"post","link":"https:\/\/www.semioticafactual.com\/?p=1228","title":{"rendered":"Asesinan a Ernesto Cornejo Valenzuela coordinador del PAN en el Sur de Sonora"},"content":{"rendered":"<p>Redacci\u00f3n<\/p>\n<p><a class=\"highslide\" onclick=\"return vz.expand(this)\" href=\"https:\/\/i0.wp.com\/www.semioticafactual.com\/wp-content\/uploads\/2011\/07\/Cornejo-Ernesto1.jpg\"><img loading=\"lazy\" decoding=\"async\" data-attachment-id=\"1230\" data-permalink=\"https:\/\/www.semioticafactual.com\/?attachment_id=1230\" data-orig-file=\"https:\/\/i0.wp.com\/www.semioticafactual.com\/wp-content\/uploads\/2011\/07\/Cornejo-Ernesto1.jpg?fit=285%2C400&amp;ssl=1\" data-orig-size=\"285,400\" data-comments-opened=\"1\" data-image-meta=\"{&quot;aperture&quot;:&quot;0&quot;,&quot;credit&quot;:&quot;&quot;,&quot;camera&quot;:&quot;&quot;,&quot;caption&quot;:&quot;&quot;,&quot;created_timestamp&quot;:&quot;0&quot;,&quot;copyright&quot;:&quot;&quot;,&quot;focal_length&quot;:&quot;0&quot;,&quot;iso&quot;:&quot;0&quot;,&quot;shutter_speed&quot;:&quot;0&quot;,&quot;title&quot;:&quot;&quot;}\" data-image-title=\"Cornejo Ernesto\" data-image-description=\"\" data-image-caption=\"\" data-medium-file=\"https:\/\/i0.wp.com\/www.semioticafactual.com\/wp-content\/uploads\/2011\/07\/Cornejo-Ernesto1.jpg?fit=213%2C300&amp;ssl=1\" data-large-file=\"https:\/\/i0.wp.com\/www.semioticafactual.com\/wp-content\/uploads\/2011\/07\/Cornejo-Ernesto1.jpg?fit=285%2C400&amp;ssl=1\" tabindex=\"0\" role=\"button\" class=\"alignright size-medium wp-image-1230\" title=\"Cornejo Ernesto\" src=\"https:\/\/i0.wp.com\/www.semioticafactual.com\/wp-content\/uploads\/2011\/07\/Cornejo-Ernesto1-213x300.jpg?resize=213%2C300\" alt=\"\" width=\"213\" height=\"300\" srcset=\"https:\/\/i0.wp.com\/www.semioticafactual.com\/wp-content\/uploads\/2011\/07\/Cornejo-Ernesto1.jpg?resize=213%2C300&amp;ssl=1 213w, https:\/\/i0.wp.com\/www.semioticafactual.com\/wp-content\/uploads\/2011\/07\/Cornejo-Ernesto1.jpg?w=285&amp;ssl=1 285w\" sizes=\"(max-width: 213px) 100vw, 213px\" data-recalc-dims=\"1\" \/><\/a>Ernesto Cornejo Valenzuela, coordinador del PAN en el Sur, fue asesinado anoche alrededor de las 20:30 quien sufriera un atentado cuando particip\u00f3 activamente en las pasadas elecciones a gobernador en el sur del estado. (el 25 de junio de 2009, en ese entonces fueron asesinados dos personas que viajaban con \u00e9l en su camioneta).<\/p>\n<p>Informaci\u00f3n de la Procuradur\u00edade General de Justicia del Estado (PGJE) inform\u00f3 que por las calles 20 de Noviembre entre Plan de Guadalupe y Constituci\u00f3n en el Municipio de Benito Ju\u00e1rez, Sonora, varios sujetos dispararon en su contra.<\/p>\n<p>&nbsp;<\/p>\n","protected":false},"excerpt":{"rendered":"<p>Redacci\u00f3n Ernesto Cornejo Valenzuela, coordinador del PAN en el Sur, fue asesinado anoche alrededor de las 20:30 quien sufriera un atentado cuando particip\u00f3 activamente en las pasadas elecciones a gobernador en el sur del estado. (el 25 de junio de 2009, en ese entonces fueron asesinados dos personas que viajaban con \u00e9l en su camioneta). [&hellip;]<\/p>\n","protected":false},"author":1,"featured_media":0,"comment_status":"open","ping_status":"open","sticky":false,"template":"","format":"standard","meta":{"jetpack_post_was_ever_published":false,"_jetpack_newsletter_access":"","_jetpack_dont_email_post_to_subs":false,"_jetpack_newsletter_tier_id":0,"_jetpack_memberships_contains_paywalled_content":false,"_jetpack_memberships_contains_paid_content":false,"footnotes":"","jetpack_publicize_message":"","jetpack_publicize_feature_enabled":true,"jetpack_social_post_already_shared":false,"jetpack_social_options":{"image_generator_settings":{"template":"highway","enabled":false},"version":2}},"categories":[1,9],"tags":[],"jetpack_publicize_connections":[],"jetpack_featured_media_url":"","jetpack_shortlink":"https:\/\/wp.me\/p2mzaA-jO","jetpack_sharing_enabled":true,"jetpack_likes_enabled":true,"_links":{"self":[{"href":"https:\/\/www.semioticafactual.com\/index.php?rest_route=\/wp\/v2\/posts\/1228"}],"collection":[{"href":"https:\/\/www.semioticafactual.com\/index.php?rest_route=\/wp\/v2\/posts"}],"about":[{"href":"https:\/\/www.semioticafactual.com\/index.php?rest_route=\/wp\/v2\/types\/post"}],"author":[{"embeddable":true,"href":"https:\/\/www.semioticafactual.com\/index.php?rest_route=\/wp\/v2\/users\/1"}],"replies":[{"embeddable":true,"href":"https:\/\/www.semioticafactual.com\/index.php?rest_route=%2Fwp%2Fv2%2Fcomments&post=1228"}],"version-history":[{"count":1,"href":"https:\/\/www.semioticafactual.com\/index.php?rest_route=\/wp\/v2\/posts\/1228\/revisions"}],"predecessor-version":[{"id":1231,"href":"https:\/\/www.semioticafactual.com\/index.php?rest_route=\/wp\/v2\/posts\/1228\/revisions\/1231"}],"wp:attachment":[{"href":"https:\/\/www.semioticafactual.com\/index.php?rest_route=%2Fwp%2Fv2%2Fmedia&parent=1228"}],"wp:term":[{"taxonomy":"category","embeddable":true,"href":"https:\/\/www.semioticafactual.com\/index.php?rest_route=%2Fwp%2Fv2%2Fcategories&post=1228"},{"taxonomy":"post_tag","embeddable":true,"href":"https:\/\/www.semioticafactual.com\/index.php?rest_route=%2Fwp%2Fv2%2Ftags&post=1228"}],"curies":[{"name":"wp","href":"https:\/\/api.w.org\/{rel}","templated":true}]}}