{"id":1217,"date":"2011-07-22T19:20:16","date_gmt":"2011-07-22T19:20:16","guid":{"rendered":"http:\/\/www.semioticafactual.com\/?p=1217"},"modified":"2011-07-22T19:21:01","modified_gmt":"2011-07-22T19:21:01","slug":"segunda-parte-de-la-entrevista-jesus-alberto-cano-velez-cano-velez","status":"publish","type":"post","link":"https:\/\/www.semioticafactual.com\/?p=1217","title":{"rendered":"SEGUNDA PARTE DE LA ENTREVISTA JES\u00daS ALBERTO CANO V\u00c9LEZ CANO VELEZ"},"content":{"rendered":"<p>Semi\u00f3tica Factual. com<\/p>\n<p>Carlos Armando Briones<\/p>\n<p>El diputado Federal del Pri por el estado de Sonora, Jes\u00fas Alberto Cano V\u00e9lez en la segunda parte de esta entrevista, habla del factor Elba Esther Gordillo en el pr\u00f3ximo proceso electoral del Nuevo Sonora y del tema de seguridad p\u00fablica tanto en el estado como en el pa\u00eds.<\/p>\n<p>Entre los aspectos a destacar mencionados por legislador federal, afirma que el partido Nueva Alianza aunque formado coalici\u00f3n con el Pri, no es garant\u00eda de triunfo en el pr\u00f3ximo proceso electoral para ganar la presidencia de la rep\u00fablica. Con relaci\u00f3n al gobierno de Guillermo Padr\u00e9s en Sonora ve una administraci\u00f3n lejana de la gente con desatinos en materia social y tambi\u00e9n alejada del desarrollo productivo del estado y pobre en materia educativa.<\/p>\n<p>En \u00a0seguridad p\u00fablica se\u00f1ala que en Sonora la gente esta asustada y enojada por los malos resultados y el incremento de los homicidios. Donde en los hechos violentos nunca \u00abse le habla a la gente con la verdad es por eso que en Sonora a nivel nacional se ha convertido en el estado que \u00a0no pasa nada\u201d.<\/p>\n","protected":false},"excerpt":{"rendered":"<p>Semi\u00f3tica Factual. com Carlos Armando Briones El diputado Federal del Pri por el estado de Sonora, Jes\u00fas Alberto Cano V\u00e9lez en la segunda parte de esta entrevista, habla del factor Elba Esther Gordillo en el pr\u00f3ximo proceso electoral del Nuevo Sonora y del tema de seguridad p\u00fablica tanto en el estado como en el pa\u00eds. [&hellip;]<\/p>\n","protected":false},"author":1,"featured_media":0,"comment_status":"open","ping_status":"open","sticky":false,"template":"","format":"standard","meta":{"jetpack_post_was_ever_published":false,"_jetpack_newsletter_access":"","_jetpack_dont_email_post_to_subs":false,"_jetpack_newsletter_tier_id":0,"_jetpack_memberships_contains_paywalled_content":false,"_jetpack_memberships_contains_paid_content":false,"footnotes":"","jetpack_publicize_message":"","jetpack_publicize_feature_enabled":true,"jetpack_social_post_already_shared":false,"jetpack_social_options":{"image_generator_settings":{"template":"highway","enabled":false},"version":2}},"categories":[13,1,9,17],"tags":[],"jetpack_publicize_connections":[],"jetpack_featured_media_url":"","jetpack_shortlink":"https:\/\/wp.me\/p2mzaA-jD","jetpack_sharing_enabled":true,"jetpack_likes_enabled":true,"_links":{"self":[{"href":"https:\/\/www.semioticafactual.com\/index.php?rest_route=\/wp\/v2\/posts\/1217"}],"collection":[{"href":"https:\/\/www.semioticafactual.com\/index.php?rest_route=\/wp\/v2\/posts"}],"about":[{"href":"https:\/\/www.semioticafactual.com\/index.php?rest_route=\/wp\/v2\/types\/post"}],"author":[{"embeddable":true,"href":"https:\/\/www.semioticafactual.com\/index.php?rest_route=\/wp\/v2\/users\/1"}],"replies":[{"embeddable":true,"href":"https:\/\/www.semioticafactual.com\/index.php?rest_route=%2Fwp%2Fv2%2Fcomments&post=1217"}],"version-history":[{"count":4,"href":"https:\/\/www.semioticafactual.com\/index.php?rest_route=\/wp\/v2\/posts\/1217\/revisions"}],"predecessor-version":[{"id":1222,"href":"https:\/\/www.semioticafactual.com\/index.php?rest_route=\/wp\/v2\/posts\/1217\/revisions\/1222"}],"wp:attachment":[{"href":"https:\/\/www.semioticafactual.com\/index.php?rest_route=%2Fwp%2Fv2%2Fmedia&parent=1217"}],"wp:term":[{"taxonomy":"category","embeddable":true,"href":"https:\/\/www.semioticafactual.com\/index.php?rest_route=%2Fwp%2Fv2%2Fcategories&post=1217"},{"taxonomy":"post_tag","embeddable":true,"href":"https:\/\/www.semioticafactual.com\/index.php?rest_route=%2Fwp%2Fv2%2Ftags&post=1217"}],"curies":[{"name":"wp","href":"https:\/\/api.w.org\/{rel}","templated":true}]}}