{"id":1212,"date":"2011-07-22T03:49:53","date_gmt":"2011-07-22T03:49:53","guid":{"rendered":"http:\/\/www.semioticafactual.com\/?p=1212"},"modified":"2011-07-22T03:49:53","modified_gmt":"2011-07-22T03:49:53","slug":"debe-congreso-resolver-en-15-dias-nombramiento-de-consejeros-electorales-roberto-ruibal","status":"publish","type":"post","link":"https:\/\/www.semioticafactual.com\/?p=1212","title":{"rendered":"Debe Congreso resolver en 15 d\u00edas nombramiento de consejeros electorales: Roberto Ruibal"},"content":{"rendered":"<p><strong><a class=\"highslide\" onclick=\"return vz.expand(this)\" href=\"https:\/\/i0.wp.com\/www.semioticafactual.com\/wp-content\/uploads\/2011\/07\/DSC03092.jpg\"><img loading=\"lazy\" decoding=\"async\" data-attachment-id=\"1215\" data-permalink=\"https:\/\/www.semioticafactual.com\/?attachment_id=1215\" data-orig-file=\"https:\/\/i0.wp.com\/www.semioticafactual.com\/wp-content\/uploads\/2011\/07\/DSC03092.jpg?fit=640%2C480&amp;ssl=1\" data-orig-size=\"640,480\" data-comments-opened=\"1\" data-image-meta=\"{&quot;aperture&quot;:&quot;0&quot;,&quot;credit&quot;:&quot;&quot;,&quot;camera&quot;:&quot;&quot;,&quot;caption&quot;:&quot;&quot;,&quot;created_timestamp&quot;:&quot;0&quot;,&quot;copyright&quot;:&quot;&quot;,&quot;focal_length&quot;:&quot;0&quot;,&quot;iso&quot;:&quot;0&quot;,&quot;shutter_speed&quot;:&quot;0&quot;,&quot;title&quot;:&quot;&quot;}\" data-image-title=\"DSC03092\" data-image-description=\"\" data-image-caption=\"\" data-medium-file=\"https:\/\/i0.wp.com\/www.semioticafactual.com\/wp-content\/uploads\/2011\/07\/DSC03092.jpg?fit=300%2C225&amp;ssl=1\" data-large-file=\"https:\/\/i0.wp.com\/www.semioticafactual.com\/wp-content\/uploads\/2011\/07\/DSC03092.jpg?fit=640%2C480&amp;ssl=1\" tabindex=\"0\" role=\"button\" class=\"alignright size-medium wp-image-1215\" title=\"DSC03092\" src=\"https:\/\/i0.wp.com\/www.semioticafactual.com\/wp-content\/uploads\/2011\/07\/DSC03092-300x225.jpg?resize=300%2C225\" alt=\"\" width=\"300\" height=\"225\" srcset=\"https:\/\/i0.wp.com\/www.semioticafactual.com\/wp-content\/uploads\/2011\/07\/DSC03092.jpg?resize=300%2C225&amp;ssl=1 300w, https:\/\/i0.wp.com\/www.semioticafactual.com\/wp-content\/uploads\/2011\/07\/DSC03092.jpg?w=640&amp;ssl=1 640w\" sizes=\"(max-width: 300px) 100vw, 300px\" data-recalc-dims=\"1\" \/><\/a>Hermosillo, Sonora., a 20 de julio de 2011.<\/strong><\/p>\n<p>El Congreso del Estado tiene un plazo m\u00e1ximo de 15 d\u00edas h\u00e1biles para nombrar a los 3 nuevos consejeros propietarios y un suplente del Consejo Estatal Electoral, de acuerdo a una resoluci\u00f3n emitida el d\u00eda de hoy por la Sala Superior del Trife, inform\u00f3 el diputado Roberto Ruibal Astiazar\u00e1n.<\/p>\n<p>Indic\u00f3 que el fallo obedece a un juicio de protecci\u00f3n de derechos pol\u00edticos promovido por algunos aspirantes a consejeros electorales.<\/p>\n<p>El coordinador del Grupo Parlamentario del PRI indic\u00f3 que en ese sentido, el trife resolvi\u00f3 que el Congreso del Estado ha incurrido en un incumplimiento legal para el nombramiento de dichos consejeros y por ello ordena se proceda de inmediato a la designaci\u00f3n de los nuevos consejeros.<\/p>\n<p>&nbsp;<\/p>\n<p>Ruibal Astiazar\u00e1n se\u00f1al\u00f3 que la alianza PRI, Nueva Alianza y Verde Ecologista ha mantenido una postura responsable al respecto, pues ha hecho propuestas para la sustituci\u00f3n de los 3 consejeros propietarios y un suplente a los que ya se les venci\u00f3 el t\u00e9rmino, sin embargo, el PAN ha obstaculizado el procedimiento.<\/p>\n<p>Con inasistencias al pleno que no permiten el qu\u00f3rum para las sesiones legislativas, el PAN\u00a0 impide que se avance en el nombramiento de quienes habr\u00e1n de sustituir a Hilda Ben\u00edtez Carre\u00f3n, Wilbert Arnoldo Sandoval Acereto y Marco Arturo Garc\u00eda Celaya.<\/p>\n<p>&nbsp;<\/p>\n<p>De acuerdo a la interpretaci\u00f3n que hizo el Trife, con esta omisi\u00f3n del Congreso del Estado a causa de la falta de voluntad del PAN por atender este tema, el Consejo Estatal Electoral actual est\u00e1 constituido ilegalmente.<\/p>\n<p>Con la resoluci\u00f3n del Trife, agreg\u00f3, los diputados est\u00e1n obligados a acatar la ley y a actuar de manera responsables para que los sonorenses tengan un Consejo Estatal Electoral legalmente instalado para los comicios del 2012.<\/p>\n<p>&nbsp;<\/p>\n","protected":false},"excerpt":{"rendered":"<p>Hermosillo, Sonora., a 20 de julio de 2011. El Congreso del Estado tiene un plazo m\u00e1ximo de 15 d\u00edas h\u00e1biles para nombrar a los 3 nuevos consejeros propietarios y un suplente del Consejo Estatal Electoral, de acuerdo a una resoluci\u00f3n emitida el d\u00eda de hoy por la Sala Superior del Trife, inform\u00f3 el diputado Roberto [&hellip;]<\/p>\n","protected":false},"author":1,"featured_media":0,"comment_status":"open","ping_status":"open","sticky":false,"template":"","format":"standard","meta":{"jetpack_post_was_ever_published":false,"_jetpack_newsletter_access":"","_jetpack_dont_email_post_to_subs":false,"_jetpack_newsletter_tier_id":0,"_jetpack_memberships_contains_paywalled_content":false,"_jetpack_memberships_contains_paid_content":false,"footnotes":"","jetpack_publicize_message":"","jetpack_publicize_feature_enabled":true,"jetpack_social_post_already_shared":false,"jetpack_social_options":{"image_generator_settings":{"template":"highway","enabled":false},"version":2}},"categories":[1,9],"tags":[],"jetpack_publicize_connections":[],"jetpack_featured_media_url":"","jetpack_shortlink":"https:\/\/wp.me\/p2mzaA-jy","jetpack_sharing_enabled":true,"jetpack_likes_enabled":true,"_links":{"self":[{"href":"https:\/\/www.semioticafactual.com\/index.php?rest_route=\/wp\/v2\/posts\/1212"}],"collection":[{"href":"https:\/\/www.semioticafactual.com\/index.php?rest_route=\/wp\/v2\/posts"}],"about":[{"href":"https:\/\/www.semioticafactual.com\/index.php?rest_route=\/wp\/v2\/types\/post"}],"author":[{"embeddable":true,"href":"https:\/\/www.semioticafactual.com\/index.php?rest_route=\/wp\/v2\/users\/1"}],"replies":[{"embeddable":true,"href":"https:\/\/www.semioticafactual.com\/index.php?rest_route=%2Fwp%2Fv2%2Fcomments&post=1212"}],"version-history":[{"count":2,"href":"https:\/\/www.semioticafactual.com\/index.php?rest_route=\/wp\/v2\/posts\/1212\/revisions"}],"predecessor-version":[{"id":1216,"href":"https:\/\/www.semioticafactual.com\/index.php?rest_route=\/wp\/v2\/posts\/1212\/revisions\/1216"}],"wp:attachment":[{"href":"https:\/\/www.semioticafactual.com\/index.php?rest_route=%2Fwp%2Fv2%2Fmedia&parent=1212"}],"wp:term":[{"taxonomy":"category","embeddable":true,"href":"https:\/\/www.semioticafactual.com\/index.php?rest_route=%2Fwp%2Fv2%2Fcategories&post=1212"},{"taxonomy":"post_tag","embeddable":true,"href":"https:\/\/www.semioticafactual.com\/index.php?rest_route=%2Fwp%2Fv2%2Ftags&post=1212"}],"curies":[{"name":"wp","href":"https:\/\/api.w.org\/{rel}","templated":true}]}}