{"id":1207,"date":"2011-07-21T21:19:25","date_gmt":"2011-07-21T21:19:25","guid":{"rendered":"http:\/\/www.semioticafactual.com\/?p=1207"},"modified":"2011-07-21T21:19:25","modified_gmt":"2011-07-21T21:19:25","slug":"se-acatara-resolucion-del-tribunal-electoral-del-poder-judicial-de-la-federacion-que-tiene-consejo-estatal-electoral-cuauhtemoc-galindo-delgado","status":"publish","type":"post","link":"https:\/\/www.semioticafactual.com\/?p=1207","title":{"rendered":"Se acatar\u00e1 resoluci\u00f3n del Tribunal Electoral del Poder Judicial de la Federaci\u00f3n que tiene Consejo Estatal Electoral: Cuauht\u00e9moc Galindo Delgado"},"content":{"rendered":"<div dir=\"ltr\">\n<div>\n<div dir=\"ltr\">\n<p style=\"text-align: left;\" align=\"center\"><a class=\"highslide\" onclick=\"return vz.expand(this)\" href=\"https:\/\/i0.wp.com\/www.semioticafactual.com\/wp-content\/uploads\/2011\/07\/temo-galindo1.jpg\"><img loading=\"lazy\" decoding=\"async\" data-attachment-id=\"1210\" data-permalink=\"https:\/\/www.semioticafactual.com\/?attachment_id=1210\" data-orig-file=\"https:\/\/i0.wp.com\/www.semioticafactual.com\/wp-content\/uploads\/2011\/07\/temo-galindo1.jpg?fit=200%2C180&amp;ssl=1\" data-orig-size=\"200,180\" data-comments-opened=\"1\" data-image-meta=\"{&quot;aperture&quot;:&quot;0&quot;,&quot;credit&quot;:&quot;&quot;,&quot;camera&quot;:&quot;&quot;,&quot;caption&quot;:&quot;&quot;,&quot;created_timestamp&quot;:&quot;0&quot;,&quot;copyright&quot;:&quot;&quot;,&quot;focal_length&quot;:&quot;0&quot;,&quot;iso&quot;:&quot;0&quot;,&quot;shutter_speed&quot;:&quot;0&quot;,&quot;title&quot;:&quot;&quot;}\" data-image-title=\"temo galindo\" data-image-description=\"\" data-image-caption=\"\" data-medium-file=\"https:\/\/i0.wp.com\/www.semioticafactual.com\/wp-content\/uploads\/2011\/07\/temo-galindo1.jpg?fit=200%2C180&amp;ssl=1\" data-large-file=\"https:\/\/i0.wp.com\/www.semioticafactual.com\/wp-content\/uploads\/2011\/07\/temo-galindo1.jpg?fit=200%2C180&amp;ssl=1\" tabindex=\"0\" role=\"button\" class=\"alignleft size-full wp-image-1210\" title=\"temo galindo\" src=\"https:\/\/i0.wp.com\/www.semioticafactual.com\/wp-content\/uploads\/2011\/07\/temo-galindo1.jpg?resize=200%2C180\" alt=\"\" width=\"200\" height=\"180\" data-recalc-dims=\"1\" \/><\/a>ENVIAN POSICIONAMIENTO DIPUTADOS PANISTAS CON RELACION A LA\u00a0RESOLUCI\u00d3NES \u00a0EN CONTRA DEL CEE.<\/p>\n<p style=\"text-align: left;\" align=\"center\"><em><strong>Mi\u00e9rcoles 20 de Julio de 2011.<\/strong><\/em><\/p>\n<p style=\"text-align: left;\" align=\"center\">Se acatar\u00e1 resoluci\u00f3n del TEPJF (Tribunal Electoral del Poder Judicial de la Federaci\u00f3n) buscando se respeten los preceptos que vuelven al CEE (Consejo Estatal Electoral) un \u00f3rgano confiable, declar\u00f3 el\u00a0Diputado Temo Galindo.<\/p>\n<p style=\"text-align: left;\" align=\"center\">En estricto apego a la resoluci\u00f3n\u00a0emitida por\u00a0Tribunal Electoral del Poder Judicial de la Federaci\u00f3n, respecto al nombramiento de Consejeros Estatales Electorales y en congruencia con la postura de los Diputados del PAN en el Congreso del Estado,\u00a0acataremos lo instruido en sus puntos resolutivos, procediendo en los t\u00e9rminos de la\u00a0Ley.<\/p>\n<\/div>\n<\/div>\n<\/div>\n<p>Con lo\u00a0anterior refrendaremos nuestro compromiso y deseo de renovar las posiciones vencidas dentro del Consejo Estatal Electoral, tal y como lo manifestamos desde el inicio del proceso.<\/p>\n<p>Es importante se\u00f1alar que para cumplir con los preceptos que\u00a0hagan del Consejo Estatal Electoral ser un \u00f3rgano confiable, ser\u00e1 necesario dialogar para alcanzar acuerdos que permitan presentar una propuesta imparcial, com\u00fan y plural, que no responda a otros intereses que no sean los de los electores Sonoreses.<\/p>\n<p>Conf\u00edo y sea en las primeras semanas de agosto cuando de cara a los ciudadanos concluyamos con este procesos\u00a0en los t\u00e9rminos antes mencionados.<br \/>\nReitero nuestro respeto a la autonom\u00eda de las instituciones y apego a las normas legales.<\/p>\n","protected":false},"excerpt":{"rendered":"<p>ENVIAN POSICIONAMIENTO DIPUTADOS PANISTAS CON RELACION A LA\u00a0RESOLUCI\u00d3NES \u00a0EN CONTRA DEL CEE. Mi\u00e9rcoles 20 de Julio de 2011. Se acatar\u00e1 resoluci\u00f3n del TEPJF (Tribunal Electoral del Poder Judicial de la Federaci\u00f3n) buscando se respeten los preceptos que vuelven al CEE (Consejo Estatal Electoral) un \u00f3rgano confiable, declar\u00f3 el\u00a0Diputado Temo Galindo. En estricto apego a la [&hellip;]<\/p>\n","protected":false},"author":1,"featured_media":0,"comment_status":"open","ping_status":"open","sticky":false,"template":"","format":"standard","meta":{"jetpack_post_was_ever_published":false,"_jetpack_newsletter_access":"","_jetpack_dont_email_post_to_subs":false,"_jetpack_newsletter_tier_id":0,"_jetpack_memberships_contains_paywalled_content":false,"_jetpack_memberships_contains_paid_content":false,"footnotes":"","jetpack_publicize_message":"","jetpack_publicize_feature_enabled":true,"jetpack_social_post_already_shared":false,"jetpack_social_options":{"image_generator_settings":{"template":"highway","enabled":false},"version":2}},"categories":[1,9],"tags":[],"jetpack_publicize_connections":[],"jetpack_featured_media_url":"","jetpack_shortlink":"https:\/\/wp.me\/p2mzaA-jt","jetpack_sharing_enabled":true,"jetpack_likes_enabled":true,"_links":{"self":[{"href":"https:\/\/www.semioticafactual.com\/index.php?rest_route=\/wp\/v2\/posts\/1207"}],"collection":[{"href":"https:\/\/www.semioticafactual.com\/index.php?rest_route=\/wp\/v2\/posts"}],"about":[{"href":"https:\/\/www.semioticafactual.com\/index.php?rest_route=\/wp\/v2\/types\/post"}],"author":[{"embeddable":true,"href":"https:\/\/www.semioticafactual.com\/index.php?rest_route=\/wp\/v2\/users\/1"}],"replies":[{"embeddable":true,"href":"https:\/\/www.semioticafactual.com\/index.php?rest_route=%2Fwp%2Fv2%2Fcomments&post=1207"}],"version-history":[{"count":2,"href":"https:\/\/www.semioticafactual.com\/index.php?rest_route=\/wp\/v2\/posts\/1207\/revisions"}],"predecessor-version":[{"id":1211,"href":"https:\/\/www.semioticafactual.com\/index.php?rest_route=\/wp\/v2\/posts\/1207\/revisions\/1211"}],"wp:attachment":[{"href":"https:\/\/www.semioticafactual.com\/index.php?rest_route=%2Fwp%2Fv2%2Fmedia&parent=1207"}],"wp:term":[{"taxonomy":"category","embeddable":true,"href":"https:\/\/www.semioticafactual.com\/index.php?rest_route=%2Fwp%2Fv2%2Fcategories&post=1207"},{"taxonomy":"post_tag","embeddable":true,"href":"https:\/\/www.semioticafactual.com\/index.php?rest_route=%2Fwp%2Fv2%2Ftags&post=1207"}],"curies":[{"name":"wp","href":"https:\/\/api.w.org\/{rel}","templated":true}]}}