{"id":1194,"date":"2011-07-21T19:18:47","date_gmt":"2011-07-21T19:18:47","guid":{"rendered":"http:\/\/www.semioticafactual.com\/?p=1194"},"modified":"2011-07-21T19:18:47","modified_gmt":"2011-07-21T19:18:47","slug":"demandamos-del-ejecutivo-politicas-que-impulsen-el-desarrollo-economico-cano-velez","status":"publish","type":"post","link":"https:\/\/www.semioticafactual.com\/?p=1194","title":{"rendered":"Demandamos del Ejecutivo pol\u00edticas que impulsen el desarrollo econ\u00f3mico: Cano V\u00e9lez"},"content":{"rendered":"<p><strong><a class=\"highslide\" onclick=\"return vz.expand(this)\" href=\"https:\/\/i0.wp.com\/www.semioticafactual.com\/wp-content\/uploads\/2011\/07\/DIP-CANOVELEZ-1-21.jpg\"><img loading=\"lazy\" decoding=\"async\" data-attachment-id=\"1197\" data-permalink=\"https:\/\/www.semioticafactual.com\/?attachment_id=1197\" data-orig-file=\"https:\/\/i0.wp.com\/www.semioticafactual.com\/wp-content\/uploads\/2011\/07\/DIP-CANOVELEZ-1-21.jpg?fit=800%2C534&amp;ssl=1\" data-orig-size=\"800,534\" data-comments-opened=\"1\" data-image-meta=\"{&quot;aperture&quot;:&quot;0&quot;,&quot;credit&quot;:&quot;&quot;,&quot;camera&quot;:&quot;&quot;,&quot;caption&quot;:&quot;&quot;,&quot;created_timestamp&quot;:&quot;0&quot;,&quot;copyright&quot;:&quot;&quot;,&quot;focal_length&quot;:&quot;0&quot;,&quot;iso&quot;:&quot;0&quot;,&quot;shutter_speed&quot;:&quot;0&quot;,&quot;title&quot;:&quot;&quot;}\" data-image-title=\"DIP CANOVELEZ-1 (2)\" data-image-description=\"\" data-image-caption=\"\" data-medium-file=\"https:\/\/i0.wp.com\/www.semioticafactual.com\/wp-content\/uploads\/2011\/07\/DIP-CANOVELEZ-1-21.jpg?fit=300%2C200&amp;ssl=1\" data-large-file=\"https:\/\/i0.wp.com\/www.semioticafactual.com\/wp-content\/uploads\/2011\/07\/DIP-CANOVELEZ-1-21.jpg?fit=800%2C534&amp;ssl=1\" tabindex=\"0\" role=\"button\" class=\"alignleft size-medium wp-image-1197\" title=\"DIP CANOVELEZ-1 (2)\" src=\"https:\/\/i0.wp.com\/www.semioticafactual.com\/wp-content\/uploads\/2011\/07\/DIP-CANOVELEZ-1-21-300x200.jpg?resize=300%2C200\" alt=\"\" width=\"300\" height=\"200\" srcset=\"https:\/\/i0.wp.com\/www.semioticafactual.com\/wp-content\/uploads\/2011\/07\/DIP-CANOVELEZ-1-21.jpg?resize=300%2C200&amp;ssl=1 300w, https:\/\/i0.wp.com\/www.semioticafactual.com\/wp-content\/uploads\/2011\/07\/DIP-CANOVELEZ-1-21.jpg?w=800&amp;ssl=1 800w\" sizes=\"(max-width: 300px) 100vw, 300px\" data-recalc-dims=\"1\" \/><\/a>HERMOSILLO, SONORA., A 20 DE JULIO DEL 2011<\/strong>.- M\u00e9xico no puede ni debe seguir siendo un mero espectador de lo que ocurre en el mundo en materia econ\u00f3mica y para ello, demandamos de un gobierno que impulse pol\u00edticas que promuevan el desarrollo y la econom\u00eda\u00a0 nacional, as\u00ed lo resalt\u00f3 el diputado Jes\u00fas Alberto Cano V\u00e9lez.<\/p>\n<p>Tras haber realizado una intensa gira por varios municipios de Sonora, el \u00a0legislador del Revolucionario Institucional agreg\u00f3 que en sus recorridos realizados, la constante ha sido escuchar las diversas demandas externadas sobre todo por los sectores productivos, en el sentido de la falta de apoyos y atenci\u00f3n de las autoridades.<\/p>\n<p>Frente a ello, el tambi\u00e9n Presidente del Colegio Nacional de Economistas asegur\u00f3 que estas decisiones no resultan extra\u00f1as si consideramos que el Ejecutivo ha claudicado en su tarea de ser el promotor del desarrollo y, en cambio, se ha enfocado a abrir nuestras fronteras en lugar de privilegiar los que podemos producir en el pa\u00eds.<\/p>\n<p>\u201cEn el 2009 en el peor momento de la crisis econ\u00f3mica, el Ejecutivo decidi\u00f3 eliminar aranceles lo que trajo consigo la importaci\u00f3n de mercanc\u00edas sobre todo de China, Vietnam, India y Nueva Zelanda sobre los que pod\u00edamos producir en el pa\u00eds\u201d alert\u00f3 Cano V\u00e9lez.<\/p>\n<p>Asimismo, reflexion\u00f3, que si bien es cierto no podemos construir una naci\u00f3n cada seis a\u00f1os, el pr\u00f3ximo gobierno debe retomar su papel de promotor del desarrollo nacional a fin de que se incentive y apoye a las diferentes actividades econ\u00f3micas, para que de esa manera seamos capaces de generar los empleos y el bienestar que los mexicanos demandan.<\/p>\n<p>\u201cDiversos pa\u00edses de Am\u00e9rica Latina como Brasil han instaurado pol\u00edticas encaminadas a apoyar a sus sectores productivos, en cambio en M\u00e9xico, estamos haciendo todo lo que no debemos de hacer para acabar con la planta productiva nacional porque preferimos abrir nuestras fronteras o importando modelos econ\u00f3micos, olvidando que las condiciones del pa\u00eds son diferentes\u201d subray\u00f3 el legislador de Sonora.<\/p>\n<p>Finalmente, destac\u00f3 que los legisladores priistas han asumido la responsabilidad de apoyar a los sectores productivos del pa\u00eds como es el campo, y muestra de ello es que en el presupuesto aprobado el a\u00f1o pasado, donde se le otorgaron mayores recursos a este sector como a la educaci\u00f3n, desarrollo y a impulsar la infraestructura, con el \u00fanico objetivo de encaminar al pa\u00eds hacia la ruta de la recuperaci\u00f3n econ\u00f3mica.<\/p>\n<p><strong>\u00a0<\/strong><\/p>\n","protected":false},"excerpt":{"rendered":"<p>HERMOSILLO, SONORA., A 20 DE JULIO DEL 2011.- M\u00e9xico no puede ni debe seguir siendo un mero espectador de lo que ocurre en el mundo en materia econ\u00f3mica y para ello, demandamos de un gobierno que impulse pol\u00edticas que promuevan el desarrollo y la econom\u00eda\u00a0 nacional, as\u00ed lo resalt\u00f3 el diputado Jes\u00fas Alberto Cano V\u00e9lez. [&hellip;]<\/p>\n","protected":false},"author":1,"featured_media":0,"comment_status":"open","ping_status":"open","sticky":false,"template":"","format":"standard","meta":{"jetpack_post_was_ever_published":false,"_jetpack_newsletter_access":"","_jetpack_dont_email_post_to_subs":false,"_jetpack_newsletter_tier_id":0,"_jetpack_memberships_contains_paywalled_content":false,"_jetpack_memberships_contains_paid_content":false,"footnotes":"","jetpack_publicize_message":"","jetpack_publicize_feature_enabled":true,"jetpack_social_post_already_shared":false,"jetpack_social_options":{"image_generator_settings":{"template":"highway","enabled":false},"version":2}},"categories":[13,14],"tags":[],"jetpack_publicize_connections":[],"jetpack_featured_media_url":"","jetpack_shortlink":"https:\/\/wp.me\/p2mzaA-jg","jetpack_sharing_enabled":true,"jetpack_likes_enabled":true,"_links":{"self":[{"href":"https:\/\/www.semioticafactual.com\/index.php?rest_route=\/wp\/v2\/posts\/1194"}],"collection":[{"href":"https:\/\/www.semioticafactual.com\/index.php?rest_route=\/wp\/v2\/posts"}],"about":[{"href":"https:\/\/www.semioticafactual.com\/index.php?rest_route=\/wp\/v2\/types\/post"}],"author":[{"embeddable":true,"href":"https:\/\/www.semioticafactual.com\/index.php?rest_route=\/wp\/v2\/users\/1"}],"replies":[{"embeddable":true,"href":"https:\/\/www.semioticafactual.com\/index.php?rest_route=%2Fwp%2Fv2%2Fcomments&post=1194"}],"version-history":[{"count":1,"href":"https:\/\/www.semioticafactual.com\/index.php?rest_route=\/wp\/v2\/posts\/1194\/revisions"}],"predecessor-version":[{"id":1198,"href":"https:\/\/www.semioticafactual.com\/index.php?rest_route=\/wp\/v2\/posts\/1194\/revisions\/1198"}],"wp:attachment":[{"href":"https:\/\/www.semioticafactual.com\/index.php?rest_route=%2Fwp%2Fv2%2Fmedia&parent=1194"}],"wp:term":[{"taxonomy":"category","embeddable":true,"href":"https:\/\/www.semioticafactual.com\/index.php?rest_route=%2Fwp%2Fv2%2Fcategories&post=1194"},{"taxonomy":"post_tag","embeddable":true,"href":"https:\/\/www.semioticafactual.com\/index.php?rest_route=%2Fwp%2Fv2%2Ftags&post=1194"}],"curies":[{"name":"wp","href":"https:\/\/api.w.org\/{rel}","templated":true}]}}