{"id":1189,"date":"2011-07-21T19:05:46","date_gmt":"2011-07-21T19:05:46","guid":{"rendered":"http:\/\/www.semioticafactual.com\/?p=1189"},"modified":"2011-07-21T19:05:46","modified_gmt":"2011-07-21T19:05:46","slug":"voz-sport-%e2%80%9croberto-alomar%e2%80%9d","status":"publish","type":"post","link":"https:\/\/www.semioticafactual.com\/?p=1189","title":{"rendered":"VOZ SPORT \u201cRoberto Alomar\u201d"},"content":{"rendered":"<p><strong><a class=\"highslide\" onclick=\"return vz.expand(this)\" href=\"https:\/\/i0.wp.com\/www.semioticafactual.com\/wp-content\/uploads\/2011\/07\/alomar-roberto-392-getty-9310051.jpg\"><img loading=\"lazy\" decoding=\"async\" data-attachment-id=\"1192\" data-permalink=\"https:\/\/www.semioticafactual.com\/?attachment_id=1192\" data-orig-file=\"https:\/\/i0.wp.com\/www.semioticafactual.com\/wp-content\/uploads\/2011\/07\/alomar-roberto-392-getty-9310051.jpg?fit=392%2C230&amp;ssl=1\" data-orig-size=\"392,230\" data-comments-opened=\"1\" data-image-meta=\"{&quot;aperture&quot;:&quot;0&quot;,&quot;credit&quot;:&quot;&quot;,&quot;camera&quot;:&quot;&quot;,&quot;caption&quot;:&quot;&quot;,&quot;created_timestamp&quot;:&quot;0&quot;,&quot;copyright&quot;:&quot;&quot;,&quot;focal_length&quot;:&quot;0&quot;,&quot;iso&quot;:&quot;0&quot;,&quot;shutter_speed&quot;:&quot;0&quot;,&quot;title&quot;:&quot;&quot;}\" data-image-title=\"alomar-roberto-392-getty-931005\" data-image-description=\"\" data-image-caption=\"\" data-medium-file=\"https:\/\/i0.wp.com\/www.semioticafactual.com\/wp-content\/uploads\/2011\/07\/alomar-roberto-392-getty-9310051.jpg?fit=300%2C176&amp;ssl=1\" data-large-file=\"https:\/\/i0.wp.com\/www.semioticafactual.com\/wp-content\/uploads\/2011\/07\/alomar-roberto-392-getty-9310051.jpg?fit=392%2C230&amp;ssl=1\" tabindex=\"0\" role=\"button\" class=\"alignright size-medium wp-image-1192\" title=\"alomar-roberto-392-getty-931005\" src=\"https:\/\/i0.wp.com\/www.semioticafactual.com\/wp-content\/uploads\/2011\/07\/alomar-roberto-392-getty-9310051-300x176.jpg?resize=300%2C176\" alt=\"\" width=\"300\" height=\"176\" srcset=\"https:\/\/i0.wp.com\/www.semioticafactual.com\/wp-content\/uploads\/2011\/07\/alomar-roberto-392-getty-9310051.jpg?resize=300%2C176&amp;ssl=1 300w, https:\/\/i0.wp.com\/www.semioticafactual.com\/wp-content\/uploads\/2011\/07\/alomar-roberto-392-getty-9310051.jpg?w=392&amp;ssl=1 392w\" sizes=\"(max-width: 300px) 100vw, 300px\" data-recalc-dims=\"1\" \/><\/a>El pr\u00f3ximo 31 de julio el nombre de Roberto Alomar continuar\u00e1 dando de que hablar ya que uno de sus equipos Azulejos de Toronto estar\u00e1n retirando su numero 12 y con el logr\u00f3 conseguir dos t\u00edtulos para la escuadra canadiense.<\/strong><\/p>\n<p><strong>Rafael Renter\u00eda \/\u00a0<\/strong><a href=\"mailto:renteria_rafael@hotmail.com\">renteria_rafael@hotmail.com<\/a><\/p>\n<p>Todo esto viene acorde a que el pr\u00f3ximo domingo el puertorrique\u00f1o y ex segunda base estar\u00e1 ingresando al Sal\u00f3n de la Fama del B\u00e9isbol y con ello obtener el ultimo galard\u00f3n que le faltaba como pelotero.<\/p>\n<p>En lo personal lo recuerdo m\u00e1s con los Azulejos de Toronto y en especial porque en aquellos a\u00f1os del 92 y 93 ganaron de forma consecutiva la Serie Mundial, la primera contra los Bravos de Atlanta y la siguiente ante los Filis de Filadelfia. En ese conjunto me acuerdo que jugaba <strong>Joe Carter,<\/strong> jardinero que era la mancuerna de Alomar y los cuales se echaron el equipo al hombro para conseguir esos t\u00edtulos y los cuales han sido los \u00fanicos para la escuadra en su historia.<\/p>\n<p>Los equipos donde jug\u00f3 fueron San Diego (88-90), Toronto (91-95), Baltimore (96-98), Cleveland (99-2001), Mets (2002-2003), Medias Blancas (2003), Arizona (2004) y de nueva cuenta con los Medias Blancas donde dijo adi\u00f3s en el 2004.<\/p>\n<p>En su estancia de 17 a\u00f1os en las grandes ligas obtuvo un porcentaje de bateo de .300, conecto 2,724 imparables, impuls\u00f3 1,134 carreras, pego 210 cuadrangulares y jug\u00f3 2,379 partidos.<\/p>\n<p>Siempre se caracteriz\u00f3 por ser un jugador de elite y sobre todo que pod\u00eda conectar el batazo oportuno para decidir el partido e inclusive para mantener el resultado ya que con el guante tambi\u00e9n fue muy bueno. Aunque hay que decir que no todo color de rosa en la carrera del puertorrique\u00f1o, ya que muchos recordaremos aquel hecho bochornoso que tuvo ante el ampayer <strong>John Hirshbeck <\/strong>a quien en la alegata en el home lo escupi\u00f3 en su cara lo cual adem\u00e1s de expulsarlo del juego ocasion\u00f3 que a los dias Alomar reconociera su error y se disculpara con el ampayer. Eso sucedi\u00f3 en 1997 cuando jugaba para los Orioles de Baltimore.<\/p>\n<p>Jug\u00f3 al lado de grandes peloteros como el propio <strong>Joe Carter, Omar Vizquel, Carl Ripken Jr, Tony Fernandez, Shawn GreenDave Winfield, Paul Molitor, y hasta su propio hermano Sandy Alomar Jr. <\/strong>Quizas el momento que marco su carrera fue cuando en el 91 paso de cambio a los Azulejos junto a <strong>Joe Carter<\/strong> ambos procedentes de los Padres de San Diego por <strong>Tony Fernandez y Fred Mcgriff.<\/strong> Se puede decir que de ah\u00ed en adelante la trayectoria de <strong>Roberto Alomar Jr <\/strong>comenz\u00f3 a escribirse y donde su juego realmente se convirti\u00f3 en espectacular.<\/p>\n<p>Algunos de sus logros personales fueron el estar 12 veces en el juego de estrellas, obtuvo 10 guantes de oro, bateo para .300 en 9 ocasiones, robo 30 o m\u00e1s bases en 8 a\u00f1os, 4 veces gano el bate de plata y muchos otros records m\u00e1s que fueron los claves para darle su entrada este 24 de julio a Cooperstown&#8230;&#8230;&#8230;&#8230;&#8230;&#8230;&#8230;&#8230;&#8230;&#8230;&#8230;&#8230;&#8230;&#8230;&#8230;&#8230;&#8230;&#8230;<\/p>\n<p><strong>Que cosas ofrece la Copa Am\u00e9rica 2011. L<\/strong>os finalistas ya est\u00e1n y son Uruguay contra Paraguay. Este \u00faltimo no logro ganar ning\u00fan juego en esa competencia ya que todos los resultados los obtuvieron desde el manch\u00f3n de los penales.<\/p>\n<p><strong>\u00a0<\/strong>Habr\u00e1 que ver ahora si contra Uruguay en la final esa misma formula le alcanza para obtener ese trofeo continental. Yo esa final no me la perder\u00e9 y no porque me guste el juego de ambos equipos sino porque sin lugar a dudas quien se llevar\u00e1 todas las c\u00e1maras hacia ella y la atenci\u00f3n de miles de hombres ser\u00e1 <strong>Larissa Riquelme. Ya verremos que se le ocurre a esa mujer!!!!!<\/strong><\/p>\n<p>&nbsp;<\/p>\n<p><strong><br \/>\n<\/strong><\/p>\n","protected":false},"excerpt":{"rendered":"<p>El pr\u00f3ximo 31 de julio el nombre de Roberto Alomar continuar\u00e1 dando de que hablar ya que uno de sus equipos Azulejos de Toronto estar\u00e1n retirando su numero 12 y con el logr\u00f3 conseguir dos t\u00edtulos para la escuadra canadiense. Rafael Renter\u00eda \/\u00a0renteria_rafael@hotmail.com Todo esto viene acorde a que el pr\u00f3ximo domingo el puertorrique\u00f1o y [&hellip;]<\/p>\n","protected":false},"author":1,"featured_media":0,"comment_status":"open","ping_status":"open","sticky":false,"template":"","format":"standard","meta":{"jetpack_post_was_ever_published":false,"_jetpack_newsletter_access":"","_jetpack_dont_email_post_to_subs":false,"_jetpack_newsletter_tier_id":0,"_jetpack_memberships_contains_paywalled_content":false,"_jetpack_memberships_contains_paid_content":false,"footnotes":"","jetpack_publicize_message":"","jetpack_publicize_feature_enabled":true,"jetpack_social_post_already_shared":false,"jetpack_social_options":{"image_generator_settings":{"template":"highway","enabled":false},"version":2}},"categories":[21,6],"tags":[],"jetpack_publicize_connections":[],"jetpack_featured_media_url":"","jetpack_shortlink":"https:\/\/wp.me\/p2mzaA-jb","jetpack_sharing_enabled":true,"jetpack_likes_enabled":true,"_links":{"self":[{"href":"https:\/\/www.semioticafactual.com\/index.php?rest_route=\/wp\/v2\/posts\/1189"}],"collection":[{"href":"https:\/\/www.semioticafactual.com\/index.php?rest_route=\/wp\/v2\/posts"}],"about":[{"href":"https:\/\/www.semioticafactual.com\/index.php?rest_route=\/wp\/v2\/types\/post"}],"author":[{"embeddable":true,"href":"https:\/\/www.semioticafactual.com\/index.php?rest_route=\/wp\/v2\/users\/1"}],"replies":[{"embeddable":true,"href":"https:\/\/www.semioticafactual.com\/index.php?rest_route=%2Fwp%2Fv2%2Fcomments&post=1189"}],"version-history":[{"count":2,"href":"https:\/\/www.semioticafactual.com\/index.php?rest_route=\/wp\/v2\/posts\/1189\/revisions"}],"predecessor-version":[{"id":1193,"href":"https:\/\/www.semioticafactual.com\/index.php?rest_route=\/wp\/v2\/posts\/1189\/revisions\/1193"}],"wp:attachment":[{"href":"https:\/\/www.semioticafactual.com\/index.php?rest_route=%2Fwp%2Fv2%2Fmedia&parent=1189"}],"wp:term":[{"taxonomy":"category","embeddable":true,"href":"https:\/\/www.semioticafactual.com\/index.php?rest_route=%2Fwp%2Fv2%2Fcategories&post=1189"},{"taxonomy":"post_tag","embeddable":true,"href":"https:\/\/www.semioticafactual.com\/index.php?rest_route=%2Fwp%2Fv2%2Ftags&post=1189"}],"curies":[{"name":"wp","href":"https:\/\/api.w.org\/{rel}","templated":true}]}}