{"id":1184,"date":"2011-07-20T21:01:49","date_gmt":"2011-07-20T21:01:49","guid":{"rendered":"http:\/\/www.semioticafactual.com\/?p=1184"},"modified":"2011-07-20T21:04:30","modified_gmt":"2011-07-20T21:04:30","slug":"%e2%80%a2jovenes-de-alianza-y-revolucion-se-suman-a-iniciativa-sonora-de-roberto-ruibal","status":"publish","type":"post","link":"https:\/\/www.semioticafactual.com\/?p=1184","title":{"rendered":"J\u00f3venes de Alianza y Revoluci\u00f3n se suman a Iniciativa Sonora de Roberto Ruibal"},"content":{"rendered":"<p><a class=\"highslide\" onclick=\"return vz.expand(this)\" href=\"https:\/\/i0.wp.com\/www.semioticafactual.com\/wp-content\/uploads\/2011\/07\/RRA200711-11.jpg\"><img loading=\"lazy\" decoding=\"async\" data-attachment-id=\"1185\" data-permalink=\"https:\/\/www.semioticafactual.com\/?attachment_id=1185\" data-orig-file=\"https:\/\/i0.wp.com\/www.semioticafactual.com\/wp-content\/uploads\/2011\/07\/RRA200711-11.jpg?fit=1350%2C900&amp;ssl=1\" data-orig-size=\"1350,900\" data-comments-opened=\"1\" data-image-meta=\"{&quot;aperture&quot;:&quot;0&quot;,&quot;credit&quot;:&quot;&quot;,&quot;camera&quot;:&quot;&quot;,&quot;caption&quot;:&quot;&quot;,&quot;created_timestamp&quot;:&quot;0&quot;,&quot;copyright&quot;:&quot;&quot;,&quot;focal_length&quot;:&quot;0&quot;,&quot;iso&quot;:&quot;0&quot;,&quot;shutter_speed&quot;:&quot;0&quot;,&quot;title&quot;:&quot;&quot;}\" data-image-title=\"RRA200711-1[1]\" data-image-description=\"\" data-image-caption=\"\" data-medium-file=\"https:\/\/i0.wp.com\/www.semioticafactual.com\/wp-content\/uploads\/2011\/07\/RRA200711-11.jpg?fit=300%2C200&amp;ssl=1\" data-large-file=\"https:\/\/i0.wp.com\/www.semioticafactual.com\/wp-content\/uploads\/2011\/07\/RRA200711-11.jpg?fit=800%2C533&amp;ssl=1\" tabindex=\"0\" role=\"button\" class=\"alignright size-medium wp-image-1185\" title=\"RRA200711-1[1]\" src=\"https:\/\/i0.wp.com\/www.semioticafactual.com\/wp-content\/uploads\/2011\/07\/RRA200711-11-300x200.jpg?resize=300%2C200\" alt=\"\" width=\"300\" height=\"200\" srcset=\"https:\/\/i0.wp.com\/www.semioticafactual.com\/wp-content\/uploads\/2011\/07\/RRA200711-11.jpg?resize=300%2C200&amp;ssl=1 300w, https:\/\/i0.wp.com\/www.semioticafactual.com\/wp-content\/uploads\/2011\/07\/RRA200711-11.jpg?resize=1024%2C682&amp;ssl=1 1024w, https:\/\/i0.wp.com\/www.semioticafactual.com\/wp-content\/uploads\/2011\/07\/RRA200711-11.jpg?w=1350&amp;ssl=1 1350w\" sizes=\"(max-width: 300px) 100vw, 300px\" data-recalc-dims=\"1\" \/><\/a><\/p>\n<p>Hermosillo, Sonora., a 20 de julio de 2011.- El inter\u00e9s por participar en Iniciativa Sonora se hizo presente en estudiantes de diversas universidades del Estado, luego de que el diputado Roberto Ruibal los convocar\u00e1 a expresar sus ideas para lograr juntos un mejor marco jur\u00eddico. Reunido con integrantes de la organizaci\u00f3n juvenil Alianza y Revoluci\u00f3n que preside Edmundo Campa Araiza, el legislador pri\u00edsta los convoc\u00f3 a aprovechar esta oportunidad de participar en la construcci\u00f3n de un mejor Estado que brinde oportunidades a todos. Durante la reuni\u00f3n, los j\u00f3venes expresaron que su principal preocupaci\u00f3n es encontrar empleo al concluir su preparaci\u00f3n universitaria, por lo que Ruibal Astiazar\u00e1n sostuvo que en esta materia deben existir cientos de propuestas para que el campo laboral se abra independientemente de la carrera que estudien. El diputado de la Alianza PRI, Nueva Alianza, Verde Ecologista se\u00f1al\u00f3 que en su paso por esta legislatura ha comprobado que la gente est\u00e1 interesada en participar activamente en este tipo de convocatorias y m\u00e1s a\u00fan cuando lo que se busca mejorar la calidad de vida de la poblaci\u00f3n a trav\u00e9s de mejores leyes. Ante estudiantes de las carreras de Finanzas, Derecho, Agronom\u00eda, Negocios Internacionales de distintas universidades, Ruibal Astiazar\u00e1n reiter\u00f3 la invitaci\u00f3n para aceptar el reto de mantenerse activos con propuestas frescas que ayuden el desarrollo, no s\u00f3lo del sector juvenil, sino de todos los sonorenses. Por su parte, los dirigentes de la agrupaci\u00f3n juvenil, Edmundo Campa Araiza y Karina Z\u00e1rate F\u00e9lix, reconocieron el proyecto Iniciativa Sonora impulsado por el diputado Ruibal porque abre los espacios de participaci\u00f3n a la sociedad. Interesados en hacer llegar propuestas en materia de empleo, campo y de m\u00e1s oportunidades para los j\u00f3venes, asumieron el comprometieron de difundir Iniciativa Sonora entre los j\u00f3venes del estado para que hagan llegar sus propuestas antes del 31 de agosto a trav\u00e9s de la p\u00e1gina www.robertoruibal.org.mx.<\/p>\n","protected":false},"excerpt":{"rendered":"<p>Hermosillo, Sonora., a 20 de julio de 2011.- El inter\u00e9s por participar en Iniciativa Sonora se hizo presente en estudiantes de diversas universidades del Estado, luego de que el diputado Roberto Ruibal los convocar\u00e1 a expresar sus ideas para lograr juntos un mejor marco jur\u00eddico. Reunido con integrantes de la organizaci\u00f3n juvenil Alianza y Revoluci\u00f3n [&hellip;]<\/p>\n","protected":false},"author":1,"featured_media":0,"comment_status":"open","ping_status":"open","sticky":false,"template":"","format":"standard","meta":{"jetpack_post_was_ever_published":false,"_jetpack_newsletter_access":"","_jetpack_dont_email_post_to_subs":false,"_jetpack_newsletter_tier_id":0,"_jetpack_memberships_contains_paywalled_content":false,"_jetpack_memberships_contains_paid_content":false,"footnotes":"","jetpack_publicize_message":"","jetpack_publicize_feature_enabled":true,"jetpack_social_post_already_shared":false,"jetpack_social_options":{"image_generator_settings":{"template":"highway","enabled":false},"version":2}},"categories":[14],"tags":[],"jetpack_publicize_connections":[],"jetpack_featured_media_url":"","jetpack_shortlink":"https:\/\/wp.me\/p2mzaA-j6","jetpack_sharing_enabled":true,"jetpack_likes_enabled":true,"_links":{"self":[{"href":"https:\/\/www.semioticafactual.com\/index.php?rest_route=\/wp\/v2\/posts\/1184"}],"collection":[{"href":"https:\/\/www.semioticafactual.com\/index.php?rest_route=\/wp\/v2\/posts"}],"about":[{"href":"https:\/\/www.semioticafactual.com\/index.php?rest_route=\/wp\/v2\/types\/post"}],"author":[{"embeddable":true,"href":"https:\/\/www.semioticafactual.com\/index.php?rest_route=\/wp\/v2\/users\/1"}],"replies":[{"embeddable":true,"href":"https:\/\/www.semioticafactual.com\/index.php?rest_route=%2Fwp%2Fv2%2Fcomments&post=1184"}],"version-history":[{"count":2,"href":"https:\/\/www.semioticafactual.com\/index.php?rest_route=\/wp\/v2\/posts\/1184\/revisions"}],"predecessor-version":[{"id":1187,"href":"https:\/\/www.semioticafactual.com\/index.php?rest_route=\/wp\/v2\/posts\/1184\/revisions\/1187"}],"wp:attachment":[{"href":"https:\/\/www.semioticafactual.com\/index.php?rest_route=%2Fwp%2Fv2%2Fmedia&parent=1184"}],"wp:term":[{"taxonomy":"category","embeddable":true,"href":"https:\/\/www.semioticafactual.com\/index.php?rest_route=%2Fwp%2Fv2%2Fcategories&post=1184"},{"taxonomy":"post_tag","embeddable":true,"href":"https:\/\/www.semioticafactual.com\/index.php?rest_route=%2Fwp%2Fv2%2Ftags&post=1184"}],"curies":[{"name":"wp","href":"https:\/\/api.w.org\/{rel}","templated":true}]}}