{"id":1181,"date":"2011-07-20T18:16:30","date_gmt":"2011-07-20T18:16:30","guid":{"rendered":"http:\/\/www.semioticafactual.com\/?p=1181"},"modified":"2011-07-20T18:16:30","modified_gmt":"2011-07-20T18:16:30","slug":"se-suspendera-el-servicio-de-agua-potable-en-7-colonias-del-norte-de-la-ciudad-este-miercoles-20-de-julio","status":"publish","type":"post","link":"https:\/\/www.semioticafactual.com\/?p=1181","title":{"rendered":"SE SUSPENDER\u00c1 EL SERVICIO DE AGUA POTABLE EN 7 COLONIAS DEL NORTE DE LA CIUDAD ESTE MI\u00c9RCOLES 20 DE JULIO"},"content":{"rendered":"<p>Semioticafactual.com<\/p>\n<p><strong><a class=\"highslide\" onclick=\"return vz.expand(this)\" href=\"https:\/\/i0.wp.com\/www.semioticafactual.com\/wp-content\/uploads\/2011\/07\/exhorta-aguah-a-tomar.jpg\"><img loading=\"lazy\" decoding=\"async\" data-attachment-id=\"1182\" data-permalink=\"https:\/\/www.semioticafactual.com\/?attachment_id=1182\" data-orig-file=\"https:\/\/i0.wp.com\/www.semioticafactual.com\/wp-content\/uploads\/2011\/07\/exhorta-aguah-a-tomar.jpg?fit=288%2C175&amp;ssl=1\" data-orig-size=\"288,175\" data-comments-opened=\"1\" data-image-meta=\"{&quot;aperture&quot;:&quot;0&quot;,&quot;credit&quot;:&quot;&quot;,&quot;camera&quot;:&quot;&quot;,&quot;caption&quot;:&quot;&quot;,&quot;created_timestamp&quot;:&quot;0&quot;,&quot;copyright&quot;:&quot;&quot;,&quot;focal_length&quot;:&quot;0&quot;,&quot;iso&quot;:&quot;0&quot;,&quot;shutter_speed&quot;:&quot;0&quot;,&quot;title&quot;:&quot;&quot;}\" data-image-title=\"exhorta-aguah-a-tomar\" data-image-description=\"\" data-image-caption=\"\" data-medium-file=\"https:\/\/i0.wp.com\/www.semioticafactual.com\/wp-content\/uploads\/2011\/07\/exhorta-aguah-a-tomar.jpg?fit=288%2C175&amp;ssl=1\" data-large-file=\"https:\/\/i0.wp.com\/www.semioticafactual.com\/wp-content\/uploads\/2011\/07\/exhorta-aguah-a-tomar.jpg?fit=288%2C175&amp;ssl=1\" tabindex=\"0\" role=\"button\" class=\"alignright size-full wp-image-1182\" title=\"exhorta-aguah-a-tomar\" src=\"https:\/\/i0.wp.com\/www.semioticafactual.com\/wp-content\/uploads\/2011\/07\/exhorta-aguah-a-tomar.jpg?resize=288%2C175\" alt=\"\" width=\"288\" height=\"175\" data-recalc-dims=\"1\" \/><\/a><\/strong><strong>Hermosillo, Sonora, julio 19 de 2011<\/strong>.- Con motivo de la construcci\u00f3n de un puente de concreto sobre el arroyo de la calle Constelaci\u00f3n Andr\u00f3meda en la colonia Laura Alicia Fr\u00edas de L\u00f3pez Nogales, \u00a0actualmente se realizan trabajos de colocaci\u00f3n de tuber\u00eda de acero, por lo que este mi\u00e9rcoles 20 de julio se suspender\u00e1 el servicio de agua\u00a0\u00a0o disminuir\u00e1 la presi\u00f3n en 7 colonias del norte de la ciudad.<\/p>\n<p>Los trabajos iniciar\u00e1n a partir de las 2 de la tarde del mi\u00e9rcoles 20 de julio 2011, hasta las primeras horas del siguiente d\u00eda, probablemente hasta las 5:00 horas.<\/p>\n<p>Las colonias en donde se suspende el servicio o disminuir\u00e1 la presi\u00f3n son Paseo del Pedregal, Tierra Nueva, Villa Verde, Casa Alta, San Germ\u00e1n, Palo Fierro y Los Pinos, donde se estima una poblaci\u00f3n de 4 mil habitantes.<\/p>\n<p>Por lo que se sugiere\u00a0\u00a0tomar las medidas preventivas necesarias para ello, especialmente con la limpieza de\u00a0\u00a0utensilios y elementos con los que cuenten para el almacenamiento del vital l\u00edquido, como tinacos, cisternas, tambos y otros, a fin de que est\u00e9n en condiciones sanitarias para almacenar el agua que podr\u00edan requerir durante el tiempo en que dure la suspensi\u00f3n o disminuci\u00f3n de la presi\u00f3n.<\/p>\n<p>Los trabajos consisten en la colocaci\u00f3n de una tuber\u00eda de acero de30 pulgadasen sustituci\u00f3n de un tubo de fibrocemento del mismo di\u00e1metro, con mayor profundidad, para dar cabida a la construcci\u00f3n del puente vehicular de concreto en dicha vialidad.<\/p>\n<p>Estos trabajos los lleva a cabo el Gobierno del Estado, con el respaldo en materia hidr\u00e1ulica por parte del Organismo Operador Agua de Hermosillo para dar respuesta a una petici\u00f3n muy sentida de los habitantes del sector que sufren de incomunicaci\u00f3n cada vez que se presentan avenidas fuertes de escurrimientos de agua de lluvia por este arroyo.<\/p>\n<p>&nbsp;<\/p>\n","protected":false},"excerpt":{"rendered":"<p>Semioticafactual.com Hermosillo, Sonora, julio 19 de 2011.- Con motivo de la construcci\u00f3n de un puente de concreto sobre el arroyo de la calle Constelaci\u00f3n Andr\u00f3meda en la colonia Laura Alicia Fr\u00edas de L\u00f3pez Nogales, \u00a0actualmente se realizan trabajos de colocaci\u00f3n de tuber\u00eda de acero, por lo que este mi\u00e9rcoles 20 de julio se suspender\u00e1 el [&hellip;]<\/p>\n","protected":false},"author":1,"featured_media":0,"comment_status":"open","ping_status":"open","sticky":false,"template":"","format":"standard","meta":{"jetpack_post_was_ever_published":false,"_jetpack_newsletter_access":"","_jetpack_dont_email_post_to_subs":false,"_jetpack_newsletter_tier_id":0,"_jetpack_memberships_contains_paywalled_content":false,"_jetpack_memberships_contains_paid_content":false,"footnotes":"","jetpack_publicize_message":"","jetpack_publicize_feature_enabled":true,"jetpack_social_post_already_shared":false,"jetpack_social_options":{"image_generator_settings":{"template":"highway","enabled":false},"version":2}},"categories":[18],"tags":[],"jetpack_publicize_connections":[],"jetpack_featured_media_url":"","jetpack_shortlink":"https:\/\/wp.me\/p2mzaA-j3","jetpack_sharing_enabled":true,"jetpack_likes_enabled":true,"_links":{"self":[{"href":"https:\/\/www.semioticafactual.com\/index.php?rest_route=\/wp\/v2\/posts\/1181"}],"collection":[{"href":"https:\/\/www.semioticafactual.com\/index.php?rest_route=\/wp\/v2\/posts"}],"about":[{"href":"https:\/\/www.semioticafactual.com\/index.php?rest_route=\/wp\/v2\/types\/post"}],"author":[{"embeddable":true,"href":"https:\/\/www.semioticafactual.com\/index.php?rest_route=\/wp\/v2\/users\/1"}],"replies":[{"embeddable":true,"href":"https:\/\/www.semioticafactual.com\/index.php?rest_route=%2Fwp%2Fv2%2Fcomments&post=1181"}],"version-history":[{"count":1,"href":"https:\/\/www.semioticafactual.com\/index.php?rest_route=\/wp\/v2\/posts\/1181\/revisions"}],"predecessor-version":[{"id":1183,"href":"https:\/\/www.semioticafactual.com\/index.php?rest_route=\/wp\/v2\/posts\/1181\/revisions\/1183"}],"wp:attachment":[{"href":"https:\/\/www.semioticafactual.com\/index.php?rest_route=%2Fwp%2Fv2%2Fmedia&parent=1181"}],"wp:term":[{"taxonomy":"category","embeddable":true,"href":"https:\/\/www.semioticafactual.com\/index.php?rest_route=%2Fwp%2Fv2%2Fcategories&post=1181"},{"taxonomy":"post_tag","embeddable":true,"href":"https:\/\/www.semioticafactual.com\/index.php?rest_route=%2Fwp%2Fv2%2Ftags&post=1181"}],"curies":[{"name":"wp","href":"https:\/\/api.w.org\/{rel}","templated":true}]}}