{"id":1174,"date":"2011-07-20T17:55:41","date_gmt":"2011-07-20T17:55:41","guid":{"rendered":"http:\/\/www.semioticafactual.com\/?p=1174"},"modified":"2011-07-20T17:55:41","modified_gmt":"2011-07-20T17:55:41","slug":"el-senador-manlio-fabio-beltrones-logro-500-millones-adicionales-para-obras-de-pavimentacion-cano-velez","status":"publish","type":"post","link":"https:\/\/www.semioticafactual.com\/?p=1174","title":{"rendered":"El Senador Manlio Fabio Beltrones, logr\u00f3 500 millones adicionales para obras de pavimentaci\u00f3n: Cano V\u00e8lez"},"content":{"rendered":"<p><strong>209 millones ya est\u00e1n depositados en las arcas de la Tesorer\u00eda del estado, asegura.<a class=\"highslide\" onclick=\"return vz.expand(this)\" href=\"https:\/\/i0.wp.com\/www.semioticafactual.com\/wp-content\/uploads\/2011\/07\/cano-velez-presupuesto.jpg\"><img loading=\"lazy\" decoding=\"async\" data-attachment-id=\"1175\" data-permalink=\"https:\/\/www.semioticafactual.com\/?attachment_id=1175\" data-orig-file=\"https:\/\/i0.wp.com\/www.semioticafactual.com\/wp-content\/uploads\/2011\/07\/cano-velez-presupuesto.jpg?fit=1024%2C684&amp;ssl=1\" data-orig-size=\"1024,684\" data-comments-opened=\"1\" data-image-meta=\"{&quot;aperture&quot;:&quot;0&quot;,&quot;credit&quot;:&quot;&quot;,&quot;camera&quot;:&quot;&quot;,&quot;caption&quot;:&quot;&quot;,&quot;created_timestamp&quot;:&quot;0&quot;,&quot;copyright&quot;:&quot;&quot;,&quot;focal_length&quot;:&quot;0&quot;,&quot;iso&quot;:&quot;0&quot;,&quot;shutter_speed&quot;:&quot;0&quot;,&quot;title&quot;:&quot;&quot;}\" data-image-title=\"cano velez-presupuesto\" data-image-description=\"\" data-image-caption=\"\" data-medium-file=\"https:\/\/i0.wp.com\/www.semioticafactual.com\/wp-content\/uploads\/2011\/07\/cano-velez-presupuesto.jpg?fit=300%2C200&amp;ssl=1\" data-large-file=\"https:\/\/i0.wp.com\/www.semioticafactual.com\/wp-content\/uploads\/2011\/07\/cano-velez-presupuesto.jpg?fit=800%2C534&amp;ssl=1\" tabindex=\"0\" role=\"button\" class=\"alignright size-medium wp-image-1175\" title=\"cano velez-presupuesto\" src=\"https:\/\/i0.wp.com\/www.semioticafactual.com\/wp-content\/uploads\/2011\/07\/cano-velez-presupuesto-300x200.jpg?resize=300%2C200\" alt=\"\" width=\"300\" height=\"200\" srcset=\"https:\/\/i0.wp.com\/www.semioticafactual.com\/wp-content\/uploads\/2011\/07\/cano-velez-presupuesto.jpg?resize=300%2C200&amp;ssl=1 300w, https:\/\/i0.wp.com\/www.semioticafactual.com\/wp-content\/uploads\/2011\/07\/cano-velez-presupuesto.jpg?w=1024&amp;ssl=1 1024w\" sizes=\"(max-width: 300px) 100vw, 300px\" data-recalc-dims=\"1\" \/><\/a><\/strong><\/p>\n<p><strong>HERMOSILLO, SONORA, JULIO 19 DE 2011.-<\/strong>\u00a0Sonora debe pasar ya de ser un estado agr\u00edcola y ganadero a una entidad agropecuaria,\u00a0en la que \u00a0ambas actividades se conjuguen y que, aunado a un mayor apoyo a la acuacultura y la\u00a0<a href=\"http:\/\/es.wikipedia.org\/wiki\/Piscicultura\" target=\"_blank\">piscicultura<\/a>\u00a0&#8211; actividades en la que somos los primeros productores en el pa\u00eds-, la fortaleza econ\u00f3mica del estado crezca, asegur\u00f3 el diputado Jes\u00fas Alberto Cano V\u00e9lez.<\/p>\n<p>En el marco de su gira por la capital de la entidad, el legislador del Revolucionario Institucional asegur\u00f3 que en lo referente a la acuacultura, Sonora es el primer productor de camar\u00f3n en el pa\u00eds\u00a0con el 70 por ciento de la producci\u00f3n nacional, situaci\u00f3n que abona a la generaci\u00f3n de empleos directos e indirectos para los sonorenses.<\/p>\n<p>Ante esto, agreg\u00f3 el legislador sonorense, debemos voltear la mirada a esas actividades productivas que\u00a0 fortalecen nuestra econom\u00eda, como sucedi\u00f3 en la administraci\u00f3n estatal del ahora senador Manlio Fabio Beltrones, en donde se dio un gran impulso a la actividad de la acuacultura.<\/p>\n<p>Por ello, asegur\u00f3 que las autoridades de todos los niveles deben escuchar las necesidades de los productores y darles el apoyo necesario para que Sonora deje de ser una zona de agricultores y ganaderos y se convierta en un estado agropecuario.<\/p>\n<p>Tambi\u00e9n agreg\u00f3 que en los recorridos que realiza por los diferentes municipios, la constante es el reiterado reclamo de los sectores productivos no s\u00f3lo de que no se les escucha sino que no encuentran los apoyos necesarios.<\/p>\n<p>Por ello, reiter\u00f3 que desde que asumi\u00f3 su posici\u00f3n como secretario de la Comisi\u00f3n de Presupuesto y Cuenta P\u00fablica, no s\u00f3lo se ha dado a la tarea de dar seguimiento a los recursos solicitados por el Ejecutivo Estatal, sino tambi\u00e9n de certificar que estos se ejerzan precisamente a donde se etiquetaron.<\/p>\n<p>De los 30 mil millones que la federaci\u00f3n destin\u00f3 en su presupuesto a nuestra entidad para este a\u00f1o, los diputados federales le agregamos casi 3 mil millones para la atenci\u00f3n de municipios en materia de obras hidroagr\u00edcolas,\u00a0 agua potable, seguridad, salud, educaci\u00f3n as\u00ed como apoyos para la Universidad de Sonora, Itson y Universidad del Valle del Yaqui.<\/p>\n<p>Asimismo, explic\u00f3 que de estos 3 mil millones, 500 fueron obtenidos por el senador sonorense Manlio Fabio Beltrones, cuyo destino ser\u00e1n para obras de pavimentaci\u00f3n y, de los cu\u00e1les, 209 millones ya est\u00e1n depositados en las arcas de la Tesorer\u00eda del estado.<\/p>\n<p>De igual forma, agreg\u00f3 que los diputados priistas por Sonora lograron una bolsa de 500 millones de pesos para la atenci\u00f3n de los problemas generados por las heladas de febrero y as\u00ed apoyar a nuestros ganaderos que est\u00e1n sufriendo la sequ\u00eda, concluy\u00f3 Cano V\u00e9lez.<\/p>\n","protected":false},"excerpt":{"rendered":"<p>209 millones ya est\u00e1n depositados en las arcas de la Tesorer\u00eda del estado, asegura. HERMOSILLO, SONORA, JULIO 19 DE 2011.-\u00a0Sonora debe pasar ya de ser un estado agr\u00edcola y ganadero a una entidad agropecuaria,\u00a0en la que \u00a0ambas actividades se conjuguen y que, aunado a un mayor apoyo a la acuacultura y la\u00a0piscicultura\u00a0&#8211; actividades en la [&hellip;]<\/p>\n","protected":false},"author":1,"featured_media":0,"comment_status":"open","ping_status":"open","sticky":false,"template":"","format":"standard","meta":{"jetpack_post_was_ever_published":false,"_jetpack_newsletter_access":"","_jetpack_dont_email_post_to_subs":false,"_jetpack_newsletter_tier_id":0,"_jetpack_memberships_contains_paywalled_content":false,"_jetpack_memberships_contains_paid_content":false,"footnotes":"","jetpack_publicize_message":"","jetpack_publicize_feature_enabled":true,"jetpack_social_post_already_shared":false,"jetpack_social_options":{"image_generator_settings":{"template":"highway","enabled":false},"version":2}},"categories":[1,9],"tags":[],"jetpack_publicize_connections":[],"jetpack_featured_media_url":"","jetpack_shortlink":"https:\/\/wp.me\/p2mzaA-iW","jetpack_sharing_enabled":true,"jetpack_likes_enabled":true,"_links":{"self":[{"href":"https:\/\/www.semioticafactual.com\/index.php?rest_route=\/wp\/v2\/posts\/1174"}],"collection":[{"href":"https:\/\/www.semioticafactual.com\/index.php?rest_route=\/wp\/v2\/posts"}],"about":[{"href":"https:\/\/www.semioticafactual.com\/index.php?rest_route=\/wp\/v2\/types\/post"}],"author":[{"embeddable":true,"href":"https:\/\/www.semioticafactual.com\/index.php?rest_route=\/wp\/v2\/users\/1"}],"replies":[{"embeddable":true,"href":"https:\/\/www.semioticafactual.com\/index.php?rest_route=%2Fwp%2Fv2%2Fcomments&post=1174"}],"version-history":[{"count":1,"href":"https:\/\/www.semioticafactual.com\/index.php?rest_route=\/wp\/v2\/posts\/1174\/revisions"}],"predecessor-version":[{"id":1176,"href":"https:\/\/www.semioticafactual.com\/index.php?rest_route=\/wp\/v2\/posts\/1174\/revisions\/1176"}],"wp:attachment":[{"href":"https:\/\/www.semioticafactual.com\/index.php?rest_route=%2Fwp%2Fv2%2Fmedia&parent=1174"}],"wp:term":[{"taxonomy":"category","embeddable":true,"href":"https:\/\/www.semioticafactual.com\/index.php?rest_route=%2Fwp%2Fv2%2Fcategories&post=1174"},{"taxonomy":"post_tag","embeddable":true,"href":"https:\/\/www.semioticafactual.com\/index.php?rest_route=%2Fwp%2Fv2%2Ftags&post=1174"}],"curies":[{"name":"wp","href":"https:\/\/api.w.org\/{rel}","templated":true}]}}