{"id":1170,"date":"2011-07-20T17:38:51","date_gmt":"2011-07-20T17:38:51","guid":{"rendered":"http:\/\/www.semioticafactual.com\/?p=1170"},"modified":"2011-07-20T17:38:51","modified_gmt":"2011-07-20T17:38:51","slug":"urge-solucion-al-caos-del-transporte-urbano-ulises-cristopulos","status":"publish","type":"post","link":"https:\/\/www.semioticafactual.com\/?p=1170","title":{"rendered":"Urge soluci\u00f3n al caos del transporte urbano: Ulises Crist\u00f3pulos"},"content":{"rendered":"<div>\n<p><strong>Hermosillo, Sonora a 19 de julio de 2011.-<\/strong>\u00a0De preocupante calific\u00f3 Ulises Crist\u00f3pulos el caos que est\u00e1 viviendo gran parte de los ciudadanos que utiliza diariamente el sistema de transporte, pues enfrentan trabas burocr\u00e1ticas en el tr\u00e1mite de la tarjeta de prepago del nuevo sistema que implement\u00f3 el Gobierno del Estado.<\/p>\n<p>\u201cEs un caos que est\u00e1 viviendo, m\u00e1s del 80% de los habitantes del distrito que represento utilizan el servicio de tra<a class=\"highslide\" onclick=\"return vz.expand(this)\" href=\"https:\/\/i0.wp.com\/www.semioticafactual.com\/wp-content\/uploads\/2011\/07\/U1.jpg\"><img loading=\"lazy\" decoding=\"async\" data-attachment-id=\"1172\" data-permalink=\"https:\/\/www.semioticafactual.com\/?attachment_id=1172\" data-orig-file=\"https:\/\/i0.wp.com\/www.semioticafactual.com\/wp-content\/uploads\/2011\/07\/U1.jpg?fit=1100%2C967&amp;ssl=1\" data-orig-size=\"1100,967\" data-comments-opened=\"1\" data-image-meta=\"{&quot;aperture&quot;:&quot;0&quot;,&quot;credit&quot;:&quot;&quot;,&quot;camera&quot;:&quot;&quot;,&quot;caption&quot;:&quot;&quot;,&quot;created_timestamp&quot;:&quot;0&quot;,&quot;copyright&quot;:&quot;&quot;,&quot;focal_length&quot;:&quot;0&quot;,&quot;iso&quot;:&quot;0&quot;,&quot;shutter_speed&quot;:&quot;0&quot;,&quot;title&quot;:&quot;&quot;}\" data-image-title=\"U\" data-image-description=\"\" data-image-caption=\"\" data-medium-file=\"https:\/\/i0.wp.com\/www.semioticafactual.com\/wp-content\/uploads\/2011\/07\/U1.jpg?fit=300%2C263&amp;ssl=1\" data-large-file=\"https:\/\/i0.wp.com\/www.semioticafactual.com\/wp-content\/uploads\/2011\/07\/U1.jpg?fit=800%2C703&amp;ssl=1\" tabindex=\"0\" role=\"button\" class=\"alignright size-medium wp-image-1172\" title=\"U\" src=\"https:\/\/i0.wp.com\/www.semioticafactual.com\/wp-content\/uploads\/2011\/07\/U1-300x263.jpg?resize=300%2C263\" alt=\"\" width=\"300\" height=\"263\" srcset=\"https:\/\/i0.wp.com\/www.semioticafactual.com\/wp-content\/uploads\/2011\/07\/U1.jpg?resize=300%2C263&amp;ssl=1 300w, https:\/\/i0.wp.com\/www.semioticafactual.com\/wp-content\/uploads\/2011\/07\/U1.jpg?resize=1024%2C900&amp;ssl=1 1024w, https:\/\/i0.wp.com\/www.semioticafactual.com\/wp-content\/uploads\/2011\/07\/U1.jpg?w=1100&amp;ssl=1 1100w\" sizes=\"(max-width: 300px) 100vw, 300px\" data-recalc-dims=\"1\" \/><\/a>nsporte diariamente para trasladarse a su trabajo, escuela y dem\u00e1s actividades, muchos de ellos se han visto obligados a faltar a su trabajo\u201d, expres\u00f3 el legislador local.<\/p>\n<p>Urgi\u00f3 a las autoridades a tomar medidas para resolver este serio problema y sugiri\u00f3 que en lugar de invertir una gran cantidad a la publicidad de este programa, se debe invertir en atender y resolver las necesidades que tienen el sistema.<\/p>\n<p>\u201cHemos visto anuncios por aqu\u00ed y por all\u00e1, anunciando las bondades de este nuevo sistema de transporte, pero en la realidad es totalmente lo contrario porque no est\u00e1 fluyendo de manera adecuada\u201d, enfatiz\u00f3 Ulises Crist\u00f3pulos.<\/p>\n<p>Respecto al cr\u00e9dito autorizado por el Congreso del Estado para apoyar a los concesionarios en la grave situaci\u00f3n econ\u00f3mica que enfrentan, dijo que no se ha utilizado, es decir el Gobierno del Estado no se ha acercado a ninguna instituci\u00f3n financiera para solicitar esos recursos.<\/p>\n<p>\u201cLo que no se vale, es que por un lado no utilicen el cr\u00e9dito que fue aprobado para resolver los problemas del transporte, y por el otro sigan ofreciendo un servicio deteriorado en sus unidades, personal y tiempos\u201d, asegur\u00f3 Crist\u00f3pulos R\u00edos.<\/p>\n<p>Indic\u00f3 que los ciudadanos exigen obtener de manera m\u00e1s accesible la tarjeta prepago, ya sea en tiendas de servicios sin trabas ni obst\u00e1culos, que les permita aprovechar utilizar el subsidio de dos pesos que tanto anunci\u00f3 el Gobernador, pero que en la realidad no se est\u00e1 viendo.<\/p>\n<p>\u201cEn lugar de apoyar y brindar un servicio de calidad a las personas cuando tramitan sus tarjetas, lo que hace es obstaculizar los tramites y lo que sucede a final de cuentas es que la tarifa que paga el ciudadano es de 7 pesos\u201d, finaliz\u00f3 el diputado de la Alianza PRI, Nueva Alianza y Verde Ecologista.<\/p>\n<p><span style=\"font-size: small;\"><strong><br \/>\n<\/strong><\/span><\/div>\n","protected":false},"excerpt":{"rendered":"<p>Hermosillo, Sonora a 19 de julio de 2011.-\u00a0De preocupante calific\u00f3 Ulises Crist\u00f3pulos el caos que est\u00e1 viviendo gran parte de los ciudadanos que utiliza diariamente el sistema de transporte, pues enfrentan trabas burocr\u00e1ticas en el tr\u00e1mite de la tarjeta de prepago del nuevo sistema que implement\u00f3 el Gobierno del Estado. \u201cEs un caos que est\u00e1 [&hellip;]<\/p>\n","protected":false},"author":1,"featured_media":0,"comment_status":"open","ping_status":"open","sticky":false,"template":"","format":"standard","meta":{"jetpack_post_was_ever_published":false,"_jetpack_newsletter_access":"","_jetpack_dont_email_post_to_subs":false,"_jetpack_newsletter_tier_id":0,"_jetpack_memberships_contains_paywalled_content":false,"_jetpack_memberships_contains_paid_content":false,"footnotes":"","jetpack_publicize_message":"","jetpack_publicize_feature_enabled":true,"jetpack_social_post_already_shared":false,"jetpack_social_options":{"image_generator_settings":{"template":"highway","enabled":false},"version":2}},"categories":[1,14,9],"tags":[],"jetpack_publicize_connections":[],"jetpack_featured_media_url":"","jetpack_shortlink":"https:\/\/wp.me\/p2mzaA-iS","jetpack_sharing_enabled":true,"jetpack_likes_enabled":true,"_links":{"self":[{"href":"https:\/\/www.semioticafactual.com\/index.php?rest_route=\/wp\/v2\/posts\/1170"}],"collection":[{"href":"https:\/\/www.semioticafactual.com\/index.php?rest_route=\/wp\/v2\/posts"}],"about":[{"href":"https:\/\/www.semioticafactual.com\/index.php?rest_route=\/wp\/v2\/types\/post"}],"author":[{"embeddable":true,"href":"https:\/\/www.semioticafactual.com\/index.php?rest_route=\/wp\/v2\/users\/1"}],"replies":[{"embeddable":true,"href":"https:\/\/www.semioticafactual.com\/index.php?rest_route=%2Fwp%2Fv2%2Fcomments&post=1170"}],"version-history":[{"count":1,"href":"https:\/\/www.semioticafactual.com\/index.php?rest_route=\/wp\/v2\/posts\/1170\/revisions"}],"predecessor-version":[{"id":1173,"href":"https:\/\/www.semioticafactual.com\/index.php?rest_route=\/wp\/v2\/posts\/1170\/revisions\/1173"}],"wp:attachment":[{"href":"https:\/\/www.semioticafactual.com\/index.php?rest_route=%2Fwp%2Fv2%2Fmedia&parent=1170"}],"wp:term":[{"taxonomy":"category","embeddable":true,"href":"https:\/\/www.semioticafactual.com\/index.php?rest_route=%2Fwp%2Fv2%2Fcategories&post=1170"},{"taxonomy":"post_tag","embeddable":true,"href":"https:\/\/www.semioticafactual.com\/index.php?rest_route=%2Fwp%2Fv2%2Ftags&post=1170"}],"curies":[{"name":"wp","href":"https:\/\/api.w.org\/{rel}","templated":true}]}}