{"id":1139,"date":"2011-07-18T19:59:31","date_gmt":"2011-07-18T19:59:31","guid":{"rendered":"http:\/\/www.semioticafactual.com\/?p=1139"},"modified":"2011-07-18T20:04:07","modified_gmt":"2011-07-18T20:04:07","slug":"una-vez-mas-nos-amenaza-la-crisis-economica-externa","status":"publish","type":"post","link":"https:\/\/www.semioticafactual.com\/?p=1139","title":{"rendered":"UNA VEZ M\u00c1S NOS AMENAZA LA CRISIS ECON\u00d3MICA EXTERNA"},"content":{"rendered":"<p align=\"center\"><strong><br \/>\n<\/strong><\/p>\n<p align=\"center\"><img loading=\"lazy\" decoding=\"async\" src=\"http:\/\/64.4.56.55\/att\/GetInline.aspx?messageid=99900eae-b164-11e0-95ef-00215ad71af8&amp;attindex=1&amp;cp=-1&amp;attdepth=1&amp;imgsrc=cid%3aimage002.jpg%4001CC452E.4A0EAE30&amp;shared=1&amp;hm__login=k_briones21&amp;hm__domain=hotmail.com&amp;ip=10.25.148.8&amp;d=d1200&amp;mf=0&amp;hm__ts=Mon%2c%2018%20Jul%202011%2020%3a06%3a27%20GMT&amp;st=k_briones21&amp;hm__ha=01_ceb39035ca99bcb97115b2595106bd4c4dd9c2a828d7be4c84f6a6fb6e8dec66&amp;oneredir=1\" alt=\"foto para publicacion de cano velez.jpg\" width=\"89\" height=\"74\" align=\"left\" hspace=\"12\" \/><\/p>\n<p>&nbsp;<\/p>\n<p>JES\u00d9S ALBERTO CANO V\u00c9LEZ<\/p>\n<p>La crisis econ\u00f3mica viene de regreso, advirti\u00f3 el Presidente Obama en una rueda de prensa, la semana pasada en Washington; y es noticia que est\u00e1 convocando una fren\u00e9tica b\u00fasqueda de ant\u00eddotos para proteger su mercado interno, por la v\u00eda de sus pol\u00edticas p\u00fablicas, antes que les pegue de nuevo una recesi\u00f3n.<\/p>\n<p>Y en la misma semana el Gobernador del Banco de M\u00e9xico, le comunic\u00f3 a los mexicanos, que el pa\u00eds estaba blindado contra los efectos de los des\u00f3rdenes econ\u00f3micos y financieros provenientes del exterior.<\/p>\n<p>Una vez m\u00e1s la causa es la zona Euro de Europa Occidental, y lo peor es que Grecia ya no est\u00e1 sola; La acompa\u00f1an con sus respectivas crisis Espa\u00f1a, Portugal e Irlanda y ahora, hasta Italia. Es evidente que el contagio en esa zona haya sido fuerte, y los vasos comunicantes al resto del mundo se manifiestan en su disminuida demanda de bienes y servicios, con derivaciones hacia el desempleo. Esa evoluci\u00f3n tampoco dejar\u00e1 de afectarnos.<\/p>\n<p>Y otra amenaza contra los consumidores mexicanos viene de la elevaci\u00f3n de los precios mundiales en los granos y productos alimenticios. Nos afectar\u00e1 a todos porque elevar\u00e1 la pobreza alimentaria en el segmento de menores ingresos, ya que el ma\u00edz est\u00e1 entre los productos que han escaseado.<\/p>\n<p>Luego, tambi\u00e9n nos llegar\u00e1 el efecto recesivo de la econom\u00eda norteamericana, que viene perdiendo fuerza, dada su integraci\u00f3n con Europa Occidental. Desde junio ha venido disminuyendo su demanda de autos mexicanos; pero esos primeros efectos han sido todav\u00eda de baja intensidad. El problema est\u00e1 en lo que viene.<\/p>\n<p>En el mejor de los casos, el crecimiento del PIB nuestro bajar\u00e1 solo un poco, pero dependiendo de la intensidad de los golpes, podr\u00eda ser bastante m\u00e1s fuerte. De ah\u00ed la importancia de hacer algo. Debemos fortalecer nuestro mercado interno.<\/p>\n<p>En el Colegio Nacional de Economistas hemos venido insistiendo, desde que iniciamos el a\u00f1o pasado nuestros foros regionales para debatir sobre la urgencia de adoptar \u201cun Nuevo Modelo de Desarrollo Econ\u00f3mico\u201d, dado el fracaso del actual, que nos ha tenido creciendo a una tasa promedio anual de aproximadamente 2%, en t\u00e9rminos reales, durante los \u00faltimos 30 a\u00f1os, en que ha crecido el desempleo y la pobreza en M\u00e9xico y el j\u00fabilo oficial por el 4.5% del a\u00f1o pasado y el 4% que se esperaba para este 2011 ya no es m\u00e1s, porque est\u00e1 en serio peligro de no lograrse.<\/p>\n<p>La semana pasada tambi\u00e9n fueron convocados los altos funcionarios, miembros del Consejo Europeo, para asistir a una reuni\u00f3n de emergencia, si bien se dijo que se trataba \u201cde una reuni\u00f3n de coordinaci\u00f3n y no de crisis.\u201d Tambi\u00e9n se dijo inicialmente que \u201cel caso italiano no estaba en la agenda\u201d. Pero ambos casos se van a dar.<\/p>\n<p>Para nosotros fortalecer el mercado interno implica actuar en varias de las pol\u00edticas p\u00fablicas; por lo menos en: 1. En la pol\u00edtica hacendaria;\u00a0 2. En la pol\u00edtica crediticia; y 3. En las pol\u00edticas de equilibrio externo.<\/p>\n<p>La pol\u00edtica hacendaria, necesitar\u00eda asignar recursos a la inversi\u00f3n complementaria que se requiere para inducir la inversi\u00f3n de los sectores industriales privados de la econom\u00eda;\u00a0 y la pol\u00edtica crediticia, para canalizar cr\u00e9ditos de largo plazo de la banca de desarrollo, para apoyar las inversiones de las empresas del sector privado, que tambi\u00e9n deber\u00e1n buscar fuentes de financiamiento de corto plazo de la banca comercial que opera en M\u00e9xico.<\/p>\n<p>Por su parte, el sector agropecuario necesitar\u00e1 abundante cr\u00e9dito para la producci\u00f3n de granos, como ma\u00edz y trigo. La crisis que se ha dado en el campo mexicano se ha debido, en parte, a que las tierras ejidales, que no ten\u00edan acceso a financiamiento de la banca comercial, tuvieron que dejar sin producir muchas hect\u00e1reas de tierras ejidales, que bien podr\u00edan producir cuantiosos montos de granos para el consumo de M\u00e9xico.<\/p>\n<p>En cuanto a las acciones para lograr alcanzar equilibrio externo, \u00e9stas no requieren de financiamiento sino de acciones administrativas por parte de la Secretar\u00eda de Hacienda y del Banco de M\u00e9xico, para disminuir las entradas de capital golondrino a la econom\u00eda; porque su efecto solo infla las reservas internacionales y fortalece el peso m\u00e1s all\u00e1 de su equilibrio de mercado, lo que hace que se incentiven las importaciones en vez de que se oriente la demanda a adquirir productos del mercado interno.<\/p>\n<p>Ya se logr\u00f3 disminuir las presiones inflacionarias y no se necesita que la pol\u00edtica cambiaria siga operando como un instrumento anti inflacionario.<\/p>\n<p>&#8211;\u00a0\u00a0\u00a0\u00a0\u00a0\u00a0\u00a0<em>Diputado Federal de la LXI Legislatura por la primera circunscripci\u00f3n donde se desempe\u00f1a como Secretario de la Comisi\u00f3n de Presupuesto y Cuenta P\u00fablica, e integrante de la Comisi\u00f3n de Hacienda y Cr\u00e9dito P\u00fablico.<\/em><\/p>\n<p>&#8211;\u00a0\u00a0\u00a0\u00a0\u00a0\u00a0\u00a0<em>Presidente del Consejo Nacional Directivo de El Colegio Nacional de Economistas.<\/em><\/p>\n","protected":false},"excerpt":{"rendered":"<p>&nbsp; JES\u00d9S ALBERTO CANO V\u00c9LEZ La crisis econ\u00f3mica viene de regreso, advirti\u00f3 el Presidente Obama en una rueda de prensa, la semana pasada en Washington; y es noticia que est\u00e1 convocando una fren\u00e9tica b\u00fasqueda de ant\u00eddotos para proteger su mercado interno, por la v\u00eda de sus pol\u00edticas p\u00fablicas, antes que les pegue de nuevo una [&hellip;]<\/p>\n","protected":false},"author":1,"featured_media":0,"comment_status":"open","ping_status":"open","sticky":false,"template":"","format":"standard","meta":{"jetpack_post_was_ever_published":false,"_jetpack_newsletter_access":"","_jetpack_dont_email_post_to_subs":false,"_jetpack_newsletter_tier_id":0,"_jetpack_memberships_contains_paywalled_content":false,"_jetpack_memberships_contains_paid_content":false,"footnotes":"","jetpack_publicize_message":"","jetpack_publicize_feature_enabled":true,"jetpack_social_post_already_shared":false,"jetpack_social_options":{"image_generator_settings":{"template":"highway","enabled":false},"version":2}},"categories":[21,14],"tags":[],"jetpack_publicize_connections":[],"jetpack_featured_media_url":"","jetpack_shortlink":"https:\/\/wp.me\/p2mzaA-in","jetpack_sharing_enabled":true,"jetpack_likes_enabled":true,"_links":{"self":[{"href":"https:\/\/www.semioticafactual.com\/index.php?rest_route=\/wp\/v2\/posts\/1139"}],"collection":[{"href":"https:\/\/www.semioticafactual.com\/index.php?rest_route=\/wp\/v2\/posts"}],"about":[{"href":"https:\/\/www.semioticafactual.com\/index.php?rest_route=\/wp\/v2\/types\/post"}],"author":[{"embeddable":true,"href":"https:\/\/www.semioticafactual.com\/index.php?rest_route=\/wp\/v2\/users\/1"}],"replies":[{"embeddable":true,"href":"https:\/\/www.semioticafactual.com\/index.php?rest_route=%2Fwp%2Fv2%2Fcomments&post=1139"}],"version-history":[{"count":7,"href":"https:\/\/www.semioticafactual.com\/index.php?rest_route=\/wp\/v2\/posts\/1139\/revisions"}],"predecessor-version":[{"id":1145,"href":"https:\/\/www.semioticafactual.com\/index.php?rest_route=\/wp\/v2\/posts\/1139\/revisions\/1145"}],"wp:attachment":[{"href":"https:\/\/www.semioticafactual.com\/index.php?rest_route=%2Fwp%2Fv2%2Fmedia&parent=1139"}],"wp:term":[{"taxonomy":"category","embeddable":true,"href":"https:\/\/www.semioticafactual.com\/index.php?rest_route=%2Fwp%2Fv2%2Fcategories&post=1139"},{"taxonomy":"post_tag","embeddable":true,"href":"https:\/\/www.semioticafactual.com\/index.php?rest_route=%2Fwp%2Fv2%2Ftags&post=1139"}],"curies":[{"name":"wp","href":"https:\/\/api.w.org\/{rel}","templated":true}]}}