{"id":1134,"date":"2011-07-17T20:08:45","date_gmt":"2011-07-17T20:08:45","guid":{"rendered":"http:\/\/www.semioticafactual.com\/?p=1134"},"modified":"2011-07-17T20:32:23","modified_gmt":"2011-07-17T20:32:23","slug":"mas-propuestas-y-comentarios-reciben-en-foro-para-nuevo-codigo-de-procedimientos-penales-2","status":"publish","type":"post","link":"https:\/\/www.semioticafactual.com\/?p=1134","title":{"rendered":"M\u00e1s propuestas y comentarios reciben en foro para nuevo C\u00f3digo de Procedimientos Penales"},"content":{"rendered":"<p><strong><a class=\"highslide\" onclick=\"return vz.expand(this)\" href=\"https:\/\/i0.wp.com\/www.semioticafactual.com\/wp-content\/uploads\/2011\/07\/nota14871.jpg\"><img loading=\"lazy\" decoding=\"async\" data-attachment-id=\"1137\" data-permalink=\"https:\/\/www.semioticafactual.com\/?attachment_id=1137\" data-orig-file=\"https:\/\/i0.wp.com\/www.semioticafactual.com\/wp-content\/uploads\/2011\/07\/nota14871.jpg?fit=4000%2C3000&amp;ssl=1\" data-orig-size=\"4000,3000\" data-comments-opened=\"1\" data-image-meta=\"{&quot;aperture&quot;:&quot;0&quot;,&quot;credit&quot;:&quot;&quot;,&quot;camera&quot;:&quot;&quot;,&quot;caption&quot;:&quot;&quot;,&quot;created_timestamp&quot;:&quot;0&quot;,&quot;copyright&quot;:&quot;&quot;,&quot;focal_length&quot;:&quot;0&quot;,&quot;iso&quot;:&quot;0&quot;,&quot;shutter_speed&quot;:&quot;0&quot;,&quot;title&quot;:&quot;&quot;}\" data-image-title=\"nota1487\" data-image-description=\"\" data-image-caption=\"\" data-medium-file=\"https:\/\/i0.wp.com\/www.semioticafactual.com\/wp-content\/uploads\/2011\/07\/nota14871.jpg?fit=300%2C225&amp;ssl=1\" data-large-file=\"https:\/\/i0.wp.com\/www.semioticafactual.com\/wp-content\/uploads\/2011\/07\/nota14871.jpg?fit=800%2C600&amp;ssl=1\" tabindex=\"0\" role=\"button\" class=\"alignright size-medium wp-image-1137\" title=\"nota1487\" src=\"https:\/\/i0.wp.com\/www.semioticafactual.com\/wp-content\/uploads\/2011\/07\/nota14871-300x225.jpg?resize=300%2C225\" alt=\"\" width=\"300\" height=\"225\" srcset=\"https:\/\/i0.wp.com\/www.semioticafactual.com\/wp-content\/uploads\/2011\/07\/nota14871.jpg?resize=300%2C225&amp;ssl=1 300w, https:\/\/i0.wp.com\/www.semioticafactual.com\/wp-content\/uploads\/2011\/07\/nota14871.jpg?resize=1024%2C768&amp;ssl=1 1024w, https:\/\/i0.wp.com\/www.semioticafactual.com\/wp-content\/uploads\/2011\/07\/nota14871.jpg?w=1600 1600w, https:\/\/i0.wp.com\/www.semioticafactual.com\/wp-content\/uploads\/2011\/07\/nota14871.jpg?w=2400 2400w\" sizes=\"(max-width: 300px) 100vw, 300px\" data-recalc-dims=\"1\" \/><\/a>Nogales, Son. 14 de julio de 2011<\/strong>.- Exitosas resultaron las mesas de an\u00e1lisis y consulta para un nuevo C\u00f3digo de Procedimientos Penales para el Estado de Sonora, al contarse con una nutrida participaci\u00f3n de ciudadanos, litigantes y estudiantes de la carrera de Derecho en esta frontera, en evento realizado en las instalaciones de la Univesidad del Valle de M\u00e9xico.<\/p>\n<p>El presidente de la Comisi\u00f3n de Justicia y Derechos Humanos de la 59 Legislatura del Congreso del Estado, diputado Dami\u00e1n Zepeda Vidales, encabez\u00f3 este foro que tuvo como firme prop\u00f3sito recibir propuestas ciudadanas y de especialistas en la materia.<\/p>\n<p>El encuentro se desarroll\u00f3 el pasado mi\u00e9rcoles por la noche, un evento que adem\u00e1s cont\u00f3 con el apoyo del catedr\u00e1tico Francisco Javier Parra, presidente de la Academia de Derecho de la UVM y por el legislador por Nogales, Mois\u00e9s Casal D\u00edaz.<\/p>\n<p>\u201cEs de suma importancia para nosotros tomar en cuenta la opini\u00f3n de los ciudadanos, de la gente que trabaja con las leyes a diario, las personas que conocen el ramo, es por ello que promovemos este tipo de mesas de an\u00e1lisis para que este C\u00f3digo funcione como debe ser\u201d, expres\u00f3 el diputado Zepeda Vidales.<\/p>\n<p>Uno de los principales puntos de este nuevo C\u00f3digo es que establece los juicios orales y un nuevo esquema acusatorio, donde los objetivos son clarificar los hechos del delito, proteger a la v\u00edctima, aplicar la sanci\u00f3n respectiva y justa al infractor de la Ley, as\u00ed como alcanzar la reparaci\u00f3n del da\u00f1o, sostuvo.<\/p>\n<p>\u201cTenemos que proteger y favorecer a la v\u00edctima, que la justicia sea eficaz y expedita para quienes la busquen, que nuestros abogados y litigantes en Sonora est\u00e9n preparados, que conozcan este nuevo C\u00f3digo y sobre todo, que con su buen trabajo, el sistema de justicia sonorense sea ejemplo a nivel nacional\u201d, agreg\u00f3 el legislador.<\/p>\n<p>Dentro del estudio del C\u00f3digo en las mesas de an\u00e1lisis, lo m\u00e1s destacable fue definir una serie de medidas para su implementaci\u00f3n, como es dotar de un presupuesto suficiente, habilitar la infraestructura necesaria, capacitar a ministerios p\u00fablicos, jueces, abogados y dem\u00e1s participantes en el sistema de justicia, as\u00ed como modificar los planes de estudio de lasuniversidades.<\/p>\n<p>Los dos diputados presentes agradecieron el apoyo de la directora del Campus Nogales de la UVM, Martha Eugenia Reyes Pe\u00f1a, quien por segunda vez cede las instalaciones de la instituci\u00f3n para que este nuevo C\u00f3digo sea revisado por la ciudadan\u00eda nogalense.<\/p>\n","protected":false},"excerpt":{"rendered":"<p>Nogales, Son. 14 de julio de 2011.- Exitosas resultaron las mesas de an\u00e1lisis y consulta para un nuevo C\u00f3digo de Procedimientos Penales para el Estado de Sonora, al contarse con una nutrida participaci\u00f3n de ciudadanos, litigantes y estudiantes de la carrera de Derecho en esta frontera, en evento realizado en las instalaciones de la Univesidad [&hellip;]<\/p>\n","protected":false},"author":1,"featured_media":0,"comment_status":"open","ping_status":"open","sticky":false,"template":"","format":"standard","meta":{"jetpack_post_was_ever_published":false,"_jetpack_newsletter_access":"","_jetpack_dont_email_post_to_subs":false,"_jetpack_newsletter_tier_id":0,"_jetpack_memberships_contains_paywalled_content":false,"_jetpack_memberships_contains_paid_content":false,"footnotes":"","jetpack_publicize_message":"","jetpack_publicize_feature_enabled":true,"jetpack_social_post_already_shared":false,"jetpack_social_options":{"image_generator_settings":{"template":"highway","enabled":false},"version":2}},"categories":[9],"tags":[],"jetpack_publicize_connections":[],"jetpack_featured_media_url":"","jetpack_shortlink":"https:\/\/wp.me\/p2mzaA-ii","jetpack_sharing_enabled":true,"jetpack_likes_enabled":true,"_links":{"self":[{"href":"https:\/\/www.semioticafactual.com\/index.php?rest_route=\/wp\/v2\/posts\/1134"}],"collection":[{"href":"https:\/\/www.semioticafactual.com\/index.php?rest_route=\/wp\/v2\/posts"}],"about":[{"href":"https:\/\/www.semioticafactual.com\/index.php?rest_route=\/wp\/v2\/types\/post"}],"author":[{"embeddable":true,"href":"https:\/\/www.semioticafactual.com\/index.php?rest_route=\/wp\/v2\/users\/1"}],"replies":[{"embeddable":true,"href":"https:\/\/www.semioticafactual.com\/index.php?rest_route=%2Fwp%2Fv2%2Fcomments&post=1134"}],"version-history":[{"count":3,"href":"https:\/\/www.semioticafactual.com\/index.php?rest_route=\/wp\/v2\/posts\/1134\/revisions"}],"predecessor-version":[{"id":1138,"href":"https:\/\/www.semioticafactual.com\/index.php?rest_route=\/wp\/v2\/posts\/1134\/revisions\/1138"}],"wp:attachment":[{"href":"https:\/\/www.semioticafactual.com\/index.php?rest_route=%2Fwp%2Fv2%2Fmedia&parent=1134"}],"wp:term":[{"taxonomy":"category","embeddable":true,"href":"https:\/\/www.semioticafactual.com\/index.php?rest_route=%2Fwp%2Fv2%2Fcategories&post=1134"},{"taxonomy":"post_tag","embeddable":true,"href":"https:\/\/www.semioticafactual.com\/index.php?rest_route=%2Fwp%2Fv2%2Ftags&post=1134"}],"curies":[{"name":"wp","href":"https:\/\/api.w.org\/{rel}","templated":true}]}}