{"id":1100,"date":"2011-07-16T21:38:52","date_gmt":"2011-07-16T21:38:52","guid":{"rendered":"http:\/\/www.semioticafactual.com\/?p=1100"},"modified":"2011-07-16T21:47:11","modified_gmt":"2011-07-16T21:47:11","slug":"1100","status":"publish","type":"post","link":"https:\/\/www.semioticafactual.com\/?p=1100","title":{"rendered":"Impulsar\u00e1 Cano V\u00e9lez proyecto de desarrollo econ\u00f3mico regional en San Luis R\u00edo Colorado\u200f"},"content":{"rendered":"<p><strong>SAN\u00a0 LUIS RIO COLORADO, SON., A 15 DE JULIO DEL 2011.- <\/strong>En el marco de su gira por el municipio de San Luis R\u00edo Colorado, Sonora, el diputado federal Jes\u00fas Alberto Cano V\u00e9lez sostuvo una serie de reuniones con sectores de la regi\u00f3n, quienes le expusieron la grave problem\u00e1tica que enfrentan en materia de desarrollo econ\u00f3mico, electricidad, empleo y abastecimiento de agua, principalmente.<\/p>\n<p>Durante la reuni\u00f3n con las C\u00e1maras Nacionales de Comercio, de la Industria de Restaurantes y Alimentos condimentados y de la Transformaci\u00f3n de San Luis R\u00edo Colorado, el legislador pri\u00edsta subray\u00f3 que este municipio necesita especial atenci\u00f3n de las autoridades, sobre todo porque se trata de una zona que est\u00e1 muy alejada de otras poblaciones.<\/p>\n<p>En su oportunidad, H\u00e9ctor Cervantes, vicepresidente de la C\u00e1mara Nacional de Comercio (Canaco) solicit\u00f3 al legislador federal su intervenci\u00f3n para que puedan exponer a las autoridades federales, un proyecto de desarrollo que ha realizado el sector y cuyo objetivo es detonar el desarrollo regional no s\u00f3lo de San Luis R\u00edo Colorado, sino de poblaciones vecinas como Tijuana y Mexicali.<\/p>\n<p>Al respecto, el congresista federal Jes\u00fas Alberto Cano V\u00e9lez expres\u00f3 que se trata de un proyecto bien estructurado y que de inmediato realizar\u00e1 todas las acciones necesarias para que las autoridades encargadas de la Secretaria de Econom\u00eda lo conozcan sobre todo porque este plan, privilegia el desarrollo regional.<\/p>\n<p>\u201cEstoy orgulloso como sonorense ver la preocupaci\u00f3n que tienen mis paisanos por impulsar las diferentes regiones de mi estado, pero tambi\u00e9n estoy orgulloso como economista, de observar que est\u00e1n concentrados en desarrollar alternativas viables que detonen el desarrollo de la zona sobre todo porque con ello, abatimos la pobreza y el desempleo de la regi\u00f3n\u201d asever\u00f3 el diputado de Sonora.<\/p>\n<p>Por su parte, los integrantes de la C\u00e1mara Nacional de la Industria de la Transformaci\u00f3n (Canacintra) subrayaron la urgencia porque los tres niveles de gobierno a fin de encontrar las mejores soluciones a temas como el agua, gas y cobro de tarifas el\u00e9ctricas.<\/p>\n<p>En este sentido, el sector industrial expres\u00f3 que uno de los problemas que enfrenta su desarrollo en la regi\u00f3n es el asunto de las tarifas el\u00e9ctricas, sobre todo si consideramos que la ciudad de Mexicali cuenta con cuotas m\u00e1s accesibles que en esta regi\u00f3n de Sonora, por lo que muchas veces las industrias prefieren instalarse en el estado vecino que aqu\u00ed.<\/p>\n<p>En su oportunidad, al reunirse con la industria maquiladora, este sector extern\u00f3 su preocupaci\u00f3n no s\u00f3lo porque en los \u00faltimos a\u00f1os han perdido alrededor de 14 mil empleos, sino la falta de apoyo por parte de las autoridades para la industria a pesar de que \u00e9sta es una de las fuentes de empleo m\u00e1s importantes de San Luis R\u00edo Colorado, ya que actualmente de los 24 mil empleados registrados ante el Instituto Mexicano del Seguro Social, 6 mil los emplea este sector.<\/p>\n<p>Finalmente, Cano V\u00e9lez se comprometi\u00f3 a llevar tanto al gobierno estatal como federal, todas y cada una de las problem\u00e1ticas expuestas as\u00ed como a impulsar todos los proyectos productivos para la regi\u00f3n.<\/p>\n<p>Durante la reuni\u00f3n con las C\u00e1maras Nacionales de Comercio, de la Industria de Restaurantes y<br \/>\nAlimentos condimentados y de la Transformaci\u00f3n de San Luis R\u00edo Colorado, el legislador<br \/>\npriista subray\u00f3 que este municipio necesita especial atenci\u00f3n de las autoridades, sobre todo porque se trata de una zona que est\u00e1 muy alejada de otras poblaciones.<\/p>\n<p style=\"text-align: left;\">\n","protected":false},"excerpt":{"rendered":"<p>SAN\u00a0 LUIS RIO COLORADO, SON., A 15 DE JULIO DEL 2011.- En el marco de su gira por el municipio de San Luis R\u00edo Colorado, Sonora, el diputado federal Jes\u00fas Alberto Cano V\u00e9lez sostuvo una serie de reuniones con sectores de la regi\u00f3n, quienes le expusieron la grave problem\u00e1tica que enfrentan en materia de desarrollo [&hellip;]<\/p>\n","protected":false},"author":1,"featured_media":0,"comment_status":"open","ping_status":"open","sticky":false,"template":"","format":"standard","meta":{"jetpack_post_was_ever_published":false,"_jetpack_newsletter_access":"","_jetpack_dont_email_post_to_subs":false,"_jetpack_newsletter_tier_id":0,"_jetpack_memberships_contains_paywalled_content":false,"_jetpack_memberships_contains_paid_content":false,"footnotes":"","jetpack_publicize_message":"","jetpack_publicize_feature_enabled":true,"jetpack_social_post_already_shared":false,"jetpack_social_options":{"image_generator_settings":{"template":"highway","enabled":false},"version":2}},"categories":[1,9],"tags":[],"jetpack_publicize_connections":[],"jetpack_featured_media_url":"","jetpack_shortlink":"https:\/\/wp.me\/s2mzaA-1100","jetpack_sharing_enabled":true,"jetpack_likes_enabled":true,"_links":{"self":[{"href":"https:\/\/www.semioticafactual.com\/index.php?rest_route=\/wp\/v2\/posts\/1100"}],"collection":[{"href":"https:\/\/www.semioticafactual.com\/index.php?rest_route=\/wp\/v2\/posts"}],"about":[{"href":"https:\/\/www.semioticafactual.com\/index.php?rest_route=\/wp\/v2\/types\/post"}],"author":[{"embeddable":true,"href":"https:\/\/www.semioticafactual.com\/index.php?rest_route=\/wp\/v2\/users\/1"}],"replies":[{"embeddable":true,"href":"https:\/\/www.semioticafactual.com\/index.php?rest_route=%2Fwp%2Fv2%2Fcomments&post=1100"}],"version-history":[{"count":6,"href":"https:\/\/www.semioticafactual.com\/index.php?rest_route=\/wp\/v2\/posts\/1100\/revisions"}],"predecessor-version":[{"id":1108,"href":"https:\/\/www.semioticafactual.com\/index.php?rest_route=\/wp\/v2\/posts\/1100\/revisions\/1108"}],"wp:attachment":[{"href":"https:\/\/www.semioticafactual.com\/index.php?rest_route=%2Fwp%2Fv2%2Fmedia&parent=1100"}],"wp:term":[{"taxonomy":"category","embeddable":true,"href":"https:\/\/www.semioticafactual.com\/index.php?rest_route=%2Fwp%2Fv2%2Fcategories&post=1100"},{"taxonomy":"post_tag","embeddable":true,"href":"https:\/\/www.semioticafactual.com\/index.php?rest_route=%2Fwp%2Fv2%2Ftags&post=1100"}],"curies":[{"name":"wp","href":"https:\/\/api.w.org\/{rel}","templated":true}]}}