{"id":1095,"date":"2011-07-16T18:56:31","date_gmt":"2011-07-16T18:56:31","guid":{"rendered":"http:\/\/www.semioticafactual.com\/?p=1095"},"modified":"2011-07-16T21:15:31","modified_gmt":"2011-07-16T21:15:31","slug":"1095","status":"publish","type":"post","link":"https:\/\/www.semioticafactual.com\/?p=1095","title":{"rendered":"Humberto Robles Pompa se compremete con la militancia priista de Nogales."},"content":{"rendered":"<p style=\"text-align: left;\"><strong>Nogales, Son., 15 de Julio, 2011.-<\/strong> A redoblar el paso y enfocar\u00a0 los resultados en beneficio de la gente para<br \/>\nrecuperar con trabajo la Presidencia de la Rep\u00fablica, llam\u00f3 Claudia Pavlovich a<br \/>\nmilitantes y simpatizantes durante su gira por Nogales, donde renov\u00f3 el Comit\u00e9<br \/>\nMunicipal, con Humberto Robles Pompa en la presidencia y Yanula Orozco Ruiz.<\/p>\n<p style=\"text-align: left;\">\u00a0Al resaltar el compromiso adquirido por quienes han asumido las dirigencias en los municipios,<br \/>\nla presidenta del PRI advirti\u00f3 sobre los intentos de los adversarios para generar divisi\u00f3n entre los pri\u00edstas, por lo que se debe cerrar el paso a<br \/>\nambiciones personales o de grupo.<\/p>\n<p style=\"text-align: left;\">Tras rendir protesta como presidente del Comit\u00e9 Municipal en Nogales, Humberto Robles Pompa se<br \/>\ncomprometi\u00f3 a aplicar el mayor de sus esfuerzos para motivar y generar acuerdos<br \/>\nque ayuden a fortalecer al PRI en esta frontera, \u201cpues si los pri\u00edstas est\u00e1n<br \/>\nunidos, nadie puede vencernos\u201d.<\/p>\n<p style=\"text-align: left;\">En el evento al que se dieron cita la secretaria general del PRI Estatal, Guadalupe Aguirre, el<br \/>\ndiputado federal Miguel Pompa Corella, as\u00ed como los legisladores locales<br \/>\nRoberto Ruibal, Daniel C\u00f3rdova, Manuel Madero, Ulises Crist\u00f3pulos, as\u00ed como los<br \/>\ndirigentes, Gloria Galindo, de OMPRI; Eduardo Ortega, del FJR y \u00a0Julio L\u00f3pez Ceja, de M\u00e9xico Nuevo.<\/p>\n<p style=\"text-align: left;\">Contando tambi\u00e9n en el pres\u00eddium con el delegado en Nogales para supervisar el proceso interno,<br \/>\nDaniel Hidalgo, as\u00ed como tambi\u00e9n Javier Villareal, de la CTM, estando presentes<br \/>\nlos alcaldes de Cananea, Reginaldo Moreno; de Magdalena, Melecio Chavar\u00edn y<br \/>\nVicente Ter\u00e1n, de Agua Prieta.<\/p>\n<p style=\"text-align: left;\">\u00a0En esta etapa de renovaci\u00f3n, los pri\u00edstas nogalenses inauguraron las oficinas del PRI en esta frontera<br \/>\nlocalizada en pleno centro de la ciudad, desde donde habr\u00e1n de dirigirse<br \/>\nacciones y programas en beneficio de los habitantes de este municipio.<\/p>\n<p style=\"text-align: left;\">En este acto, la presidenta del PRI aprovech\u00f3 para sostener la primera reuni\u00f3n de trabajo, al<br \/>\natender a junto a Robles Pompa a un grupo de taxistas, encabezados por Crisp\u00edn<br \/>\nOrozco y Mario Cort\u00e9s Oliver, quienes expusieron una serie de inconvenientes<br \/>\nque les dificulta desarrollar su trabajo, sobre todo en el primer cuadro de la<br \/>\nciudad.<\/p>\n<p style=\"text-align: left;\">La dirigente estatal pri\u00edsta aprovech\u00f3 tambi\u00e9n su estancia en Nogales para sostener una reuni\u00f3n con<br \/>\nj\u00f3venes, en un encuentro organizado por el dirigente del Frente Juvenil\u00a0 Revolucionario Alberto Gallego Cervantes,\u00a0 al cual acudieron universitarios y reci\u00e9n egresados, quienes expusieron la dificultad para encontrar trabajo.<\/p>\n<p style=\"text-align: left;\">\u00a0<a class=\"highslide\" onclick=\"return vz.expand(this)\" href=\"https:\/\/i0.wp.com\/www.semioticafactual.com\/wp-content\/uploads\/2011\/07\/NOGALES.jpg\"><img loading=\"lazy\" decoding=\"async\" data-attachment-id=\"1096\" data-permalink=\"https:\/\/www.semioticafactual.com\/?attachment_id=1096\" data-orig-file=\"https:\/\/i0.wp.com\/www.semioticafactual.com\/wp-content\/uploads\/2011\/07\/NOGALES.jpg?fit=1500%2C1000&amp;ssl=1\" data-orig-size=\"1500,1000\" data-comments-opened=\"1\" data-image-meta=\"{&quot;aperture&quot;:&quot;0&quot;,&quot;credit&quot;:&quot;&quot;,&quot;camera&quot;:&quot;&quot;,&quot;caption&quot;:&quot;&quot;,&quot;created_timestamp&quot;:&quot;0&quot;,&quot;copyright&quot;:&quot;&quot;,&quot;focal_length&quot;:&quot;0&quot;,&quot;iso&quot;:&quot;0&quot;,&quot;shutter_speed&quot;:&quot;0&quot;,&quot;title&quot;:&quot;&quot;}\" data-image-title=\"NOGALES\" data-image-description=\"\" data-image-caption=\"\" data-medium-file=\"https:\/\/i0.wp.com\/www.semioticafactual.com\/wp-content\/uploads\/2011\/07\/NOGALES.jpg?fit=300%2C200&amp;ssl=1\" data-large-file=\"https:\/\/i0.wp.com\/www.semioticafactual.com\/wp-content\/uploads\/2011\/07\/NOGALES.jpg?fit=800%2C533&amp;ssl=1\" tabindex=\"0\" role=\"button\" class=\"alignright size-medium wp-image-1096\" title=\"NOGALES\" src=\"https:\/\/i0.wp.com\/www.semioticafactual.com\/wp-content\/uploads\/2011\/07\/NOGALES-300x200.jpg?resize=300%2C200\" alt=\"\" width=\"300\" height=\"200\" srcset=\"https:\/\/i0.wp.com\/www.semioticafactual.com\/wp-content\/uploads\/2011\/07\/NOGALES.jpg?resize=300%2C200&amp;ssl=1 300w, https:\/\/i0.wp.com\/www.semioticafactual.com\/wp-content\/uploads\/2011\/07\/NOGALES.jpg?resize=1024%2C682&amp;ssl=1 1024w, https:\/\/i0.wp.com\/www.semioticafactual.com\/wp-content\/uploads\/2011\/07\/NOGALES.jpg?w=1500&amp;ssl=1 1500w\" sizes=\"(max-width: 300px) 100vw, 300px\" data-recalc-dims=\"1\" \/><\/a>Con la presencia de Edmundo Campa, dirigente del movimiento Alianza y Revoluci\u00f3n,\u00a0 los j\u00f3venes destacaron la necesidad de<br \/>\nmotivar espacios que aliente el arte y la cultura, as\u00ed como actividades<br \/>\ndeportivas, pues en las actuales circunstancias resultan presa f\u00e1cil para<br \/>\nquienes desde actividades il\u00edcitas generan severos da\u00f1os sociales.<\/p>\n","protected":false},"excerpt":{"rendered":"<p>Nogales, Son., 15 de Julio, 2011.- A redoblar el paso y enfocar\u00a0 los resultados en beneficio de la gente para recuperar con trabajo la Presidencia de la Rep\u00fablica, llam\u00f3 Claudia Pavlovich a militantes y simpatizantes durante su gira por Nogales, donde renov\u00f3 el Comit\u00e9 Municipal, con Humberto Robles Pompa en la presidencia y Yanula Orozco [&hellip;]<\/p>\n","protected":false},"author":1,"featured_media":0,"comment_status":"open","ping_status":"open","sticky":false,"template":"","format":"standard","meta":{"jetpack_post_was_ever_published":false,"_jetpack_newsletter_access":"","_jetpack_dont_email_post_to_subs":false,"_jetpack_newsletter_tier_id":0,"_jetpack_memberships_contains_paywalled_content":false,"_jetpack_memberships_contains_paid_content":false,"footnotes":"","jetpack_publicize_message":"","jetpack_publicize_feature_enabled":true,"jetpack_social_post_already_shared":false,"jetpack_social_options":{"image_generator_settings":{"template":"highway","enabled":false},"version":2}},"categories":[14],"tags":[],"jetpack_publicize_connections":[],"jetpack_featured_media_url":"","jetpack_shortlink":"https:\/\/wp.me\/s2mzaA-1095","jetpack_sharing_enabled":true,"jetpack_likes_enabled":true,"_links":{"self":[{"href":"https:\/\/www.semioticafactual.com\/index.php?rest_route=\/wp\/v2\/posts\/1095"}],"collection":[{"href":"https:\/\/www.semioticafactual.com\/index.php?rest_route=\/wp\/v2\/posts"}],"about":[{"href":"https:\/\/www.semioticafactual.com\/index.php?rest_route=\/wp\/v2\/types\/post"}],"author":[{"embeddable":true,"href":"https:\/\/www.semioticafactual.com\/index.php?rest_route=\/wp\/v2\/users\/1"}],"replies":[{"embeddable":true,"href":"https:\/\/www.semioticafactual.com\/index.php?rest_route=%2Fwp%2Fv2%2Fcomments&post=1095"}],"version-history":[{"count":3,"href":"https:\/\/www.semioticafactual.com\/index.php?rest_route=\/wp\/v2\/posts\/1095\/revisions"}],"predecessor-version":[{"id":1098,"href":"https:\/\/www.semioticafactual.com\/index.php?rest_route=\/wp\/v2\/posts\/1095\/revisions\/1098"}],"wp:attachment":[{"href":"https:\/\/www.semioticafactual.com\/index.php?rest_route=%2Fwp%2Fv2%2Fmedia&parent=1095"}],"wp:term":[{"taxonomy":"category","embeddable":true,"href":"https:\/\/www.semioticafactual.com\/index.php?rest_route=%2Fwp%2Fv2%2Fcategories&post=1095"},{"taxonomy":"post_tag","embeddable":true,"href":"https:\/\/www.semioticafactual.com\/index.php?rest_route=%2Fwp%2Fv2%2Ftags&post=1095"}],"curies":[{"name":"wp","href":"https:\/\/api.w.org\/{rel}","templated":true}]}}