{"id":1091,"date":"2011-07-16T18:26:04","date_gmt":"2011-07-16T18:26:04","guid":{"rendered":"http:\/\/www.semioticafactual.com\/?p=1091"},"modified":"2011-07-16T18:26:41","modified_gmt":"2011-07-16T18:26:41","slug":"emboscadas-dejan-10-policias-muertos-eran-escoltas-de-cordova","status":"publish","type":"post","link":"https:\/\/www.semioticafactual.com\/?p=1091","title":{"rendered":"En Sinaloa emboscadas dejan 10 polic\u00edas muertos; eran escoltas de C\u00f3rdova"},"content":{"rendered":"<p>TOMADO DE INTERNET. RIO DOCE\/READACCION 15 DE JULIO<\/p>\n<div class=\"mceTemp\">\n<dl id=\"attachment_1092\" class=\"wp-caption alignright\" style=\"width: 310px;\">\n<dt class=\"wp-caption-dt\"><a class=\"highslide\" onclick=\"return vz.expand(this)\" href=\"https:\/\/i0.wp.com\/www.semioticafactual.com\/wp-content\/uploads\/2011\/07\/ImagenAltaDeFotogaleria1.jpg\"><img loading=\"lazy\" decoding=\"async\" data-attachment-id=\"1092\" data-permalink=\"https:\/\/www.semioticafactual.com\/?attachment_id=1092\" data-orig-file=\"https:\/\/i0.wp.com\/www.semioticafactual.com\/wp-content\/uploads\/2011\/07\/ImagenAltaDeFotogaleria1.jpg?fit=600%2C354&amp;ssl=1\" data-orig-size=\"600,354\" data-comments-opened=\"1\" data-image-meta=\"{&quot;aperture&quot;:&quot;0&quot;,&quot;credit&quot;:&quot;&quot;,&quot;camera&quot;:&quot;&quot;,&quot;caption&quot;:&quot;&quot;,&quot;created_timestamp&quot;:&quot;0&quot;,&quot;copyright&quot;:&quot;&quot;,&quot;focal_length&quot;:&quot;0&quot;,&quot;iso&quot;:&quot;0&quot;,&quot;shutter_speed&quot;:&quot;0&quot;,&quot;title&quot;:&quot;&quot;}\" data-image-title=\"ImagenAltaDeFotogaleria[1]\" data-image-description=\"\" data-image-caption=\"&lt;p&gt;\u00abfoto periodico en debate\u00bb&lt;\/p&gt;\n\" data-medium-file=\"https:\/\/i0.wp.com\/www.semioticafactual.com\/wp-content\/uploads\/2011\/07\/ImagenAltaDeFotogaleria1.jpg?fit=300%2C177&amp;ssl=1\" data-large-file=\"https:\/\/i0.wp.com\/www.semioticafactual.com\/wp-content\/uploads\/2011\/07\/ImagenAltaDeFotogaleria1.jpg?fit=600%2C354&amp;ssl=1\" tabindex=\"0\" role=\"button\" class=\"size-medium wp-image-1092\" title=\"ImagenAltaDeFotogaleria[1]\" src=\"https:\/\/i0.wp.com\/www.semioticafactual.com\/wp-content\/uploads\/2011\/07\/ImagenAltaDeFotogaleria1-300x177.jpg?resize=300%2C177\" alt=\"\" width=\"300\" height=\"177\" srcset=\"https:\/\/i0.wp.com\/www.semioticafactual.com\/wp-content\/uploads\/2011\/07\/ImagenAltaDeFotogaleria1.jpg?resize=300%2C177&amp;ssl=1 300w, https:\/\/i0.wp.com\/www.semioticafactual.com\/wp-content\/uploads\/2011\/07\/ImagenAltaDeFotogaleria1.jpg?w=600&amp;ssl=1 600w\" sizes=\"(max-width: 300px) 100vw, 300px\" data-recalc-dims=\"1\" \/><\/a><\/dt>\n<dd class=\"wp-caption-dd\">\u00abfoto periodico en debate\u00bb<\/dd>\n<\/dl>\n<p>Dos emboscadas perpetradas esta tarde contra los grupos especiales de las polic\u00edas estatales de Sinaloa dejaron en Los Mochis y en Guasave, hasta el momento, 10 polic\u00edas muertos muertos, una v\u00edctima colateral y varios agentes m\u00e1s heridos. Los agentes victimados eran escoltas del secretario de Seguridad, Francisco C\u00f3rdova Celaya.<\/p>\n<\/div>\n<p>Informes preeliminares indican que el primer ataque ocurri\u00f3 en el sector Jijilpan de Los Mochis, por el bulevar Antonio Rosales, en donde un grupo de la Polic\u00eda Ministerial fue atacado, dejando como saldo dos polic\u00edas heridos. Este ataque ocurri\u00f3 hacia las 16:00 horas.<\/p>\n<p>Una hora m\u00e1s tarde, un convoy del Grupo Elite de la Polic\u00eda Estatal Preventiva, que horas antes hab\u00edan viajado con el secretario de Seguridad P\u00fablica, Francisco C\u00f3rdova Celaya, a Los Mochis, fue emboscado sobre la carretera M\u00e9xico-15, en el municipio de Guasave, a la altura de la calle 19, cerca del entronque con El Naranjo.<\/p>\n<p>Ah\u00ed, la refriega dej\u00f3 como saldo 10 polic\u00edas muertos sobre la r\u00faa federal y varias patrullas baleadas. Los cuerpos quedaron a un lado de las patrullas, uno m\u00e1s en un cultivo y otro muri\u00f3 cuando era trasladado en una ambulancia a un hospital.<\/p>\n<p>Un civil de nombre \u00c1lvaro Gallardo, quien era empleado de una tortiller\u00eda de una localidad cercana, muri\u00f3 en el fuego cruzado.<\/p>\n<p>Seg\u00fan informes oficiales, esta caravana era la escolta de C\u00f3rdova Celaya, que hab\u00eda ido a Los Mochis. Sin embargo, la Secretar\u00eda de Seguridad P\u00fablica inform\u00f3 que el secretario se regres\u00f3 de Los Mochis esta tarde en helic\u00f3ptero a Culiac\u00e1n.<\/p>\n<p>La escolta se regres\u00f3 por carretera, y fueron atacados al llegar al lugar citado, en donde al parecer los sicarios ya los esperaban.<\/p>\n<p><strong>Identifican a agentes ca\u00eddos<\/strong><\/p>\n<p>En el ataque murieron los agentes estatales \u00d3scar Ulises Ortega Hern\u00e1ndez, Francisco Torres L\u00f3pez, Ra\u00fal Alberto Mendoza Arredondo, Francisco Javier C\u00e1rdenas Castillo, Guillermo Guadalupe Ordu\u00f1o Ortiz, Andr\u00e9s Leonardo Rubio Beltr\u00e1n,\u00a0 Raul Sauceda Burgos, Norberto Santiago Valencia y Efra\u00edn Salas Torres.<\/p>\n","protected":false},"excerpt":{"rendered":"<p>TOMADO DE INTERNET. RIO DOCE\/READACCION 15 DE JULIO \u00abfoto periodico en debate\u00bb Dos emboscadas perpetradas esta tarde contra los grupos especiales de las polic\u00edas estatales de Sinaloa dejaron en Los Mochis y en Guasave, hasta el momento, 10 polic\u00edas muertos muertos, una v\u00edctima colateral y varios agentes m\u00e1s heridos. Los agentes victimados eran escoltas del [&hellip;]<\/p>\n","protected":false},"author":1,"featured_media":0,"comment_status":"open","ping_status":"open","sticky":false,"template":"","format":"standard","meta":{"jetpack_post_was_ever_published":false,"_jetpack_newsletter_access":"","_jetpack_dont_email_post_to_subs":false,"_jetpack_newsletter_tier_id":0,"_jetpack_memberships_contains_paywalled_content":false,"_jetpack_memberships_contains_paid_content":false,"footnotes":"","jetpack_publicize_message":"","jetpack_publicize_feature_enabled":true,"jetpack_social_post_already_shared":false,"jetpack_social_options":{"image_generator_settings":{"template":"highway","enabled":false},"version":2}},"categories":[1],"tags":[],"jetpack_publicize_connections":[],"jetpack_featured_media_url":"","jetpack_shortlink":"https:\/\/wp.me\/p2mzaA-hB","jetpack_sharing_enabled":true,"jetpack_likes_enabled":true,"_links":{"self":[{"href":"https:\/\/www.semioticafactual.com\/index.php?rest_route=\/wp\/v2\/posts\/1091"}],"collection":[{"href":"https:\/\/www.semioticafactual.com\/index.php?rest_route=\/wp\/v2\/posts"}],"about":[{"href":"https:\/\/www.semioticafactual.com\/index.php?rest_route=\/wp\/v2\/types\/post"}],"author":[{"embeddable":true,"href":"https:\/\/www.semioticafactual.com\/index.php?rest_route=\/wp\/v2\/users\/1"}],"replies":[{"embeddable":true,"href":"https:\/\/www.semioticafactual.com\/index.php?rest_route=%2Fwp%2Fv2%2Fcomments&post=1091"}],"version-history":[{"count":2,"href":"https:\/\/www.semioticafactual.com\/index.php?rest_route=\/wp\/v2\/posts\/1091\/revisions"}],"predecessor-version":[{"id":1094,"href":"https:\/\/www.semioticafactual.com\/index.php?rest_route=\/wp\/v2\/posts\/1091\/revisions\/1094"}],"wp:attachment":[{"href":"https:\/\/www.semioticafactual.com\/index.php?rest_route=%2Fwp%2Fv2%2Fmedia&parent=1091"}],"wp:term":[{"taxonomy":"category","embeddable":true,"href":"https:\/\/www.semioticafactual.com\/index.php?rest_route=%2Fwp%2Fv2%2Fcategories&post=1091"},{"taxonomy":"post_tag","embeddable":true,"href":"https:\/\/www.semioticafactual.com\/index.php?rest_route=%2Fwp%2Fv2%2Ftags&post=1091"}],"curies":[{"name":"wp","href":"https:\/\/api.w.org\/{rel}","templated":true}]}}