{"id":1087,"date":"2011-07-15T15:51:48","date_gmt":"2011-07-15T15:51:48","guid":{"rendered":"http:\/\/www.semioticafactual.com\/?p=1087"},"modified":"2011-07-15T15:51:48","modified_gmt":"2011-07-15T15:51:48","slug":"el-zancudo-9","status":"publish","type":"post","link":"https:\/\/www.semioticafactual.com\/?p=1087","title":{"rendered":"El ZANCUDO"},"content":{"rendered":"<p><img loading=\"lazy\" decoding=\"async\" data-attachment-id=\"1089\" data-permalink=\"https:\/\/www.semioticafactual.com\/?attachment_id=1089\" data-orig-file=\"https:\/\/i0.wp.com\/www.semioticafactual.com\/wp-content\/uploads\/2011\/07\/Ulises1.jpg?fit=1000%2C1038&amp;ssl=1\" data-orig-size=\"1000,1038\" data-comments-opened=\"1\" data-image-meta=\"{&quot;aperture&quot;:&quot;0&quot;,&quot;credit&quot;:&quot;&quot;,&quot;camera&quot;:&quot;&quot;,&quot;caption&quot;:&quot;&quot;,&quot;created_timestamp&quot;:&quot;0&quot;,&quot;copyright&quot;:&quot;&quot;,&quot;focal_length&quot;:&quot;0&quot;,&quot;iso&quot;:&quot;0&quot;,&quot;shutter_speed&quot;:&quot;0&quot;,&quot;title&quot;:&quot;&quot;}\" data-image-title=\"Ulises\" data-image-description=\"\" data-image-caption=\"\" data-medium-file=\"https:\/\/i0.wp.com\/www.semioticafactual.com\/wp-content\/uploads\/2011\/07\/Ulises1.jpg?fit=289%2C300&amp;ssl=1\" data-large-file=\"https:\/\/i0.wp.com\/www.semioticafactual.com\/wp-content\/uploads\/2011\/07\/Ulises1.jpg?fit=800%2C831&amp;ssl=1\" tabindex=\"0\" role=\"button\" class=\"alignright size-medium wp-image-1089\" title=\"Ulises\" src=\"https:\/\/i0.wp.com\/www.semioticafactual.com\/wp-content\/uploads\/2011\/07\/Ulises1-289x300.jpg?resize=289%2C300\" alt=\"\" width=\"289\" height=\"300\" srcset=\"https:\/\/i0.wp.com\/www.semioticafactual.com\/wp-content\/uploads\/2011\/07\/Ulises1.jpg?resize=289%2C300&amp;ssl=1 289w, https:\/\/i0.wp.com\/www.semioticafactual.com\/wp-content\/uploads\/2011\/07\/Ulises1.jpg?resize=986%2C1024&amp;ssl=1 986w, https:\/\/i0.wp.com\/www.semioticafactual.com\/wp-content\/uploads\/2011\/07\/Ulises1.jpg?w=1000&amp;ssl=1 1000w\" sizes=\"(max-width: 289px) 100vw, 289px\" data-recalc-dims=\"1\" \/>ARTURO SOTO MUNGU\u00ccA<\/p>\n<p>La\u00a0 nueva Ley de Transparencia y Acceso a la Informaci\u00f3n P\u00fablica puede correr la\u00a0 misma suerte que el C\u00f3digo Electoral, que result\u00f3 una ley \u201cparchada\u201d, que no\u00a0 cumple con las expectativas que ten\u00edamos los partidos pol\u00edticos, y puede\u00a0 ocurrir tambi\u00e9n que no se concrete el nombramiento de los nuevos vocales del\u00a0 Instituto de Transparencia, en un caso parecido a lo ocurrido en el Consejo\u00a0 Estatal Electoral.<\/p>\n<p>As\u00ed\u00a0 lo advirti\u00f3 el diputado Ulises Crist\u00f3pulos R\u00edos, al se\u00f1alar que el\u00a0 representante del gobierno estatal en la Mesa T\u00e9cnica donde se discute el tema,\u00a0 se ha ausentado sin explicaci\u00f3n alguna y eso podr\u00eda derivar en que la nueva Ley\u00a0 de Acceso a la Informaci\u00f3n se apruebe sin la participaci\u00f3n del Ejecutivo, con\u00a0 lo que se correr\u00eda el riesgo de que suceda lo que pas\u00f3 con el C\u00f3digo Electoral\u00a0 que, siendo aprobado en el Legislativo, fue \u2018observado\u2019 por el Ejecutivo,\u00a0 viniendo luego una serie de conflictos que desembocaron en una ley \u201cparchada\u201d.<\/p>\n<p>El\u00a0 presidente de la Comisi\u00f3n de Transparencia, Comunicaci\u00f3n y Enlace Social explic\u00f3\u00a0 que la nueva ley ya se encuentra en los \u00faltimos pasos, y eso es importante\u00a0 porque vendr\u00e1 a darle nuevas atribuciones al Instituto de Transparencia\u00a0 Informativa, que tienen que ver con la autonom\u00eda y las facultades\u00a0 sancionadoras, que actualmente tiene el Tribunal Estatal Electoral y de\u00a0 Transparencia Informativa.<\/p>\n<p>La\u00a0 Mesa T\u00e9cnica est\u00e1 integrada por representantes de todas las fracciones\u00a0 parlamentarias, el \u00e1rea Jur\u00eddica del Congreso y un representante del Ejecutivo,\u00a0 que en este caso es Sebasti\u00e1n Sotomayor, quien estuvo participando, pero por\u00a0 razones que desconocemos se retir\u00f3, ya no ha venido y eso nos preocupa, porque\u00a0 corremos el riesgo de que suceda lo mismo que con la reforma electoral, expuso\u00a0 Ulises Crist\u00f3pulos R\u00edos.<\/p>\n<p>\u201cPor\u00a0 eso le pedimos al Ejecutivo que se reintegre a los trabajos, que tome las\u00a0 medidas pertinentes\u00a0 para avanzar en esta\u00a0 ley\u201d, dijo.<\/p>\n<p>Otra\u00a0 parte del proceso que queda pendiente, es lo relativo al nombramiento de tres\u00a0 nuevos vocales del ITI; ya hay dos convocatorias, en la primera de ellas se\u00a0 encuentran inscritos 19 aspirantes, y en la segunda, nueve, pero para sus\u00a0 nombramientos primero debe aprobarse la ley.<\/p>\n<p>\u201cNo\u00a0 existe un plazo perentorio para estos nombramientos, y podr\u00edamos sacarlos en el\u00a0 pr\u00f3ximo periodo ordinario, pero si no hay el acuerdo y la participaci\u00f3n del\u00a0 Ejecutivo, corremos el riesgo de que suceda lo mismo que en el Consejo Estatal\u00a0 Electoral, donde la falta de acuerdos ha provocado que queden los mismos\u201d,\u00a0 dijo.<\/p>\n<p>II<\/p>\n<p>Nos\u00a0 reportan inmensas colas en las oficinas y m\u00f3dulos del ex SUBA (ahora se llama\u00a0 BUS-Sonora) para tramitar la tarjeta de prepago con la que comenzar\u00e1 a operar\u00a0 el servicio de transporte urbano en Hermosillo, Navojoa y Cajeme, a partir de\u00a0 este viernes 15 de julio.<\/p>\n<p>La\u00a0 raza se encontraba bastante molesta, porque definitivamente el personal y los\u00a0 sistemas no se daban abasto para atender a tantos usuarios. De hecho, lo m\u00e1s\u00a0 seguro es que hoy, cuando comiencen a recibirse los pagos con la famosa\u00a0 tarjeta, muchos usuarios no la tendr\u00e1n consigo.<\/p>\n<p>Eso\u00a0 tiene una implicaci\u00f3n seria, porque como es sabido, la tarjeta permitir\u00e1 al\u00a0 usuario pagar cinco pesos como tarifa del transporte urbano, misma que es\u00a0 subsidiada por el gobierno estatal con dos pesos por viaje. Eso significa que\u00a0 quien no la tenga consigo deber\u00e1 pagar siete pesos por el servicio, lo que hace\u00a0 prever una serie de manifestaciones de inconformidad durante el d\u00eda de hoy y\u00a0 los que vienen.<\/p>\n<p>Sobre\u00a0 todo, se pondr\u00e1 a prueba la resistencia de los usuarios en aquellos casos en\u00a0 que aborden los camiones que a\u00fan carecen de equipo de refrigeraci\u00f3n, o que los\u00a0 traigan descompuestos y en mal estado, ya que la tarifa pagada es por un\u00a0 servicio refrigerado, lo que no ocurre en muchos casos, al menos en Hermosillo,\u00a0 donde a\u00fan se encuentran circulando bastantes unidades en p\u00e9simas condiciones.\u00a0 Hoy se sabr\u00e1 qu\u00e9 es lo que pasa.<\/p>\n<p>De\u00a0 \u00faltima hora, informan que el plazo para tramitar la tarjeta, se prorrog\u00f3 hasta\u00a0 el pr\u00f3ximo lunes.<\/p>\n<p><strong><a href=\"mailto:chaposoto67@hotmail.com\">chaposoto67@hotmail.com<\/a><\/strong><\/p>\n","protected":false},"excerpt":{"rendered":"<p>ARTURO SOTO MUNGU\u00ccA La\u00a0 nueva Ley de Transparencia y Acceso a la Informaci\u00f3n P\u00fablica puede correr la\u00a0 misma suerte que el C\u00f3digo Electoral, que result\u00f3 una ley \u201cparchada\u201d, que no\u00a0 cumple con las expectativas que ten\u00edamos los partidos pol\u00edticos, y puede\u00a0 ocurrir tambi\u00e9n que no se concrete el nombramiento de los nuevos vocales del\u00a0 Instituto [&hellip;]<\/p>\n","protected":false},"author":1,"featured_media":0,"comment_status":"open","ping_status":"open","sticky":false,"template":"","format":"standard","meta":{"jetpack_post_was_ever_published":false,"_jetpack_newsletter_access":"","_jetpack_dont_email_post_to_subs":false,"_jetpack_newsletter_tier_id":0,"_jetpack_memberships_contains_paywalled_content":false,"_jetpack_memberships_contains_paid_content":false,"footnotes":"","jetpack_publicize_message":"","jetpack_publicize_feature_enabled":true,"jetpack_social_post_already_shared":false,"jetpack_social_options":{"image_generator_settings":{"template":"highway","enabled":false},"version":2}},"categories":[21,1,14],"tags":[],"jetpack_publicize_connections":[],"jetpack_featured_media_url":"","jetpack_shortlink":"https:\/\/wp.me\/p2mzaA-hx","jetpack_sharing_enabled":true,"jetpack_likes_enabled":true,"_links":{"self":[{"href":"https:\/\/www.semioticafactual.com\/index.php?rest_route=\/wp\/v2\/posts\/1087"}],"collection":[{"href":"https:\/\/www.semioticafactual.com\/index.php?rest_route=\/wp\/v2\/posts"}],"about":[{"href":"https:\/\/www.semioticafactual.com\/index.php?rest_route=\/wp\/v2\/types\/post"}],"author":[{"embeddable":true,"href":"https:\/\/www.semioticafactual.com\/index.php?rest_route=\/wp\/v2\/users\/1"}],"replies":[{"embeddable":true,"href":"https:\/\/www.semioticafactual.com\/index.php?rest_route=%2Fwp%2Fv2%2Fcomments&post=1087"}],"version-history":[{"count":1,"href":"https:\/\/www.semioticafactual.com\/index.php?rest_route=\/wp\/v2\/posts\/1087\/revisions"}],"predecessor-version":[{"id":1090,"href":"https:\/\/www.semioticafactual.com\/index.php?rest_route=\/wp\/v2\/posts\/1087\/revisions\/1090"}],"wp:attachment":[{"href":"https:\/\/www.semioticafactual.com\/index.php?rest_route=%2Fwp%2Fv2%2Fmedia&parent=1087"}],"wp:term":[{"taxonomy":"category","embeddable":true,"href":"https:\/\/www.semioticafactual.com\/index.php?rest_route=%2Fwp%2Fv2%2Fcategories&post=1087"},{"taxonomy":"post_tag","embeddable":true,"href":"https:\/\/www.semioticafactual.com\/index.php?rest_route=%2Fwp%2Fv2%2Ftags&post=1087"}],"curies":[{"name":"wp","href":"https:\/\/api.w.org\/{rel}","templated":true}]}}