{"id":1083,"date":"2011-07-15T15:37:53","date_gmt":"2011-07-15T15:37:53","guid":{"rendered":"http:\/\/www.semioticafactual.com\/?p=1083"},"modified":"2011-07-15T15:37:53","modified_gmt":"2011-07-15T15:37:53","slug":"voz-sport-7","status":"publish","type":"post","link":"https:\/\/www.semioticafactual.com\/?p=1083","title":{"rendered":"VOZ SPORT"},"content":{"rendered":"<p style=\"text-align: center;\" align=\"center\"><strong>\u201cEl destino de Joakim Soria\u201d<\/strong><\/p>\n<p><strong>Por Rafael Renter\u00eda<\/strong><\/p>\n<p style=\"text-align: left;\"><a href=\"mailto:renteria_rafael@hotmail.com\"><strong>renteria_rafael@hotmail.com<\/strong><\/a><\/p>\n<p><strong><a class=\"highslide\" onclick=\"return vz.expand(this)\" href=\"https:\/\/i0.wp.com\/www.semioticafactual.com\/wp-content\/uploads\/2011\/07\/g_yovani_gallardo1_576x3241.gif\"><img loading=\"lazy\" decoding=\"async\" data-attachment-id=\"1085\" data-permalink=\"https:\/\/www.semioticafactual.com\/?attachment_id=1085\" data-orig-file=\"https:\/\/i0.wp.com\/www.semioticafactual.com\/wp-content\/uploads\/2011\/07\/g_yovani_gallardo1_576x3241.gif?fit=576%2C324&amp;ssl=1\" data-orig-size=\"576,324\" data-comments-opened=\"1\" data-image-meta=\"{&quot;aperture&quot;:&quot;0&quot;,&quot;credit&quot;:&quot;&quot;,&quot;camera&quot;:&quot;&quot;,&quot;caption&quot;:&quot;&quot;,&quot;created_timestamp&quot;:&quot;0&quot;,&quot;copyright&quot;:&quot;&quot;,&quot;focal_length&quot;:&quot;0&quot;,&quot;iso&quot;:&quot;0&quot;,&quot;shutter_speed&quot;:&quot;0&quot;,&quot;title&quot;:&quot;&quot;}\" data-image-title=\"g_yovani_gallardo1_576x324\" data-image-description=\"\" data-image-caption=\"\" data-medium-file=\"https:\/\/i0.wp.com\/www.semioticafactual.com\/wp-content\/uploads\/2011\/07\/g_yovani_gallardo1_576x3241.gif?fit=300%2C168&amp;ssl=1\" data-large-file=\"https:\/\/i0.wp.com\/www.semioticafactual.com\/wp-content\/uploads\/2011\/07\/g_yovani_gallardo1_576x3241.gif?fit=576%2C324&amp;ssl=1\" tabindex=\"0\" role=\"button\" class=\"alignright size-medium wp-image-1085\" title=\"g_yovani_gallardo1_576x324\" src=\"https:\/\/i0.wp.com\/www.semioticafactual.com\/wp-content\/uploads\/2011\/07\/g_yovani_gallardo1_576x3241-300x168.gif?resize=300%2C168\" alt=\"\" width=\"300\" height=\"168\" srcset=\"https:\/\/i0.wp.com\/www.semioticafactual.com\/wp-content\/uploads\/2011\/07\/g_yovani_gallardo1_576x3241.gif?resize=300%2C168&amp;ssl=1 300w, https:\/\/i0.wp.com\/www.semioticafactual.com\/wp-content\/uploads\/2011\/07\/g_yovani_gallardo1_576x3241.gif?w=576&amp;ssl=1 576w\" sizes=\"(max-width: 300px) 100vw, 300px\" data-recalc-dims=\"1\" \/><\/a>La segunda mitad de la temporada ya<br \/>\nempez\u00f3 y algunos e\u00a0\u00a0 quipos que van bien<br \/>\nen la tabla o tienen posibilidades de mejorar ya est\u00e1n pensando en que<br \/>\njugadores podr\u00edan ayudarles a llegar a su objetivo: postemporada.<\/strong><\/p>\n<p>Nombres<br \/>\nvan nombres vienen. En el \u00faltimo mes pr\u00e1cticamente no se dejaba de hablar de<br \/>\ncambiar a <strong>Francisco<\/strong> <strong>Rodr\u00edguez<\/strong> quien ya se fue a Cerveceros,<br \/>\n<strong>Carlos<\/strong> <strong>Beltr\u00e1n<\/strong>, <strong>Iv\u00e1n<\/strong> <strong>Rodr\u00edguez<\/strong>, <strong>David<\/strong> <strong>Wrigth<\/strong>, <strong>Carlos<\/strong> <strong>Pe\u00f1a<\/strong>, <strong>Carlos<\/strong> <strong>Zambrano, Nelson Cruz<\/strong> e inclusive el<br \/>\nmexicano <strong>Joakim<\/strong> <strong>Soria<\/strong>.<\/p>\n<p>Este<br \/>\nlanzador y jugador emblem\u00e1tico ya de los Reales de Kansas City por lo realizado<br \/>\nen los \u00faltimos a\u00f1os con ellos, es sin lugar a dudas un activo muy importante<br \/>\npara varios equipos que requieren de un buen cerrador. Hace meses su nombre<br \/>\nsonaba para irse a varios clubes en especial los propios yanquis, quienes<br \/>\nvieron en \u00e9l podr\u00eda ser el heredero de las glorias de <strong>Mariano<\/strong> <strong>Rivera <\/strong>una vez<br \/>\nque se retirara.<\/p>\n<p>En su<br \/>\nmomento llego a decir que no quer\u00eda salir de Kansas City e inclusive ni<br \/>\nsiquiera a los mismisimos yanquis, el mejor equipo del mundo en cuanto a<br \/>\nt\u00edtulos; al equipo donde jug\u00f3 <strong>Babe<\/strong> <strong>Ruth<\/strong>, <strong>Mickey<\/strong> <strong>Mantle<\/strong>, <strong>Lou<\/strong> <strong>Gerigh<\/strong>, <strong>Joe<\/strong> <strong>Dimaggio<\/strong>, <strong>Reggie<\/strong> <strong>Jackson<\/strong> y muchos<br \/>\ninmortales m\u00e1s.<\/p>\n<p>Pero<br \/>\nparece que <strong>Joakim<\/strong> pens\u00f3 la situaci\u00f3n<br \/>\ndos veces y su trabajo podr\u00eda cambiar de casaca quiz\u00e1s para antes que concluya<br \/>\nesta campa\u00f1a. Hay una lista importante de clubes que tienen tiempo preguntando<br \/>\na su club que quieren a cambio por llevarse al mexicano a sus filas. Hoy en d\u00eda<br \/>\nlos Dodgers, Rockies y Bravos pudieran ser su nueva casa. Aun contin\u00faa en su<br \/>\nidea de decirles no a escuadras como yanquis, medias rojas, filis, tigres,<br \/>\ncachorros y cardenales. Pareciera que <strong>Soria<\/strong><br \/>\nbusca m\u00e1s que nada tranquilidad y estar en equipos contendientes pero que no<br \/>\nacaparen tanto la atenci\u00f3n como lo ser\u00eda si jugase para los de grandes nominas.<\/p>\n<p>Vamos<br \/>\na ver qu\u00e9 sucede de aqu\u00ed al 31de julio fecha en la cual el cerrador de los<br \/>\nReales de Kansas City podr\u00eda dejar al club o en el otro de los casos continuar<br \/>\ncon ellos tratando de construir un conjunto contendiente gracias al gran<br \/>\ntalento joven que posee. El dinero no creo que sea impedimento para \u00e9l ya que<br \/>\nel a\u00f1o que viene ganar\u00e1 8 millones de d\u00f3lares. Mucho menos seria un problema<br \/>\npara quien se lo lleve\u2026\u2026\u2026\u2026\u2026\u2026\u2026\u2026\u2026\u2026\u2026\u2026\u2026\u2026\u2026\u2026\u2026..<\/p>\n<p>Si ha<br \/>\nhabido un equipo que ya me tiene harto con la serie de dimes y diretes de si<br \/>\ncambian o no a algunos de sus peloteros son los Mets de Nueva York. Antier se<br \/>\ndeshicieron de <strong>K<\/strong>&#8211;<strong>Rod<\/strong> y ahora les quedan <strong>Carlos<\/strong> <strong>Beltr\u00e1n<\/strong>, <strong>David<\/strong> <strong>Wright<\/strong> y quiz\u00e1s hasta <strong>Jos\u00e9<\/strong> <strong>Reyes<\/strong>. En el caso del jardinero <strong>Beltr\u00e1n<\/strong> ya suena con mucha fuerza para formar parte de los Tigres<br \/>\nde Detroit que requieren del apoyo con el bate de ese jugador. Vamos a ver si<br \/>\nen las pr\u00f3ximas horas tambi\u00e9n deja de vestirse con el uniforme de los<br \/>\nMets\u2026\u2026\u2026\u2026\u2026\u2026\u2026\u2026\u2026<\/p>\n<p><strong>Yovani<br \/>\nGallardo <\/strong>de<br \/>\nlos Cerveceros de Milwaukee con sus n\u00fameros previos a la mitad de la campa\u00f1a<br \/>\n(10-5) se convirti\u00f3 en el 4 lanzador mexicano en llegar al menos a 10\u00a0 victorias en ese tramo de la temporada. Los<br \/>\notros fueron <strong>Fernando<\/strong> <strong>Valenzuela<\/strong> (1982-86), <strong>Teodoro<\/strong> <strong>Higuera<\/strong> (1986) y <strong>Esteban<\/strong><br \/>\n<strong>Loaiza<\/strong> (2003). <strong>Jaime<\/strong> <strong>Garc\u00eda<\/strong> se quedo a<br \/>\nnada de unirse a ese selecto grupo ya que su record es de 9-3. Si no fuese sido<br \/>\nv\u00edctima de malos relevos f\u00e1cilmente fuese llegado al juego de estrellas con al<br \/>\nmenos 11 victorias\u2026\u2026\u2026\u2026\u2026\u2026\u2026\u2026.<\/p>\n<p>&nbsp;<\/p>\n<p><strong>Otro que cambio de equipo pero en el<br \/>\nfutbol <\/strong>es<br \/>\nel defensa mexicano <strong>Francisco<\/strong> \u201c<strong>el<\/strong> <strong>Maza<\/strong>\u201d<br \/>\n<strong>Rodr\u00edguez<\/strong> ya que ahora jugar\u00e1 para<br \/>\nel Stuttgart de Alemania. Ese club como recordaremos jugaron hace algunos a\u00f1os <strong>Pavel<\/strong> <strong>Pardo<\/strong> y <strong>Ricardo<\/strong> <strong>Osorio<\/strong>. Su cambio se suma al de hace<br \/>\nunos d\u00edas de <strong>H\u00e9ctor<\/strong> <strong>Moreno<\/strong> quien paso del AZ Alkmaar de<br \/>\nHolanda al Espa\u00f1ol de Barcelona ( club donde hace a\u00f1os jug\u00f3 <strong>Francisco<\/strong> <strong>Palencia<\/strong>).<\/p>\n<p>Lo<br \/>\nimportante de los casos de estos dos futbolistas es que continuar\u00e1n jugando en<br \/>\nmejores ligas, situaci\u00f3n similar que pueda suceder con <strong>Pablo<\/strong> <strong>Barrera<\/strong>, <strong>Efra\u00edn<\/strong> <strong>Ju\u00e1rez<\/strong> y hasta <strong>Andr\u00e9s<\/strong> <strong>Guardado<\/strong>. Este tipo de jugadores si ya<br \/>\ntuvieron la oportunidad de haberse ido de M\u00e9xico no deber\u00edan ni siquiera recibir<br \/>\nllamadas de los equipos mexicanos que nadamas est\u00e1n esperando que les vaya mal<br \/>\no que su club rumore cambiarlos para poder repatriarlos a como d\u00e9 lugar.<\/p>\n<p>Con<br \/>\nesos pensamientos de los equipos mexicanos lo \u00fanico que hacen es retroceder en<br \/>\nel desarrollo de los futbolistas que tienen la capacidad de ligas de las<br \/>\nmejores del mundo. Sino preg\u00fantenle a <strong>Aldo<\/strong><br \/>\n<strong>de<\/strong> <strong>Nigris<\/strong> quien a pesar de su probada calidad tanto con el Monterrey<br \/>\ncomo con la selecci\u00f3n su club Rayados tal parece que est\u00e1 empe\u00f1ado en no<br \/>\ndejarlo irse cuando varios clubes extranjeros tienen la intenci\u00f3n de<br \/>\nllev\u00e1rselo. Entendemos su molestia porque si hay jugadores mexicanos que tienen<br \/>\nla capacidad de triunfar fuera de este pa\u00eds es el propio De <strong>Nigris<\/strong>\u2026\u2026\u2026\u2026\u2026\u2026\u2026\u2026\u2026\u2026\u2026\u2026\u2026\u2026\u2026\u2026\u2026\u2026\u2026..<\/p>\n<p>&nbsp;<\/p>\n<p><strong>Este s\u00e1bado 16 de julio el <\/strong>gimnasio<br \/>\nSolidaridad se vestir\u00e1 de gala para recibir a varios luchadores provenientes<br \/>\ndel Consejo Mundial de Lucha Libre (CMLL) tal es el caso de <strong>La<\/strong> <strong>Sombra<\/strong>,<br \/>\n<strong>M\u00e1ximo<\/strong>, <strong>Mephisto<\/strong> y el guaymense <strong>Rey<\/strong><br \/>\n<strong>Escorpi\u00f3n<\/strong>. Esperemos que los<br \/>\nhermosillenses acudan ah\u00ed al gimnasio solidaridad para presenciar muy buenas<br \/>\nluchas y sobre porque se continuar\u00e1 fomentando el gusto por este deporte,<br \/>\nprincipalmente entre los ni\u00f1os. La cita es a partir de las 8 de la noche y los<br \/>\ncostos ser\u00e1n de 70 pesos ni\u00f1os, 100 adultos\u2026\u2026\u2026\u2026\u2026\u2026\u2026\u2026\u2026\u2026\u2026\u2026\u2026\u2026\u2026\u2026\u2026\u2026\u2026\u2026\u2026\u2026\u2026\u2026\u2026\u2026\u2026..<\/p>\n<p>&nbsp;<\/p>\n<p><strong>M\u00e1s<br \/>\nque contentos deben de estar <\/strong>los j\u00f3venes deportistas sonorenses que<br \/>\nparticiparon\u00a0 en la pasada para olimpiada<br \/>\nnacional. Y es que recibieron de manos del propio director de la CODESON <strong>Vicente<\/strong><br \/>\n<strong>Sagrestano<\/strong> un reconocimiento por sus logros en especial para <strong>Rebeca<br \/>\nValenzuela, Mar\u00eda<\/strong> <strong>Gabriela Castillo, Thiare C\u00e1sarez y Brianda Ornelas<\/strong><br \/>\nya que estas jovencitas fueron quienes ganaron m\u00e1s medallas para la Fuerza<br \/>\nSonora.<\/p>\n<p>Este<br \/>\ntipo de eventos en lo personal son de mi agrado porque se reconoce el esfuerzo<br \/>\ny el talento de los ni\u00f1os, ni\u00f1as y j\u00f3venes que padecen de alguna discapacidad.<br \/>\nUno por a\u00f1os ha visto como a nivel mundial inclusive cuando acaban las<br \/>\nolimpiadas y contin\u00faan las para olimpiadas pr\u00e1cticamente la prensa y las mismas<br \/>\npersonas no toman en cuenta ese evento que al final de cuentas es igual de<br \/>\nvalioso que las propias competencias de los deportistas convencionales.<\/p>\n<p>Y<br \/>\npara no irnos muy lejos, simplemente en este pa\u00eds; M\u00e9xico los atletas<br \/>\nespeciales se llevan siempre de calle en medallas obtenidas a los deportistas<br \/>\nque participan en la otra olimpiada. Se que las comparaciones no deben de<br \/>\nhacerse pero en este caso la realidad es esa: el \u00e9xito de los atletas con<br \/>\nalguna discapacidad en cuanto a obtener preseas es mayor en el papel m\u00e1s no en<br \/>\nla proyecci\u00f3n y reflectores.<\/p>\n<p>Por<br \/>\neso me parece muy buena la disposici\u00f3n y la atenci\u00f3n de las autoridades<br \/>\nestatales de reconocer el trabajo realizado por estos deportistas sonorenses y<br \/>\nde sus entrenadores los cuales d\u00eda a d\u00eda se esfuerzan por sobresalir en cada<br \/>\nuna de sus disciplinas<br \/>\ndeportivas&#8230;&#8230;&#8230;&#8230;&#8230;&#8230;&#8230;&#8230;&#8230;&#8230;&#8230;&#8230;&#8230;&#8230;&#8230;&#8230;&#8230;&#8230;&#8230;&#8230;&#8230;&#8230;&#8230;&#8230;&#8230;&#8230;.<\/p>\n<p>&nbsp;<\/p>\n<p><strong>Y finalmente este domingo se decidir\u00e1 a<br \/>\nuno <\/strong>de<br \/>\nlos finalistas de la Liga Regional Norte de Sonora ya que en el campo de la<br \/>\nReforma se estar\u00e1n midiendo en el s\u00e9ptimo y decisivo partido los Universitarios<br \/>\nde Hermosillo y los Membrilleros de Magdalena. En nuestro caso esperamos que<br \/>\nlos capitalinos puedan alzarse con la victoria y con ello avanzar a la gran<br \/>\nfinal.<\/p>\n<p>&nbsp;<\/p>\n","protected":false},"excerpt":{"rendered":"<p>\u201cEl destino de Joakim Soria\u201d Por Rafael Renter\u00eda renteria_rafael@hotmail.com La segunda mitad de la temporada ya empez\u00f3 y algunos e\u00a0\u00a0 quipos que van bien en la tabla o tienen posibilidades de mejorar ya est\u00e1n pensando en que jugadores podr\u00edan ayudarles a llegar a su objetivo: postemporada. Nombres van nombres vienen. En el \u00faltimo mes pr\u00e1cticamente [&hellip;]<\/p>\n","protected":false},"author":1,"featured_media":0,"comment_status":"open","ping_status":"open","sticky":false,"template":"","format":"standard","meta":{"jetpack_post_was_ever_published":false,"_jetpack_newsletter_access":"","_jetpack_dont_email_post_to_subs":false,"_jetpack_newsletter_tier_id":0,"_jetpack_memberships_contains_paywalled_content":false,"_jetpack_memberships_contains_paid_content":false,"footnotes":"","jetpack_publicize_message":"","jetpack_publicize_feature_enabled":true,"jetpack_social_post_already_shared":false,"jetpack_social_options":{"image_generator_settings":{"template":"highway","enabled":false},"version":2}},"categories":[21,6],"tags":[],"jetpack_publicize_connections":[],"jetpack_featured_media_url":"","jetpack_shortlink":"https:\/\/wp.me\/p2mzaA-ht","jetpack_sharing_enabled":true,"jetpack_likes_enabled":true,"_links":{"self":[{"href":"https:\/\/www.semioticafactual.com\/index.php?rest_route=\/wp\/v2\/posts\/1083"}],"collection":[{"href":"https:\/\/www.semioticafactual.com\/index.php?rest_route=\/wp\/v2\/posts"}],"about":[{"href":"https:\/\/www.semioticafactual.com\/index.php?rest_route=\/wp\/v2\/types\/post"}],"author":[{"embeddable":true,"href":"https:\/\/www.semioticafactual.com\/index.php?rest_route=\/wp\/v2\/users\/1"}],"replies":[{"embeddable":true,"href":"https:\/\/www.semioticafactual.com\/index.php?rest_route=%2Fwp%2Fv2%2Fcomments&post=1083"}],"version-history":[{"count":1,"href":"https:\/\/www.semioticafactual.com\/index.php?rest_route=\/wp\/v2\/posts\/1083\/revisions"}],"predecessor-version":[{"id":1086,"href":"https:\/\/www.semioticafactual.com\/index.php?rest_route=\/wp\/v2\/posts\/1083\/revisions\/1086"}],"wp:attachment":[{"href":"https:\/\/www.semioticafactual.com\/index.php?rest_route=%2Fwp%2Fv2%2Fmedia&parent=1083"}],"wp:term":[{"taxonomy":"category","embeddable":true,"href":"https:\/\/www.semioticafactual.com\/index.php?rest_route=%2Fwp%2Fv2%2Fcategories&post=1083"},{"taxonomy":"post_tag","embeddable":true,"href":"https:\/\/www.semioticafactual.com\/index.php?rest_route=%2Fwp%2Fv2%2Ftags&post=1083"}],"curies":[{"name":"wp","href":"https:\/\/api.w.org\/{rel}","templated":true}]}}