{"id":1080,"date":"2011-07-15T01:36:00","date_gmt":"2011-07-15T01:36:00","guid":{"rendered":"http:\/\/www.semioticafactual.com\/?p=1080"},"modified":"2011-07-15T01:36:00","modified_gmt":"2011-07-15T01:36:00","slug":"comisionados-propietarios-del-pri-nueva-alianza-verde-ecologista-de-mexico-y-convergencia-interponen-denuncia-mediante-recurso-de-revision","status":"publish","type":"post","link":"https:\/\/www.semioticafactual.com\/?p=1080","title":{"rendered":"Comisionados propietarios del PRI, Nueva Alianza, Verde Ecologista de M\u00e9xico y Convergencia interponen denuncia mediante recurso de revisi\u00f3n"},"content":{"rendered":"<p><strong>Hermosillo, Son., a 14 de Julio, 2011.-<\/strong> Debido a que en recientes contrataciones la Presidenta del CEE incurri\u00f3 en severas violaciones al C\u00f3digo Electoral para el Estado de Sonora, al tratarse de personas que figuraron como funcionarios estatales en la actual administraci\u00f3n, representantes legales del PRI, Nueva Alianza, Verde Ecologista y Convergencia, formalizaron la denuncia ante este \u00f3rgano.<\/p>\n<p><a class=\"highslide\" onclick=\"return vz.expand(this)\" href=\"https:\/\/i0.wp.com\/www.semioticafactual.com\/wp-content\/uploads\/2011\/07\/Octavio-Mora-Caro-Denuncia.jpg\"><img loading=\"lazy\" decoding=\"async\" data-attachment-id=\"1081\" data-permalink=\"https:\/\/www.semioticafactual.com\/?attachment_id=1081\" data-orig-file=\"https:\/\/i0.wp.com\/www.semioticafactual.com\/wp-content\/uploads\/2011\/07\/Octavio-Mora-Caro-Denuncia.jpg?fit=960%2C720&amp;ssl=1\" data-orig-size=\"960,720\" data-comments-opened=\"1\" data-image-meta=\"{&quot;aperture&quot;:&quot;0&quot;,&quot;credit&quot;:&quot;&quot;,&quot;camera&quot;:&quot;&quot;,&quot;caption&quot;:&quot;&quot;,&quot;created_timestamp&quot;:&quot;0&quot;,&quot;copyright&quot;:&quot;&quot;,&quot;focal_length&quot;:&quot;0&quot;,&quot;iso&quot;:&quot;0&quot;,&quot;shutter_speed&quot;:&quot;0&quot;,&quot;title&quot;:&quot;&quot;}\" data-image-title=\"Octavio Mora Caro -Denuncia\" data-image-description=\"\" data-image-caption=\"\" data-medium-file=\"https:\/\/i0.wp.com\/www.semioticafactual.com\/wp-content\/uploads\/2011\/07\/Octavio-Mora-Caro-Denuncia.jpg?fit=300%2C225&amp;ssl=1\" data-large-file=\"https:\/\/i0.wp.com\/www.semioticafactual.com\/wp-content\/uploads\/2011\/07\/Octavio-Mora-Caro-Denuncia.jpg?fit=800%2C600&amp;ssl=1\" tabindex=\"0\" role=\"button\" class=\"alignright size-medium wp-image-1081\" title=\"Octavio Mora Caro -Denuncia\" src=\"https:\/\/i0.wp.com\/www.semioticafactual.com\/wp-content\/uploads\/2011\/07\/Octavio-Mora-Caro-Denuncia-300x225.jpg?resize=300%2C225\" alt=\"\" width=\"300\" height=\"225\" srcset=\"https:\/\/i0.wp.com\/www.semioticafactual.com\/wp-content\/uploads\/2011\/07\/Octavio-Mora-Caro-Denuncia.jpg?resize=300%2C225&amp;ssl=1 300w, https:\/\/i0.wp.com\/www.semioticafactual.com\/wp-content\/uploads\/2011\/07\/Octavio-Mora-Caro-Denuncia.jpg?w=960&amp;ssl=1 960w\" sizes=\"(max-width: 300px) 100vw, 300px\" data-recalc-dims=\"1\" \/><\/a>Estas contrataciones, que atentan contra la imparcialidad y la independencia del \u00f3rgano electoral, fueron ejecutadas por la presidente del CEE, Hilda Ben\u00edtez Carre\u00f3n, quien sin tener atribuciones propias en el C\u00f3digo Electoral contrat\u00f3 a Octavio Mora Caro e Israel Gustavo Mu\u00f1oz Quintal, quienes ocupaban recientemente cargos en la actual administraci\u00f3n panista.<\/p>\n<p>De acuerdo a lo previsto en la fracci\u00f3n VIII del art\u00edculo 92 del citado c\u00f3digo, se precisa como requisitos para quien ingresa a \u00e1reas ejecutivas del CEE, \u201cno tener o haber tenido cargo alguno de elecci\u00f3n popular o desempe\u00f1ar un cargo p\u00fablico en las instancias federales, estatales o municipales, durante los \u00faltimos tres a\u00f1os anteriores a la designaci\u00f3n\u201d.<\/p>\n<p>Por tanto, los Comisionados Propietarios de los partidos Revolucionario Institucional, Verde Ecologista de M\u00e9xico, Convergencia y Nueva Alianza, Adolfo Garc\u00eda Morales, Gloria Arl\u00e9n Beltr\u00e1n Garc\u00eda, Manuel Le\u00f3n Zavala y Carlos Sosa Casta\u00f1eda, respectivamente, formalizaron la solicitud del recurso de revisi\u00f3n en los siguientes nombramientos:<\/p>\n<p>Octavio Mora Caro, militante activo del PAN, quien fue contratado por la Presidenta del CEE como director ejecutivo de Asuntos Jur\u00eddicos, a pesar de que tan s\u00f3lo en el 2009, es decir antes de tres a\u00f1os, fungi\u00f3 como representante del Partido Acci\u00f3n Nacional, ante el Instituto Federal Electoral en el Estado de Sonora; adem\u00e1s de haber sido Director Jur\u00eddico de la SIDUR.<\/p>\n<p>En la fracci\u00f3n VII, del art\u00edculo 92 se precisa que quien ingrese al CEE en tareas de acciones ejecutivas no deben tener ni haber tenido \u201ccargo en el Comit\u00e9 Ejecutivo nacional, Estatal, Municipal o su equivalente, de un partido alianza o coalici\u00f3n en los \u00faltimos tres a\u00f1os anteriores a su designaci\u00f3n\u201d.<\/p>\n<p>Israel Gustavo Mu\u00f1oz Quintal, fue designado como Director Ejecutivo de Administraci\u00f3n del CEE, siendo que hace menos de un a\u00f1o fung\u00eda como Director General de Atenci\u00f3n Ciudadana y Protecci\u00f3n Familiar del Gobierno del Estado de Sonora.<\/p>\n<p>La denuncia emitida por los cuatro partidos, explica la omisi\u00f3n por parte de Hilda Ben\u00edtez Carre\u00f3n, ya que de ninguna manera tiene la facultad para efectuar la designaci\u00f3n o nombramiento de Directores Ejecutivos o de funcionarios distintos al de personal con categor\u00eda de T\u00e9cnico, por lo que ha ejercido atribuciones que no le corresponden violentando las disposiciones constitucionales, legales y reglamentarias.<\/p>\n<p>Por tanto, piden que en el marco de la legalidad, se acuerde un procedimiento para la designaci\u00f3n de dichos puestos, bajo el cual los consejeros electorales puedan formular propuestas, debiendo recaer el nombramiento en la persona que cumpla los requisitos que para el cargo determine y haya obtenido la mayor\u00eda de votos de los consejeros electorales en Pleno, para lo cual la Secretar\u00eda del Consejo deber\u00e1 expedir el documento en que conste dicho nombramiento.<\/p>\n<p>&nbsp;<\/p>\n<p>&nbsp;<\/p>\n<p>&nbsp;<\/p>\n<p>&nbsp;<\/p>\n<p><strong><br \/>\n<\/strong><\/p>\n<p><strong><br \/>\n<\/strong><\/p>\n","protected":false},"excerpt":{"rendered":"<p>Hermosillo, Son., a 14 de Julio, 2011.- Debido a que en recientes contrataciones la Presidenta del CEE incurri\u00f3 en severas violaciones al C\u00f3digo Electoral para el Estado de Sonora, al tratarse de personas que figuraron como funcionarios estatales en la actual administraci\u00f3n, representantes legales del PRI, Nueva Alianza, Verde Ecologista y Convergencia, formalizaron la denuncia [&hellip;]<\/p>\n","protected":false},"author":1,"featured_media":0,"comment_status":"open","ping_status":"open","sticky":false,"template":"","format":"standard","meta":{"jetpack_post_was_ever_published":false,"_jetpack_newsletter_access":"","_jetpack_dont_email_post_to_subs":false,"_jetpack_newsletter_tier_id":0,"_jetpack_memberships_contains_paywalled_content":false,"_jetpack_memberships_contains_paid_content":false,"footnotes":"","jetpack_publicize_message":"","jetpack_publicize_feature_enabled":true,"jetpack_social_post_already_shared":false,"jetpack_social_options":{"image_generator_settings":{"template":"highway","enabled":false},"version":2}},"categories":[14],"tags":[],"jetpack_publicize_connections":[],"jetpack_featured_media_url":"","jetpack_shortlink":"https:\/\/wp.me\/p2mzaA-hq","jetpack_sharing_enabled":true,"jetpack_likes_enabled":true,"_links":{"self":[{"href":"https:\/\/www.semioticafactual.com\/index.php?rest_route=\/wp\/v2\/posts\/1080"}],"collection":[{"href":"https:\/\/www.semioticafactual.com\/index.php?rest_route=\/wp\/v2\/posts"}],"about":[{"href":"https:\/\/www.semioticafactual.com\/index.php?rest_route=\/wp\/v2\/types\/post"}],"author":[{"embeddable":true,"href":"https:\/\/www.semioticafactual.com\/index.php?rest_route=\/wp\/v2\/users\/1"}],"replies":[{"embeddable":true,"href":"https:\/\/www.semioticafactual.com\/index.php?rest_route=%2Fwp%2Fv2%2Fcomments&post=1080"}],"version-history":[{"count":1,"href":"https:\/\/www.semioticafactual.com\/index.php?rest_route=\/wp\/v2\/posts\/1080\/revisions"}],"predecessor-version":[{"id":1082,"href":"https:\/\/www.semioticafactual.com\/index.php?rest_route=\/wp\/v2\/posts\/1080\/revisions\/1082"}],"wp:attachment":[{"href":"https:\/\/www.semioticafactual.com\/index.php?rest_route=%2Fwp%2Fv2%2Fmedia&parent=1080"}],"wp:term":[{"taxonomy":"category","embeddable":true,"href":"https:\/\/www.semioticafactual.com\/index.php?rest_route=%2Fwp%2Fv2%2Fcategories&post=1080"},{"taxonomy":"post_tag","embeddable":true,"href":"https:\/\/www.semioticafactual.com\/index.php?rest_route=%2Fwp%2Fv2%2Ftags&post=1080"}],"curies":[{"name":"wp","href":"https:\/\/api.w.org\/{rel}","templated":true}]}}