{"id":1076,"date":"2011-07-15T01:24:10","date_gmt":"2011-07-15T01:24:10","guid":{"rendered":"http:\/\/www.semioticafactual.com\/?p=1076"},"modified":"2011-07-15T01:24:10","modified_gmt":"2011-07-15T01:24:10","slug":"invita-roberto-ruibal-a-nogalenses-a-participar-en-iniciativa-sonora","status":"publish","type":"post","link":"https:\/\/www.semioticafactual.com\/?p=1076","title":{"rendered":"Invita Roberto Ruibal a nogalenses a participar en  Iniciativa Sonora"},"content":{"rendered":"<p>Semioticafactual.com<\/p>\n<div id=\"attachment_1077\" style=\"width: 310px\" class=\"wp-caption alignright\"><a class=\"highslide\" onclick=\"return vz.expand(this)\" href=\"https:\/\/i0.wp.com\/www.semioticafactual.com\/wp-content\/uploads\/2011\/07\/inicaitiva-sonora.jpg\"><img loading=\"lazy\" decoding=\"async\" aria-describedby=\"caption-attachment-1077\" data-attachment-id=\"1077\" data-permalink=\"https:\/\/www.semioticafactual.com\/?attachment_id=1077\" data-orig-file=\"https:\/\/i0.wp.com\/www.semioticafactual.com\/wp-content\/uploads\/2011\/07\/inicaitiva-sonora.jpg?fit=1350%2C783&amp;ssl=1\" data-orig-size=\"1350,783\" data-comments-opened=\"1\" data-image-meta=\"{&quot;aperture&quot;:&quot;0&quot;,&quot;credit&quot;:&quot;&quot;,&quot;camera&quot;:&quot;&quot;,&quot;caption&quot;:&quot;&quot;,&quot;created_timestamp&quot;:&quot;0&quot;,&quot;copyright&quot;:&quot;&quot;,&quot;focal_length&quot;:&quot;0&quot;,&quot;iso&quot;:&quot;0&quot;,&quot;shutter_speed&quot;:&quot;0&quot;,&quot;title&quot;:&quot;&quot;}\" data-image-title=\"inicaitiva sonora\" data-image-description=\"\" data-image-caption=\"&lt;p&gt;\u00abRoberto Ruibal lanza en Nogales \u00abIniciativa Sonora\u00bb&lt;\/p&gt;\n\" data-medium-file=\"https:\/\/i0.wp.com\/www.semioticafactual.com\/wp-content\/uploads\/2011\/07\/inicaitiva-sonora.jpg?fit=300%2C174&amp;ssl=1\" data-large-file=\"https:\/\/i0.wp.com\/www.semioticafactual.com\/wp-content\/uploads\/2011\/07\/inicaitiva-sonora.jpg?fit=800%2C463&amp;ssl=1\" tabindex=\"0\" role=\"button\" class=\"size-medium wp-image-1077\" title=\"inicaitiva sonora\" src=\"https:\/\/i0.wp.com\/www.semioticafactual.com\/wp-content\/uploads\/2011\/07\/inicaitiva-sonora-300x174.jpg?resize=300%2C174\" alt=\"\" width=\"300\" height=\"174\" srcset=\"https:\/\/i0.wp.com\/www.semioticafactual.com\/wp-content\/uploads\/2011\/07\/inicaitiva-sonora.jpg?resize=300%2C174&amp;ssl=1 300w, https:\/\/i0.wp.com\/www.semioticafactual.com\/wp-content\/uploads\/2011\/07\/inicaitiva-sonora.jpg?resize=1024%2C593&amp;ssl=1 1024w, https:\/\/i0.wp.com\/www.semioticafactual.com\/wp-content\/uploads\/2011\/07\/inicaitiva-sonora.jpg?w=1350&amp;ssl=1 1350w\" sizes=\"(max-width: 300px) 100vw, 300px\" data-recalc-dims=\"1\" \/><\/a><p id=\"caption-attachment-1077\" class=\"wp-caption-text\">&quot;Roberto Ruibal lanza en Nogales &quot;Iniciativa Sonora&quot;<\/p><\/div>\n<p><strong>Nogales, Sonora a 14 de julio de 2011.-\u00a0<\/strong>Porque la voz de todos los sonorenses debe ser escuchada y tomada en cuenta para la realizaci\u00f3n de futuras leyes, el diputado Roberto Ruibal Astiazar\u00e1n arranc\u00f3 en esta frontera \u201cProyecto Sonora\u201d donde invit\u00f3 a la poblaci\u00f3n a participar con la presentaci\u00f3n de proyectos legislativos.<\/p>\n<p>En conferencia de prensa, el coordinador parlamentario del PRI explic\u00f3 que a 10 d\u00edas de que se lanz\u00f3 la convocatoria se han inscrito m\u00e1s de 100 propuestas en Iniciativa Sonora, lo que demuestra el inter\u00e9s de la poblaci\u00f3n por participar de la mano con sus autoridades en la construcci\u00f3n de una mejor sociedad.<\/p>\n<p>\u201cDesde que lanzamos la convocatoria la gente se mostr\u00f3 interesada para que sus temas se conviertan en futuras leyes y ese es mi compromiso de impulsar los primeros 4 lugares en base a su factibilidad, y llevarlos al Pleno\u201d, asever\u00f3 Ruibal Astiazar\u00e1n.<\/p>\n<p>Acompa\u00f1ado por el diputado federal, Miguel Ernesto Pompa Corella y el dirigente del PRI en Nogales, Humberto Robles Pompa, el diputado de la Alianza, PRI, Nueva Alianza, Verde Ecologista de M\u00e9xico se\u00f1al\u00f3 que a partir de esta semana se presenta el proyecto en los 15 municipios de mayor poblaci\u00f3n, aun cuando la invitaci\u00f3n a participar es para todo el Estado.<\/p>\n<p>\u201cSabemos que las mejores propuestas surgen de la misma sociedad, y a eso le estamos apostando, a que la sociedad se exprese y comparta sus ideas a trav\u00e9s de proyectos que en el futuro ser\u00e1n mejores leyes para Sonora\u201d, asever\u00f3 Ruibal Astiazar\u00e1n.<\/p>\n<p>Explic\u00f3 que a trav\u00e9s de cuatro ejes tem\u00e1ticos la gente podr\u00e1 proponer desde iniciativas sobre salud, nutrici\u00f3n, adicciones y activaci\u00f3n f\u00edsica hasta aprendizaje, vivienda, cambio clim\u00e1tico, prevenci\u00f3n de desastres, cultura, tecnolog\u00eda, proyectos econ\u00f3micos, entre otros.<\/p>\n<p>Rubial Astiazar\u00e1n indic\u00f3 que es a trav\u00e9s de la p\u00e1gina\u00a0\u00a0<a href=\"http:\/\/www.robertoruibal.org.mx\/\" target=\"_blank\">www.robertoruibal.org.mx<\/a>donde se podr\u00e1n registrar los proyectos de los nogalenses y de todos los sonorenses interesados en contribuir para mejorar el trabajo legislativo.<\/p>\n","protected":false},"excerpt":{"rendered":"<p>Semioticafactual.com Nogales, Sonora a 14 de julio de 2011.-\u00a0Porque la voz de todos los sonorenses debe ser escuchada y tomada en cuenta para la realizaci\u00f3n de futuras leyes, el diputado Roberto Ruibal Astiazar\u00e1n arranc\u00f3 en esta frontera \u201cProyecto Sonora\u201d donde invit\u00f3 a la poblaci\u00f3n a participar con la presentaci\u00f3n de proyectos legislativos. En conferencia de [&hellip;]<\/p>\n","protected":false},"author":1,"featured_media":0,"comment_status":"open","ping_status":"open","sticky":false,"template":"","format":"standard","meta":{"jetpack_post_was_ever_published":false,"_jetpack_newsletter_access":"","_jetpack_dont_email_post_to_subs":false,"_jetpack_newsletter_tier_id":0,"_jetpack_memberships_contains_paywalled_content":false,"_jetpack_memberships_contains_paid_content":false,"footnotes":"","jetpack_publicize_message":"","jetpack_publicize_feature_enabled":true,"jetpack_social_post_already_shared":false,"jetpack_social_options":{"image_generator_settings":{"template":"highway","enabled":false},"version":2}},"categories":[1,9],"tags":[],"jetpack_publicize_connections":[],"jetpack_featured_media_url":"","jetpack_shortlink":"https:\/\/wp.me\/p2mzaA-hm","jetpack_sharing_enabled":true,"jetpack_likes_enabled":true,"_links":{"self":[{"href":"https:\/\/www.semioticafactual.com\/index.php?rest_route=\/wp\/v2\/posts\/1076"}],"collection":[{"href":"https:\/\/www.semioticafactual.com\/index.php?rest_route=\/wp\/v2\/posts"}],"about":[{"href":"https:\/\/www.semioticafactual.com\/index.php?rest_route=\/wp\/v2\/types\/post"}],"author":[{"embeddable":true,"href":"https:\/\/www.semioticafactual.com\/index.php?rest_route=\/wp\/v2\/users\/1"}],"replies":[{"embeddable":true,"href":"https:\/\/www.semioticafactual.com\/index.php?rest_route=%2Fwp%2Fv2%2Fcomments&post=1076"}],"version-history":[{"count":2,"href":"https:\/\/www.semioticafactual.com\/index.php?rest_route=\/wp\/v2\/posts\/1076\/revisions"}],"predecessor-version":[{"id":1079,"href":"https:\/\/www.semioticafactual.com\/index.php?rest_route=\/wp\/v2\/posts\/1076\/revisions\/1079"}],"wp:attachment":[{"href":"https:\/\/www.semioticafactual.com\/index.php?rest_route=%2Fwp%2Fv2%2Fmedia&parent=1076"}],"wp:term":[{"taxonomy":"category","embeddable":true,"href":"https:\/\/www.semioticafactual.com\/index.php?rest_route=%2Fwp%2Fv2%2Fcategories&post=1076"},{"taxonomy":"post_tag","embeddable":true,"href":"https:\/\/www.semioticafactual.com\/index.php?rest_route=%2Fwp%2Fv2%2Ftags&post=1076"}],"curies":[{"name":"wp","href":"https:\/\/api.w.org\/{rel}","templated":true}]}}