{"id":1071,"date":"2011-07-15T01:13:39","date_gmt":"2011-07-15T01:13:39","guid":{"rendered":"http:\/\/www.semioticafactual.com\/?p=1071"},"modified":"2011-07-15T01:14:49","modified_gmt":"2011-07-15T01:14:49","slug":"turnan-a-comision-iniciativa-para-que-sonora-eleve-su-nivel-de-transparencia","status":"publish","type":"post","link":"https:\/\/www.semioticafactual.com\/?p=1071","title":{"rendered":"Turnan a comisi\u00f3n iniciativa para que Sonora eleve su nivel de transparencia"},"content":{"rendered":"<p><strong>Hermosillo, Son. 14 de julio de 2011.-<\/strong><\/p>\n<p><span style=\"font-size: small;\"><span style=\"font-family: Calibri;\"><a class=\"highslide\" onclick=\"return vz.expand(this)\" href=\"https:\/\/i0.wp.com\/www.semioticafactual.com\/wp-content\/uploads\/2011\/07\/Sesin-de-la-Permanente-2-14VII111.jpg\"><img loading=\"lazy\" decoding=\"async\" data-attachment-id=\"1073\" data-permalink=\"https:\/\/www.semioticafactual.com\/?attachment_id=1073\" data-orig-file=\"https:\/\/i0.wp.com\/www.semioticafactual.com\/wp-content\/uploads\/2011\/07\/Sesin-de-la-Permanente-2-14VII111.jpg?fit=1260%2C837&amp;ssl=1\" data-orig-size=\"1260,837\" data-comments-opened=\"1\" data-image-meta=\"{&quot;aperture&quot;:&quot;0&quot;,&quot;credit&quot;:&quot;&quot;,&quot;camera&quot;:&quot;&quot;,&quot;caption&quot;:&quot;&quot;,&quot;created_timestamp&quot;:&quot;0&quot;,&quot;copyright&quot;:&quot;&quot;,&quot;focal_length&quot;:&quot;0&quot;,&quot;iso&quot;:&quot;0&quot;,&quot;shutter_speed&quot;:&quot;0&quot;,&quot;title&quot;:&quot;&quot;}\" data-image-title=\"Sesin de la Permanente 2-14VII11\" data-image-description=\"\" data-image-caption=\"\" data-medium-file=\"https:\/\/i0.wp.com\/www.semioticafactual.com\/wp-content\/uploads\/2011\/07\/Sesin-de-la-Permanente-2-14VII111.jpg?fit=300%2C199&amp;ssl=1\" data-large-file=\"https:\/\/i0.wp.com\/www.semioticafactual.com\/wp-content\/uploads\/2011\/07\/Sesin-de-la-Permanente-2-14VII111.jpg?fit=800%2C531&amp;ssl=1\" tabindex=\"0\" role=\"button\" class=\"alignright size-medium wp-image-1073\" title=\"Sesin de la Permanente 2-14VII11\" src=\"https:\/\/i0.wp.com\/www.semioticafactual.com\/wp-content\/uploads\/2011\/07\/Sesin-de-la-Permanente-2-14VII111-300x199.jpg?resize=300%2C199\" alt=\"\" width=\"300\" height=\"199\" srcset=\"https:\/\/i0.wp.com\/www.semioticafactual.com\/wp-content\/uploads\/2011\/07\/Sesin-de-la-Permanente-2-14VII111.jpg?resize=300%2C199&amp;ssl=1 300w, https:\/\/i0.wp.com\/www.semioticafactual.com\/wp-content\/uploads\/2011\/07\/Sesin-de-la-Permanente-2-14VII111.jpg?resize=1024%2C680&amp;ssl=1 1024w, https:\/\/i0.wp.com\/www.semioticafactual.com\/wp-content\/uploads\/2011\/07\/Sesin-de-la-Permanente-2-14VII111.jpg?w=1260&amp;ssl=1 1260w\" sizes=\"(max-width: 300px) 100vw, 300px\" data-recalc-dims=\"1\" \/><\/a><\/span><\/span>Semioticafactual.com<\/p>\n<p><span style=\"font-size: small;\"><span style=\"font-family: Calibri;\">La Diputaci\u00f3n Permanente\u00a0<\/span><\/span><span class=\"Apple-style-span\" style=\"font-family: Calibri; font-size: small;\">llev\u00f3 a cabo su sesi\u00f3n ordinaria en la que se turn\u00f3 a la Comisi\u00f3n de Transparencia, Comunicaci\u00f3n y Enlace Social, una iniciativa presentada por los grupos parlamentarios del PRI, PANAL y PVEM, a fin de que se realicen las acciones y medidas que correspondan para que Sonora eleve sus niveles en las evaluaciones en materia de transparencia.<\/span><\/p>\n<p><span style=\"font-family: Calibri; font-size: small;\">\u00a0<\/span><span class=\"Apple-style-span\" style=\"font-family: Calibri; font-size: small;\">El diputado Marco Antonio Ram\u00edrez Wakamatzu, presidente de la mesa directiva, cedi\u00f3 el uso de la voz al secretario de la misma, diputado H\u00e9ctor Ulises Crist\u00f3pulos R\u00edos, para que diera lectura al documento en el que destaca que, seg\u00fan evaluaciones realizadas, este a\u00f1o Sonora se ubic\u00f3 en el lugar 28 en materia de trasparencia.<\/span><\/p>\n<p><span style=\"font-family: Calibri; font-size: small;\">\u00a0<\/span><span class=\"Apple-style-span\" style=\"font-family: Calibri; font-size: small;\">\u201cEl Congreso del Estado,\u00a0\u00a0al aprobar la autonom\u00eda del Instituto de Transparencia Informativa, y con ello su capacidad operativa, contribuir\u00e1 a que el pr\u00f3ximo a\u00f1o el lugar que se ocupa pueda mejorar, pero falta que el Gobierno del Estado haga su parte\u201d, expuso el legislador.<\/span><\/p>\n<p><span style=\"font-family: Calibri; font-size: small;\">\u00a0<\/span><span class=\"Apple-style-span\" style=\"font-family: Calibri; font-size: small;\">La iniciativa hace referencia a tres diferentes estudios en los que se se\u00f1alan serias deficiencias en materia de transparencia de las instituciones p\u00fablicas en Sonora, por lo que debe darse a los sonorenses la garant\u00eda de que las acciones de los gobernantes est\u00e1n apegadas a la legalidad y, sobre todo, a la honestidad en el manejo de los recursos p\u00fablicos.<\/span><\/p>\n<p><span style=\"font-family: Calibri; font-size: small;\">\u00a0<\/span><span class=\"Apple-style-span\" style=\"font-family: Calibri; font-size: small;\">Sobre este tema, el diputado Ram\u00edrez Wakamatzu dijo en entrevista que desde la creaci\u00f3n del Instituto de Transparencia Informativa y de una Comisi\u00f3n que ve sobre este tema, no existe justificaci\u00f3n para que Sonora se encuentre en un nivel bajo en la materia.<\/span><\/p>\n<p><span style=\"font-family: Calibri; font-size: small;\">\u00a0<\/span><span class=\"Apple-style-span\" style=\"font-family: Calibri; font-size: small;\">\u201cAl contrario, consideramos que Sonora debe estar en los primeros lugares a nivel nacional en \u00edndices de transparencia, y obviamente en el menor porcentaje de \u00edndices de corrupci\u00f3n gubernamental que pueda existir\u201d, asever\u00f3.<\/span><\/p>\n<p><span style=\"font-family: Calibri; font-size: small;\">\u00a0<\/span><strong><span style=\"font-size: small;\"><span style=\"font-family: Calibri;\">Va por buen camino di\u00e1logo con el Gobierno<\/span><\/span><\/strong><\/p>\n<p><span style=\"font-size: small;\"><span style=\"font-family: Calibri;\">El Presidente de la Diputaci\u00f3n Permanente sostuvo que en estos momentos se est\u00e1 en la v\u00eda correcta para que los grupos parlamentarios lleguen a un acuerdo con relaci\u00f3n a los temas de discrepancia en materia electoral, a trav\u00e9s del di\u00e1logo que los coordinadores de las fracciones llevan a cabo con gente del Gobierno del Estado.<\/span><\/span><\/p>\n<p><span style=\"font-family: Calibri; font-size: small;\">\u00a0<\/span><span class=\"Apple-style-span\" style=\"font-family: Calibri; font-size: small;\">\u201cEn este momento nos encontramos trabajando con los coordinadores de las fracciones con gente del Gobierno del Estado, para tratar que este asunto camine lo m\u00e1s pronto posible y poder estar retomando todo el resto de acciones que tenemos que hacer dentro del Congreso\u201d, expres\u00f3.<\/span><\/p>\n<p><span style=\"font-family: Calibri; font-size: small;\">\u00a0<\/span><span class=\"Apple-style-span\" style=\"font-family: Calibri; font-size: small;\">Sin embargo, advirti\u00f3, todav\u00eda no hay condiciones para convocar a una sesi\u00f3n extraordinaria, ya que los coordinadores parlamentarios se encuentran en di\u00e1logo con el Gobierno del Estado, y una vez que se logren coincidencias podr\u00e1n seguir caminando de una manera propositiva.<\/span><\/p>\n<p><span style=\"font-family: Calibri; font-size: small;\">\u00a0<\/span><span class=\"Apple-style-span\" style=\"font-family: Calibri; font-size: small;\">\u201cYo no estoy participando en esos di\u00e1logos, lo est\u00e1n haciendo los coordinadores de las fracciones y ellos son los que se est\u00e1n poniendo en contacto con gente del Gobierno del Estado, no tengo certeza con qui\u00e9n espec\u00edficamente, pero s\u00e9 que se establecieron los puentes de comunicaci\u00f3n, que se est\u00e1 hablando y que va por buen camino\u201d, puntualiz\u00f3.<\/span><\/p>\n","protected":false},"excerpt":{"rendered":"<p>Hermosillo, Son. 14 de julio de 2011.- Semioticafactual.com La Diputaci\u00f3n Permanente\u00a0llev\u00f3 a cabo su sesi\u00f3n ordinaria en la que se turn\u00f3 a la Comisi\u00f3n de Transparencia, Comunicaci\u00f3n y Enlace Social, una iniciativa presentada por los grupos parlamentarios del PRI, PANAL y PVEM, a fin de que se realicen las acciones y medidas que correspondan para [&hellip;]<\/p>\n","protected":false},"author":1,"featured_media":0,"comment_status":"open","ping_status":"open","sticky":false,"template":"","format":"standard","meta":{"jetpack_post_was_ever_published":false,"_jetpack_newsletter_access":"","_jetpack_dont_email_post_to_subs":false,"_jetpack_newsletter_tier_id":0,"_jetpack_memberships_contains_paywalled_content":false,"_jetpack_memberships_contains_paid_content":false,"footnotes":"","jetpack_publicize_message":"","jetpack_publicize_feature_enabled":true,"jetpack_social_post_already_shared":false,"jetpack_social_options":{"image_generator_settings":{"template":"highway","enabled":false},"version":2}},"categories":[1,9],"tags":[],"jetpack_publicize_connections":[],"jetpack_featured_media_url":"","jetpack_shortlink":"https:\/\/wp.me\/p2mzaA-hh","jetpack_sharing_enabled":true,"jetpack_likes_enabled":true,"_links":{"self":[{"href":"https:\/\/www.semioticafactual.com\/index.php?rest_route=\/wp\/v2\/posts\/1071"}],"collection":[{"href":"https:\/\/www.semioticafactual.com\/index.php?rest_route=\/wp\/v2\/posts"}],"about":[{"href":"https:\/\/www.semioticafactual.com\/index.php?rest_route=\/wp\/v2\/types\/post"}],"author":[{"embeddable":true,"href":"https:\/\/www.semioticafactual.com\/index.php?rest_route=\/wp\/v2\/users\/1"}],"replies":[{"embeddable":true,"href":"https:\/\/www.semioticafactual.com\/index.php?rest_route=%2Fwp%2Fv2%2Fcomments&post=1071"}],"version-history":[{"count":2,"href":"https:\/\/www.semioticafactual.com\/index.php?rest_route=\/wp\/v2\/posts\/1071\/revisions"}],"predecessor-version":[{"id":1075,"href":"https:\/\/www.semioticafactual.com\/index.php?rest_route=\/wp\/v2\/posts\/1071\/revisions\/1075"}],"wp:attachment":[{"href":"https:\/\/www.semioticafactual.com\/index.php?rest_route=%2Fwp%2Fv2%2Fmedia&parent=1071"}],"wp:term":[{"taxonomy":"category","embeddable":true,"href":"https:\/\/www.semioticafactual.com\/index.php?rest_route=%2Fwp%2Fv2%2Fcategories&post=1071"},{"taxonomy":"post_tag","embeddable":true,"href":"https:\/\/www.semioticafactual.com\/index.php?rest_route=%2Fwp%2Fv2%2Ftags&post=1071"}],"curies":[{"name":"wp","href":"https:\/\/api.w.org\/{rel}","templated":true}]}}