{"id":1066,"date":"2011-07-14T17:50:23","date_gmt":"2011-07-14T17:50:23","guid":{"rendered":"http:\/\/www.semioticafactual.com\/?p=1066"},"modified":"2011-07-14T17:50:49","modified_gmt":"2011-07-14T17:50:49","slug":"el-2015-ni-lejos-ni-cerca%e2%80%a6%e2%80%a6-figueroa-ortega-aspira-a-representar-al-pan-como-candidato-a-gobernador","status":"publish","type":"post","link":"https:\/\/www.semioticafactual.com\/?p=1066","title":{"rendered":"EL 2015 NI LEJOS NI CERCA\u2026\u2026.. FIGUEROA ORTEGA ASPIRA A REPRESENTAR AL PAN COMO CANDIDATO A GOBERNADOR."},"content":{"rendered":"<p>&nbsp;<\/p>\n<p><strong><span style=\"font-size: small;\"><span style=\"font-family: Calibri;\"><a class=\"highslide\" onclick=\"return vz.expand(this)\" href=\"https:\/\/i0.wp.com\/www.semioticafactual.com\/wp-content\/uploads\/2011\/07\/New-Consul-of-Mexico-in-LA1.jpg\"><img loading=\"lazy\" decoding=\"async\" data-attachment-id=\"1067\" data-permalink=\"https:\/\/www.semioticafactual.com\/?attachment_id=1067\" data-orig-file=\"https:\/\/i0.wp.com\/www.semioticafactual.com\/wp-content\/uploads\/2011\/07\/New-Consul-of-Mexico-in-LA1.jpg?fit=280%2C333&amp;ssl=1\" data-orig-size=\"280,333\" data-comments-opened=\"1\" data-image-meta=\"{&quot;aperture&quot;:&quot;0&quot;,&quot;credit&quot;:&quot;&quot;,&quot;camera&quot;:&quot;&quot;,&quot;caption&quot;:&quot;&quot;,&quot;created_timestamp&quot;:&quot;0&quot;,&quot;copyright&quot;:&quot;&quot;,&quot;focal_length&quot;:&quot;0&quot;,&quot;iso&quot;:&quot;0&quot;,&quot;shutter_speed&quot;:&quot;0&quot;,&quot;title&quot;:&quot;&quot;}\" data-image-title=\"New-Consul-of-Mexico-in-LA1\" data-image-description=\"\" data-image-caption=\"\" data-medium-file=\"https:\/\/i0.wp.com\/www.semioticafactual.com\/wp-content\/uploads\/2011\/07\/New-Consul-of-Mexico-in-LA1.jpg?fit=252%2C300&amp;ssl=1\" data-large-file=\"https:\/\/i0.wp.com\/www.semioticafactual.com\/wp-content\/uploads\/2011\/07\/New-Consul-of-Mexico-in-LA1.jpg?fit=280%2C333&amp;ssl=1\" tabindex=\"0\" role=\"button\" class=\"alignright size-medium wp-image-1067\" title=\"New-Consul-of-Mexico-in-LA1\" src=\"https:\/\/i0.wp.com\/www.semioticafactual.com\/wp-content\/uploads\/2011\/07\/New-Consul-of-Mexico-in-LA1-252x300.jpg?resize=252%2C300\" alt=\"\" width=\"252\" height=\"300\" srcset=\"https:\/\/i0.wp.com\/www.semioticafactual.com\/wp-content\/uploads\/2011\/07\/New-Consul-of-Mexico-in-LA1.jpg?resize=252%2C300&amp;ssl=1 252w, https:\/\/i0.wp.com\/www.semioticafactual.com\/wp-content\/uploads\/2011\/07\/New-Consul-of-Mexico-in-LA1.jpg?w=280&amp;ssl=1 280w\" sizes=\"(max-width: 252px) 100vw, 252px\" data-recalc-dims=\"1\" \/><\/a>Por Humberto Corral<\/span><\/span><\/strong><\/p>\n<p><span class=\"Apple-style-span\" style=\"font-family: Calibri; font-size: small;\">Hermosillo.- Con la claridad que le caracteriza y sin sacarle la vuelta al \u201ctoro\u201d, el Consul de M\u00e9xico en Los \u00c1ngeles California, USA, \u00a0David Figueroa Ortega sostuvo que buscar\u00e1 la gubernatura de Sonora para el 2015.<\/span><\/p>\n<p><span style=\"font-size: small;\"><span style=\"font-family: Calibri;\">Durante una cena-conferencia con representantes de los medios de comunicaci\u00f3n, el ex dirigente del PAN en Sonora hablo sobre los diferentes t\u00f3picos relacionados con sus responsabilidades de agregado consular, as\u00ed como, sus puntos de vista sobre el proceso electoral que se avecina y sus propias aspiraciones.<\/span><\/span><\/p>\n<p><span style=\"font-size: small;\"><span style=\"font-family: Calibri;\">Dijo que el PRI, aunque tiene muy bien posicionado a uno de sus aspirantes, no es garant\u00eda de triunfo para la Presidencia de la Rep\u00fablica. Distingui\u00f3 la labor que viene desempe\u00f1ando Santiago Creel, tambi\u00e9n se refiri\u00f3 con buenos conceptos sobre el Secretario de Educaci\u00f3n P\u00fablica, Alonso Lujambio, sin embargo al referirse a Josefina V\u00e1zquez Mota, la describi\u00f3 con muchas m\u00e1s virtudes que al resto de los aspirantes, \u201c Es una mujer muy inteligente, sagaz, de f\u00e1cil y sencillo acercamiento con la sociedad. Adem\u00e1s de ser mujer, representa un proyecto fresco\u201d\u00a0 puntualiz\u00f3. Del Secretario de Hacienda y Cr\u00e9dito P\u00fablico, Ernesto Cordero realmente dijo poco.<\/span><\/span><\/p>\n<p><span style=\"font-size: small;\"><span style=\"font-family: Calibri;\">Neg\u00f3 de manera rotunda que Manuel Espino Barrientos vaya abandonar el PAN, que si bien es cierto su conducta es en ocasiones agresiva, es en respuesta a ofensas, le reconoci\u00f3 como un panista de sepa que continuar\u00e1 luchando por conservar su militancia partidista.<\/span><\/span><\/p>\n<p><span style=\"font-size: small;\"><span style=\"font-family: Calibri;\">Fue clara la capacidad de convocatoria con los representantes de los medios de comunicaci\u00f3n, quienes a trav\u00e9s de muchos a\u00f1os en estas lides han sabido llegar a entablar una sincera amistad con el pol\u00edtico.<\/span><\/span><\/p>\n<p><span style=\"font-size: small;\"><span style=\"font-family: Calibri;\">Despu\u00e9s de una amena charla conferencia y degustar de sabrosa cena, la raza convoc\u00f3, como ya es costumbre en las visitas de David Figueroa a esta capital, a organizar la fotograf\u00eda oficial.<\/span><\/span><\/p>\n<p><span style=\"font-size: small;\"><span style=\"font-family: Calibri;\">El Consul de M\u00e9xico en Los \u00e1ngeles California, continuar\u00e1 este d\u00eda con diversas actividades en la entidad. Por lo pronto qued\u00f3 en claro que David Figueroa Ortega est\u00e1 m\u00e1s que listo para buscar los consensos que le abran el camino en su b\u00fasqueda por representar al Partido Acci\u00f3n Nacional a la gubernatura de Sonora en los comicios del 2015. \u00a0 \u00a0 \u00a0 \u00a0 \u00a0 \u00a0<\/span><\/span><\/p>\n","protected":false},"excerpt":{"rendered":"<p>&nbsp; Por Humberto Corral Hermosillo.- Con la claridad que le caracteriza y sin sacarle la vuelta al \u201ctoro\u201d, el Consul de M\u00e9xico en Los \u00c1ngeles California, USA, \u00a0David Figueroa Ortega sostuvo que buscar\u00e1 la gubernatura de Sonora para el 2015. Durante una cena-conferencia con representantes de los medios de comunicaci\u00f3n, el ex dirigente del PAN [&hellip;]<\/p>\n","protected":false},"author":1,"featured_media":0,"comment_status":"open","ping_status":"open","sticky":false,"template":"","format":"standard","meta":{"jetpack_post_was_ever_published":false,"_jetpack_newsletter_access":"","_jetpack_dont_email_post_to_subs":false,"_jetpack_newsletter_tier_id":0,"_jetpack_memberships_contains_paywalled_content":false,"_jetpack_memberships_contains_paid_content":false,"footnotes":"","jetpack_publicize_message":"","jetpack_publicize_feature_enabled":true,"jetpack_social_post_already_shared":false,"jetpack_social_options":{"image_generator_settings":{"template":"highway","enabled":false},"version":2}},"categories":[21,14],"tags":[],"jetpack_publicize_connections":[],"jetpack_featured_media_url":"","jetpack_shortlink":"https:\/\/wp.me\/p2mzaA-hc","jetpack_sharing_enabled":true,"jetpack_likes_enabled":true,"_links":{"self":[{"href":"https:\/\/www.semioticafactual.com\/index.php?rest_route=\/wp\/v2\/posts\/1066"}],"collection":[{"href":"https:\/\/www.semioticafactual.com\/index.php?rest_route=\/wp\/v2\/posts"}],"about":[{"href":"https:\/\/www.semioticafactual.com\/index.php?rest_route=\/wp\/v2\/types\/post"}],"author":[{"embeddable":true,"href":"https:\/\/www.semioticafactual.com\/index.php?rest_route=\/wp\/v2\/users\/1"}],"replies":[{"embeddable":true,"href":"https:\/\/www.semioticafactual.com\/index.php?rest_route=%2Fwp%2Fv2%2Fcomments&post=1066"}],"version-history":[{"count":2,"href":"https:\/\/www.semioticafactual.com\/index.php?rest_route=\/wp\/v2\/posts\/1066\/revisions"}],"predecessor-version":[{"id":1069,"href":"https:\/\/www.semioticafactual.com\/index.php?rest_route=\/wp\/v2\/posts\/1066\/revisions\/1069"}],"wp:attachment":[{"href":"https:\/\/www.semioticafactual.com\/index.php?rest_route=%2Fwp%2Fv2%2Fmedia&parent=1066"}],"wp:term":[{"taxonomy":"category","embeddable":true,"href":"https:\/\/www.semioticafactual.com\/index.php?rest_route=%2Fwp%2Fv2%2Fcategories&post=1066"},{"taxonomy":"post_tag","embeddable":true,"href":"https:\/\/www.semioticafactual.com\/index.php?rest_route=%2Fwp%2Fv2%2Ftags&post=1066"}],"curies":[{"name":"wp","href":"https:\/\/api.w.org\/{rel}","templated":true}]}}