{"id":1063,"date":"2011-07-14T17:21:27","date_gmt":"2011-07-14T17:21:27","guid":{"rendered":"http:\/\/www.semioticafactual.com\/?p=1063"},"modified":"2011-07-14T17:21:27","modified_gmt":"2011-07-14T17:21:27","slug":"voz-sport-6","status":"publish","type":"post","link":"https:\/\/www.semioticafactual.com\/?p=1063","title":{"rendered":"VOZ SPORT"},"content":{"rendered":"<p>\u201cInfraestructura contra inundaciones\u201d<\/p>\n<p><strong>P<a class=\"highslide\" onclick=\"return vz.expand(this)\" href=\"https:\/\/i0.wp.com\/www.semioticafactual.com\/wp-content\/uploads\/2011\/07\/VICENTE-SOLIS1.jpg\"><img loading=\"lazy\" decoding=\"async\" data-attachment-id=\"1064\" data-permalink=\"https:\/\/www.semioticafactual.com\/?attachment_id=1064\" data-orig-file=\"https:\/\/i0.wp.com\/www.semioticafactual.com\/wp-content\/uploads\/2011\/07\/VICENTE-SOLIS1.jpg?fit=640%2C480&amp;ssl=1\" data-orig-size=\"640,480\" data-comments-opened=\"1\" data-image-meta=\"{&quot;aperture&quot;:&quot;0&quot;,&quot;credit&quot;:&quot;&quot;,&quot;camera&quot;:&quot;&quot;,&quot;caption&quot;:&quot;&quot;,&quot;created_timestamp&quot;:&quot;0&quot;,&quot;copyright&quot;:&quot;&quot;,&quot;focal_length&quot;:&quot;0&quot;,&quot;iso&quot;:&quot;0&quot;,&quot;shutter_speed&quot;:&quot;0&quot;,&quot;title&quot;:&quot;&quot;}\" data-image-title=\"VICENTE SOLIS1\" data-image-description=\"\" data-image-caption=\"\" data-medium-file=\"https:\/\/i0.wp.com\/www.semioticafactual.com\/wp-content\/uploads\/2011\/07\/VICENTE-SOLIS1.jpg?fit=300%2C225&amp;ssl=1\" data-large-file=\"https:\/\/i0.wp.com\/www.semioticafactual.com\/wp-content\/uploads\/2011\/07\/VICENTE-SOLIS1.jpg?fit=640%2C480&amp;ssl=1\" tabindex=\"0\" role=\"button\" class=\"alignright size-medium wp-image-1064\" title=\"VICENTE SOLIS1\" src=\"https:\/\/i0.wp.com\/www.semioticafactual.com\/wp-content\/uploads\/2011\/07\/VICENTE-SOLIS1-300x225.jpg?resize=300%2C225\" alt=\"\" width=\"300\" height=\"225\" srcset=\"https:\/\/i0.wp.com\/www.semioticafactual.com\/wp-content\/uploads\/2011\/07\/VICENTE-SOLIS1.jpg?resize=300%2C225&amp;ssl=1 300w, https:\/\/i0.wp.com\/www.semioticafactual.com\/wp-content\/uploads\/2011\/07\/VICENTE-SOLIS1.jpg?w=640&amp;ssl=1 640w\" sizes=\"(max-width: 300px) 100vw, 300px\" data-recalc-dims=\"1\" \/><\/a>or Rafael Renter\u00eda<\/strong><\/p>\n<p><a href=\"mailto:renteria_rafael@hotmail.com\"><strong>renteria_rafael@hotmail.com<\/strong><\/a><\/p>\n<p><strong>La semana pasada me toco pasar por sitios donde se ubican campos deportivos en la ciudad y el que me llamo m\u00e1s la atenci\u00f3n por as\u00ed decirlo porque por a\u00f1os pasa lo mismo cuando llueve, fue la inundaci\u00f3n que sufrieron los campos que se ubican a un costado de la Sauceda.<\/strong><\/p>\n<p>Y ayer en un evento municipal pude platicar en corto con el titular del deporte en Hermosillo <strong>Ra\u00fal<\/strong> <strong>Bustamante<\/strong> quien ante mi pregunta de c\u00f3mo se encontraban los campos deportivos despu\u00e9s de las fuertes lluvias de la semana pasada me confirmo lo que yo hab\u00eda visto: al que le fue m\u00e1s mal fueron a los campos de la Liga Kino y que est\u00e1n ubicados precisamente a un costado de la Sauceda.<\/p>\n<p>Me dec\u00eda que por a\u00f1os ese lugar como est\u00e1 pr\u00e1cticamente en un hoyo ha sufrido cuando llueve demasiado y ante la serie de mejoras que se le realizaron la situaci\u00f3n no cambia. Y es ah\u00ed cuando los deportistas que los utilizan cada semana tienen que esperar hasta que quedan secos.<\/p>\n<p>Por eso le pregunte: ante la serie de inversiones, grandes inversiones que fueron anunciadas desde el a\u00f1o pasado por el presidente municipal <strong>Javier<\/strong> <strong>G\u00e1ndara<\/strong> y el propio <strong>Ra\u00fal<\/strong> se plane\u00f3 la situaci\u00f3n de realizar los nuevos espacios deportivos contra el agua o inundaciones?\u00a0 Claro que si me dijo.<\/p>\n<p>\u201cpor a\u00f1os vivimos esa situaci\u00f3n en muchos campos o espacios deportivos de la ciudad y por ello ante la oportunidad de poder mejorar en esa situaci\u00f3n fue que se tom\u00f3 la determinaci\u00f3n que desde los propios bosquejos el tomar en cuenta la construcci\u00f3n o remodelaci\u00f3n de campos tomando en cuenta el evitar posibles inundaciones y no se almacene el agua parando pr\u00e1cticamente las actividades\u201d, coment\u00f3 <strong>Ra\u00fal<\/strong> <strong>Bustamante<\/strong>.<\/p>\n<p>Ahora solo nos queda observar si por ejemplo todos esos campos donde ya hay pasto sint\u00e9tico o aquellos que los van a poner puedan salvarse de esa acci\u00f3n provocada por la naturaleza y la cual los hermosillenses en especial queremos que se presente regularmente.<\/p>\n<p>Ya daremos otra vuelta para la otra que se presenten de nuevo las esperadas lluvias en Hermosillo o al menos esperaremos unos meses en lo que concluyen algunas obras importantes como la que se est\u00e1 por entregar en Camino del Seri y boulevard las Quintas donde se inaugurar\u00e1 pronto un campo de futbol americano complementa con alfombra.<\/p>\n<p>Pero bien por las autoridades que toman en cuenta esos peque\u00f1os detalles que aunque pudiesen ser visto como secundarios al final pueden marcar una gran diferencia\u2026\u2026\u2026\u2026\u2026\u2026\u2026\u2026\u2026\u2026\u2026\u2026\u2026\u2026\u2026\u2026\u2026\u2026\u2026\u2026\u2026\u2026\u2026\u2026<\/p>\n<p><strong>Los que ya est\u00e1n m\u00e1s que listos para arrancar con un importante programa deportivo son los del <\/strong>Instituto del Deporte de los Trabajadores que dirige <strong>Ram\u00f3n<\/strong> <strong>Rivera<\/strong>. Ayer pudimos estar ah\u00ed con \u00e9l en una conferencia de prensa donde en compa\u00f1\u00eda del diputado <strong>Vicente<\/strong> <strong>Sol\u00eds<\/strong> <strong>Granados<\/strong>, personalidades de la CODESON y el Stirt con <strong>Jos\u00e9<\/strong> <strong>Victorin<\/strong> dieron a conocer el programa que se llamar\u00e1: \u201c<strong>Programa<\/strong> Deportivo para los Trabajadores y sus Familias 2011\u201d.<\/p>\n<p>Las actividades comprender\u00e1n deportes como: futbol soccer, voleibol, basquetbol, futbol de sal\u00f3n y varias carreras atl\u00e9ticas, muchos de ellas en varias disciplinas y las cuales se van a estar llevando a cabo desde este mes de julio hasta el pr\u00f3ximo mes de noviembre principalmente aqu\u00ed en Hermosillo as\u00ed como en la Costa y Bah\u00eda de Kino.<\/p>\n<p>Cabe se\u00f1alar que los deportes que iniciar\u00e1n este mes ser\u00e1n: el torneo de futbol soccer y el de voleibol. El primero \u00fanicamente en rama varonil y el segundo en ambas ramas.<\/p>\n<p>La invitaci\u00f3n est\u00e1 hecha para todos los trabajadores y en sus empresas pueda organizarse y realizar sus equipos para posteriormente poder medirse ante otros deportistas que trataran de levantar la copa en cada una de sus disciplinas. Y tambi\u00e9n algo muy importante que lleva consigo este programa deportivo es que a los empleados que estar\u00e1n compitiendo se les pedir\u00e1 que inscriban tambi\u00e9n a sus hijos o esposas para que formen parte de alguna actividad y lo cual al final de cuentas har\u00e1 un evento redondo porque se fomentar\u00e1 la pr\u00e1ctica de alg\u00fan deporte\u2026\u2026\u2026&#8230;&#8230;&#8230;&#8230;&#8230;&#8230;..<\/p>\n<p>&nbsp;<\/p>\n<p><strong>Noticia de ultima hora: <\/strong>el campe\u00f3n mundial Pluma de la OMB y oriundo de Ciudad Obreg\u00f3n: <strong>Orlando<\/strong> \u201c<strong>Siri<\/strong>\u201d <strong>Salido<\/strong> ya no pelear\u00e1 ante el norteamericano <strong>Mike<\/strong> <strong>Oliver<\/strong> quien se lesion\u00f3 la clav\u00edcula de \u00faltima hora y se cambi\u00f3 al rival quien ser\u00e1 el japon\u00e9s: <strong>Kenichi<\/strong> <strong>Yamaguchi<\/strong>.<\/p>\n<p>Habr\u00e1 que observar la pelea de este pr\u00f3ximo 23 de julio en el CUM de obreg\u00f3n y ver como ese japon\u00e9s catalogado en el lugar 14 del mundo dentro de su organismo, realmente tiene la calidad para tratar de quitarle la corona al <strong>Siri<\/strong>\u2026\u2026\u2026\u2026\u2026\u2026\u2026\u2026\u2026\u2026\u2026\u2026\u2026\u2026\u2026\u2026\u2026\u2026\u2026\u2026\u2026\u2026\u2026.<\/p>\n<p>&nbsp;<\/p>\n<p><strong>En m\u00e1s temas de boxeo, <\/strong>quien anuncio que dejar\u00e1 en segundo plano los Juegos Panamericanos 2011 es el boxeador nogalense <strong>\u00d3scar<\/strong> <strong>Valdez<\/strong> ya que desea dijo prepararse a mayor conciencia porque su principal meta es clasificarse a los Juegos Ol\u00edmpicos en Londres 2012.<\/p>\n<p>Este medallista mundial en el 2009 manifest\u00f3 ello ya que su reto es llegar a tope al mundial de la especialidad en septiembre pr\u00f3ximo y hacer su mejor papel ya que en esa competencia se dar\u00e1n 8 plazas por categor\u00eda para Londres 2012. En lo personal me parece una decisi\u00f3n muy acertada del nacido en Nogales ya que sin demeritar los panamericanos y a los cuales a\u00fan podr\u00eda asistir dependiendo como ande de estado f\u00edsico, su mayor preparaci\u00f3n debe ser para encarar competencias que le permitan llegar a su m\u00e1xima meta que ser\u00eda verse compitiendo en las olimpiadas del a\u00f1o que viene\u2026\u2026\u2026\u2026\u2026\u2026\u2026\u2026\u2026\u2026\u2026\u2026\u2026\u2026\u2026\u2026\u2026\u2026\u2026\u2026\u2026\u2026\u2026\u2026\u2026\u2026\u2026\u2026<\/p>\n<p>&nbsp;<\/p>\n<p><strong>Me llama la atenci\u00f3n lo declarado <\/strong>por algunas estrellas de la NBA como <strong>Kobe<\/strong> <strong>Bryant<\/strong>, <strong>Kevin<\/strong> <strong>Durant<\/strong>, <strong>Deron<\/strong> <strong>Williams<\/strong>, <strong>Amare<\/strong> <strong>Stoudemire<\/strong>, <strong>Dwayne<\/strong> <strong>Wade<\/strong> y algunos m\u00e1s quienes tienen toda la intenci\u00f3n de jugar en ligas de Europa o Asia si no hay campa\u00f1a a partir de octubre.<\/p>\n<p>Se imaginan equipos de esos pa\u00edses con esos jugadores como sus estrellas? Pr\u00e1cticamente serian imanes s\u00faper poderosos para sus taquillas, los estadios siempre estar\u00edan llenos ya que pr\u00e1cticamente tendr\u00edan pedazos importantes de la NBA frente a ellos y todos los d\u00edas.<\/p>\n<p>Lo malo quiz\u00e1s ser\u00eda la situaci\u00f3n de los salarios. Se imaginan alg\u00fan equipo pagando siquiera un 50% ya no digamos el 100% de lo que cobra por ejemplo <strong>Kobe<\/strong> <strong>Bryant<\/strong> y sus <strong>24<\/strong> <strong>millones<\/strong> de d\u00f3lares por a\u00f1o. A lo mejor muchos de ellos con tal de tenerlos en sus filas har\u00edan lo necesario por endeudarse o conseguir m\u00e1s patrocinios.<\/p>\n<p>Al menos eso es una posibilidad en lo que se arregla el problema y el cual considero deba quedar arreglado antes de tiempo ya que ni los due\u00f1os ni los jugadores son tan tontos como para dejar que esa gran mina de oro deje de producir ese preciado metal&#8230;&#8230;&#8230;&#8230;&#8230;&#8230;&#8230;&#8230;&#8230;&#8230;&#8230;&#8230;&#8230;&#8230;&#8230;&#8230;&#8230;&#8230;&#8230;&#8230;<\/p>\n<p><strong>Y finalmente quien acaba de ser firmado por 27.5 millones de dolares y 4 a\u00f1os es el lanzador mexicano Jaime Garc\u00eda por su actual equipo los Cardenales de San Luis. <\/strong>Con ese contrato de casi los 7 millones por a\u00f1o el club env\u00eda el claro mensaje que ese lanzador de apenas 25 a\u00f1os y quien hace dos fue operado de su brazo de lanzar es el futuro del equipo por ello no se quisieron esperar y soltaron los billetes.<\/p>\n<p>No por nada es de los mejores en esta temporada y la proyecci\u00f3n es que vienen cosas mejores para \u00e9l.<\/p>\n<p>&nbsp;<\/p>\n<p>&nbsp;<\/p>\n<p>&nbsp;<\/p>\n","protected":false},"excerpt":{"rendered":"<p>\u201cInfraestructura contra inundaciones\u201d Por Rafael Renter\u00eda renteria_rafael@hotmail.com La semana pasada me toco pasar por sitios donde se ubican campos deportivos en la ciudad y el que me llamo m\u00e1s la atenci\u00f3n por as\u00ed decirlo porque por a\u00f1os pasa lo mismo cuando llueve, fue la inundaci\u00f3n que sufrieron los campos que se ubican a un costado [&hellip;]<\/p>\n","protected":false},"author":1,"featured_media":0,"comment_status":"open","ping_status":"open","sticky":false,"template":"","format":"standard","meta":{"jetpack_post_was_ever_published":false,"_jetpack_newsletter_access":"","_jetpack_dont_email_post_to_subs":false,"_jetpack_newsletter_tier_id":0,"_jetpack_memberships_contains_paywalled_content":false,"_jetpack_memberships_contains_paid_content":false,"footnotes":"","jetpack_publicize_message":"","jetpack_publicize_feature_enabled":true,"jetpack_social_post_already_shared":false,"jetpack_social_options":{"image_generator_settings":{"template":"highway","enabled":false},"version":2}},"categories":[21,6],"tags":[],"jetpack_publicize_connections":[],"jetpack_featured_media_url":"","jetpack_shortlink":"https:\/\/wp.me\/p2mzaA-h9","jetpack_sharing_enabled":true,"jetpack_likes_enabled":true,"_links":{"self":[{"href":"https:\/\/www.semioticafactual.com\/index.php?rest_route=\/wp\/v2\/posts\/1063"}],"collection":[{"href":"https:\/\/www.semioticafactual.com\/index.php?rest_route=\/wp\/v2\/posts"}],"about":[{"href":"https:\/\/www.semioticafactual.com\/index.php?rest_route=\/wp\/v2\/types\/post"}],"author":[{"embeddable":true,"href":"https:\/\/www.semioticafactual.com\/index.php?rest_route=\/wp\/v2\/users\/1"}],"replies":[{"embeddable":true,"href":"https:\/\/www.semioticafactual.com\/index.php?rest_route=%2Fwp%2Fv2%2Fcomments&post=1063"}],"version-history":[{"count":1,"href":"https:\/\/www.semioticafactual.com\/index.php?rest_route=\/wp\/v2\/posts\/1063\/revisions"}],"predecessor-version":[{"id":1065,"href":"https:\/\/www.semioticafactual.com\/index.php?rest_route=\/wp\/v2\/posts\/1063\/revisions\/1065"}],"wp:attachment":[{"href":"https:\/\/www.semioticafactual.com\/index.php?rest_route=%2Fwp%2Fv2%2Fmedia&parent=1063"}],"wp:term":[{"taxonomy":"category","embeddable":true,"href":"https:\/\/www.semioticafactual.com\/index.php?rest_route=%2Fwp%2Fv2%2Fcategories&post=1063"},{"taxonomy":"post_tag","embeddable":true,"href":"https:\/\/www.semioticafactual.com\/index.php?rest_route=%2Fwp%2Fv2%2Ftags&post=1063"}],"curies":[{"name":"wp","href":"https:\/\/api.w.org\/{rel}","templated":true}]}}