{"id":1051,"date":"2011-07-14T01:52:52","date_gmt":"2011-07-14T01:52:52","guid":{"rendered":"http:\/\/www.semioticafactual.com\/?p=1051"},"modified":"2011-07-14T01:52:52","modified_gmt":"2011-07-14T01:52:52","slug":"inaplazable-corregir-la-brujula-del-pais-cano-velez","status":"publish","type":"post","link":"https:\/\/www.semioticafactual.com\/?p=1051","title":{"rendered":"Inaplazable corregir la br\u00fajula del pa\u00eds: Cano V\u00e9lez"},"content":{"rendered":"<p><strong><em>Explica la urgencia de darle rumbo y certidumbre a M\u00e9xico<\/em><\/strong><\/p>\n<p>Semi\u00f2ticafactual.com<\/p>\n<div id=\"attachment_1052\" style=\"width: 310px\" class=\"wp-caption alignright\"><a class=\"highslide\" onclick=\"return vz.expand(this)\" href=\"https:\/\/i0.wp.com\/www.semioticafactual.com\/wp-content\/uploads\/2011\/07\/cano-velez-i.jpg\"><img loading=\"lazy\" decoding=\"async\" aria-describedby=\"caption-attachment-1052\" data-attachment-id=\"1052\" data-permalink=\"https:\/\/www.semioticafactual.com\/?attachment_id=1052\" data-orig-file=\"https:\/\/i0.wp.com\/www.semioticafactual.com\/wp-content\/uploads\/2011\/07\/cano-velez-i.jpg?fit=1024%2C575&amp;ssl=1\" data-orig-size=\"1024,575\" data-comments-opened=\"1\" data-image-meta=\"{&quot;aperture&quot;:&quot;0&quot;,&quot;credit&quot;:&quot;&quot;,&quot;camera&quot;:&quot;&quot;,&quot;caption&quot;:&quot;&quot;,&quot;created_timestamp&quot;:&quot;0&quot;,&quot;copyright&quot;:&quot;&quot;,&quot;focal_length&quot;:&quot;0&quot;,&quot;iso&quot;:&quot;0&quot;,&quot;shutter_speed&quot;:&quot;0&quot;,&quot;title&quot;:&quot;&quot;}\" data-image-title=\"cano velez i\" data-image-description=\"\" data-image-caption=\"&lt;p&gt;\u00abAnte ingenieros de la UNAM destaca que el pa\u00eds no se construye cada seis a\u00f1os\u00bb&lt;\/p&gt;\n\" data-medium-file=\"https:\/\/i0.wp.com\/www.semioticafactual.com\/wp-content\/uploads\/2011\/07\/cano-velez-i.jpg?fit=300%2C168&amp;ssl=1\" data-large-file=\"https:\/\/i0.wp.com\/www.semioticafactual.com\/wp-content\/uploads\/2011\/07\/cano-velez-i.jpg?fit=800%2C449&amp;ssl=1\" tabindex=\"0\" role=\"button\" class=\"size-medium wp-image-1052\" title=\"cano velez i\" src=\"https:\/\/i0.wp.com\/www.semioticafactual.com\/wp-content\/uploads\/2011\/07\/cano-velez-i-300x168.jpg?resize=300%2C168\" alt=\"\" width=\"300\" height=\"168\" srcset=\"https:\/\/i0.wp.com\/www.semioticafactual.com\/wp-content\/uploads\/2011\/07\/cano-velez-i.jpg?resize=300%2C168&amp;ssl=1 300w, https:\/\/i0.wp.com\/www.semioticafactual.com\/wp-content\/uploads\/2011\/07\/cano-velez-i.jpg?w=1024&amp;ssl=1 1024w\" sizes=\"(max-width: 300px) 100vw, 300px\" data-recalc-dims=\"1\" \/><\/a><p id=\"caption-attachment-1052\" class=\"wp-caption-text\">&quot;Ante ingenieros de la UNAM destaca que el pa\u00eds no se construye cada seis a\u00f1os&quot;<\/p><\/div>\n<p align=\"center\"><strong>\u00a0<\/strong>Aunque el gobierno insista en reiterar que el pa\u00eds tiene rumbo y que nuestra econom\u00eda se est\u00e1 recuperando, en la realidad esto no son m\u00e1s que discursos, asegur\u00f3 el diputado Jes\u00fas Alberto Cano V\u00e9lez en el marco de una reuni\u00f3n con ingenieros de la Universidad Nacional Aut\u00f3noma de M\u00e9xico.<\/p>\n<p>\u00a0Al participar como orador principal, el legislador manifest\u00f3 su preocupaci\u00f3n por que mientras que en Am\u00e9rica Latina se han instaurado con \u00e9xito una serie de pol\u00edticas p\u00fablicas para apoyar a los sectores productivos del pa\u00eds, en M\u00e9xico no s\u00f3lo hacemos todo lo contrario, sino que importamos modelos econ\u00f3micos soslayando que las condiciones no son las mismas y desde\u00f1ando adem\u00e1s al talento nacional.<\/p>\n<p>Por ello, Cano V\u00e9lez\u00a0 asever\u00f3 que desde que asumi\u00f3 la presidencia del Colegio Nacional de Economistas, se dio a la tarea de generar un debate nacional para que el gremio que encabeza, aporte un nuevo Proyecto Nacional de Desarrollo acorde a las necesidades del pa\u00eds, en la que todos los sectores aporten ideas y experiencias, sobre todo porque \u201curge darle rumbo a M\u00e9xico, porque el pa\u00eds no se construye cada seis a\u00f1os\u201d.<\/p>\n<p>Asimismo, el legislador priista explic\u00f3 que la urgencia de generar un nuevo modelo de desarrollo responde a que en el mundo, todos discuten qu\u00e9 hacer para mejorar sus econom\u00edas, en cambio M\u00e9xico ha asumido su papel de observador a pesar de que a\u00f1o con a\u00f1o sufrimos de ca\u00eddas en nuestros niveles de competitividad; cada vez destinamos menos recursos al apoyo de los sectores productivos y generamos m\u00e1s pobres y menos empleos.<\/p>\n<p>&nbsp;<\/p>\n<p align=\"center\">\n<p>&nbsp;<\/p>\n<p>De igual forma, el diputado priista subray\u00f3 que a este escenario debemos de sumarle que a\u00f1os atr\u00e1s si bien es cierto muchos de los connacionales encontraban una soluci\u00f3n para subsistir el emigrar del pa\u00eds, estad\u00edsticas han demostrado que este fen\u00f3meno ha disminuido, situaci\u00f3n que exige una generaci\u00f3n de empleos que traiga bienestar a las familias porque de lo contrario, estaremos gestando una sociedad pobre, inconforme y hasta peligrosa.<\/p>\n<p>&nbsp;<\/p>\n<p>\u201cCada a\u00f1o, la Poblaci\u00f3n Econ\u00f3micamente Activa requiere de un mill\u00f3n de empleos que no se generan, carencia que no s\u00f3lo se refleja en el mejor de los casos en los niveles de desempleo e incremento de la informalidad, sino en que los j\u00f3venes encuentren en las filas de la delincuencia organizada opciones para sobrevivir\u201d precis\u00f3 el diputado por Sonora.<\/p>\n<p>Por ello, dijo urge que el Ejecutivo establezca pol\u00edticas encaminadas a apoyar a los sectores productivos nacionales para generar empleo y no aquellas adversas como a las que recurri\u00f3 en el 2009, cuando en el peor momento de la crisis econ\u00f3mica mundial, decidi\u00f3 eliminar aranceles fomentando la importaci\u00f3n de mercanc\u00edas de otras naciones sobre las nacionales.<\/p>\n<p>\u201cChina fue el pa\u00eds que m\u00e1s se benefici\u00f3 con esta pol\u00edtica arancelaria del Presidente Calder\u00f3n; incremento la presencia de sus productos chinos en el mercado mexicano de alrededor 1.9 por ciento, seguido de Vietnam, India y Nueva Zelanda\u201d, destac\u00f3 el legislador.<\/p>\n<p>Finalmente, subray\u00f3 que las condiciones actuales del pa\u00eds, demanda acciones precisas del Ejecutivo para darle mayor apoyo a la industria nacional sobre la extranjera, a que no politice el presupuesto cada a\u00f1o destinando cada vez m\u00e1s recursos a programas sociales por su rentabilidad electoral, finaliz\u00f3.<\/p>\n","protected":false},"excerpt":{"rendered":"<p>Explica la urgencia de darle rumbo y certidumbre a M\u00e9xico Semi\u00f2ticafactual.com \u00a0Aunque el gobierno insista en reiterar que el pa\u00eds tiene rumbo y que nuestra econom\u00eda se est\u00e1 recuperando, en la realidad esto no son m\u00e1s que discursos, asegur\u00f3 el diputado Jes\u00fas Alberto Cano V\u00e9lez en el marco de una reuni\u00f3n con ingenieros de la [&hellip;]<\/p>\n","protected":false},"author":1,"featured_media":0,"comment_status":"open","ping_status":"open","sticky":false,"template":"","format":"standard","meta":{"jetpack_post_was_ever_published":false,"_jetpack_newsletter_access":"","_jetpack_dont_email_post_to_subs":false,"_jetpack_newsletter_tier_id":0,"_jetpack_memberships_contains_paywalled_content":false,"_jetpack_memberships_contains_paid_content":false,"footnotes":"","jetpack_publicize_message":"","jetpack_publicize_feature_enabled":true,"jetpack_social_post_already_shared":false,"jetpack_social_options":{"image_generator_settings":{"template":"highway","enabled":false},"version":2}},"categories":[1,14],"tags":[],"jetpack_publicize_connections":[],"jetpack_featured_media_url":"","jetpack_shortlink":"https:\/\/wp.me\/p2mzaA-gX","jetpack_sharing_enabled":true,"jetpack_likes_enabled":true,"_links":{"self":[{"href":"https:\/\/www.semioticafactual.com\/index.php?rest_route=\/wp\/v2\/posts\/1051"}],"collection":[{"href":"https:\/\/www.semioticafactual.com\/index.php?rest_route=\/wp\/v2\/posts"}],"about":[{"href":"https:\/\/www.semioticafactual.com\/index.php?rest_route=\/wp\/v2\/types\/post"}],"author":[{"embeddable":true,"href":"https:\/\/www.semioticafactual.com\/index.php?rest_route=\/wp\/v2\/users\/1"}],"replies":[{"embeddable":true,"href":"https:\/\/www.semioticafactual.com\/index.php?rest_route=%2Fwp%2Fv2%2Fcomments&post=1051"}],"version-history":[{"count":2,"href":"https:\/\/www.semioticafactual.com\/index.php?rest_route=\/wp\/v2\/posts\/1051\/revisions"}],"predecessor-version":[{"id":1054,"href":"https:\/\/www.semioticafactual.com\/index.php?rest_route=\/wp\/v2\/posts\/1051\/revisions\/1054"}],"wp:attachment":[{"href":"https:\/\/www.semioticafactual.com\/index.php?rest_route=%2Fwp%2Fv2%2Fmedia&parent=1051"}],"wp:term":[{"taxonomy":"category","embeddable":true,"href":"https:\/\/www.semioticafactual.com\/index.php?rest_route=%2Fwp%2Fv2%2Fcategories&post=1051"},{"taxonomy":"post_tag","embeddable":true,"href":"https:\/\/www.semioticafactual.com\/index.php?rest_route=%2Fwp%2Fv2%2Ftags&post=1051"}],"curies":[{"name":"wp","href":"https:\/\/api.w.org\/{rel}","templated":true}]}}